{"id":46128,"date":"2021-04-13T01:09:06","date_gmt":"2021-04-13T01:09:06","guid":{"rendered":"https:\/\/jorgezanoni.com.br\/2019\/?p=46128"},"modified":"2021-04-13T01:09:06","modified_gmt":"2021-04-13T01:09:06","slug":"boletim-atualizado-da-covid-19-da-secretaria-municipal-de-saude-de-dracena-12-04-21","status":"publish","type":"post","link":"https:\/\/jorgezanoni.com.br\/2019\/boletim-atualizado-da-covid-19-da-secretaria-municipal-de-saude-de-dracena-12-04-21\/","title":{"rendered":"Boletim atualizado da COVID-19 da Secretaria Municipal de Sa\u00fade de Dracena 12\/04\/21"},"content":{"rendered":"<div class=\"kvgmc6g5 cxmmr5t8 oygrvhab hcukyx3x c1et5uql ii04i59q\">\n<div dir=\"auto\">BOLETIM EPIDEMIOL\u00d3GICO COVID 19<\/div>\n<div dir=\"auto\">SEGUNDA-FEIRA, 12\/04<\/div>\n<\/div>\n<div class=\"o9v6fnle cxmmr5t8 oygrvhab hcukyx3x c1et5uql ii04i59q\">\n<div dir=\"auto\">Suspeitos: 12<\/div>\n<div dir=\"auto\">Suspeitos Domiciliar: 12<\/div>\n<div dir=\"auto\">Suspeito Hospitalar: 0<\/div>\n<div dir=\"auto\">Confirmados: 4.086<\/div>\n<div dir=\"auto\">Curados: 3.850<\/div>\n<div dir=\"auto\">Isolamentos domiciliar: 48<\/div>\n<div dir=\"auto\">Tratamento Hospitalar: 6<\/div>\n<div dir=\"auto\">\u00d3bitos: 182<\/div>\n<\/div>\n<div class=\"o9v6fnle cxmmr5t8 oygrvhab hcukyx3x c1et5uql ii04i59q\">\n<div dir=\"auto\">ALERTA<\/div>\n<div dir=\"auto\">De sexta-feira para hoje s\u00e3o 10 novos casos<\/div>\n<div dir=\"auto\">De sexta-feira para hoje s\u00e3o 19 pacientes curados.<\/div>\n<div dir=\"auto\"><\/div>\n<div dir=\"auto\">Fonte: https:\/\/www.facebook.com\/prefeituradracena<\/div>\n<\/div>\n","protected":false},"excerpt":{"rendered":"<p>BOLETIM EPIDEMIOL\u00d3GICO COVID 19 SEGUNDA-FEIRA, 12\/04 Suspeitos: 12 Suspeitos Domiciliar: 12 Suspeito Hospitalar: 0 Confirmados: 4.086 Curados: 3.850 Isolamentos domiciliar: 48 Tratamento Hospitalar: 6 \u00d3bitos: 182 ALERTA De sexta-feira para hoje s\u00e3o 10 novos casos De sexta-feira para hoje s\u00e3o 19 pacientes curados. Fonte: https:\/\/www.facebook.com\/prefeituradracena<\/p>\n","protected":false},"author":1,"featured_media":46129,"comment_status":"closed","ping_status":"open","sticky":false,"template":"","format":"standard","meta":{"footnotes":""},"categories":[179,184,110],"tags":[],"class_list":["post-46128","post","type-post","status-publish","format-standard","has-post-thumbnail","hentry","category-cidadeseregiao","category-dracena","category-noticiasdestaque"],"_links":{"self":[{"href":"https:\/\/jorgezanoni.com.br\/2019\/wp-json\/wp\/v2\/posts\/46128","targetHints":{"allow":["GET"]}}],"collection":[{"href":"https:\/\/jorgezanoni.com.br\/2019\/wp-json\/wp\/v2\/posts"}],"about":[{"href":"https:\/\/jorgezanoni.com.br\/2019\/wp-json\/wp\/v2\/types\/post"}],"author":[{"embeddable":true,"href":"https:\/\/jorgezanoni.com.br\/2019\/wp-json\/wp\/v2\/users\/1"}],"replies":[{"embeddable":true,"href":"https:\/\/jorgezanoni.com.br\/2019\/wp-json\/wp\/v2\/comments?post=46128"}],"version-history":[{"count":0,"href":"https:\/\/jorgezanoni.com.br\/2019\/wp-json\/wp\/v2\/posts\/46128\/revisions"}],"wp:featuredmedia":[{"embeddable":true,"href":"https:\/\/jorgezanoni.com.br\/2019\/wp-json\/wp\/v2\/media\/46129"}],"wp:attachment":[{"href":"https:\/\/jorgezanoni.com.br\/2019\/wp-json\/wp\/v2\/media?parent=46128"}],"wp:term":[{"taxonomy":"category","embeddable":true,"href":"https:\/\/jorgezanoni.com.br\/2019\/wp-json\/wp\/v2\/categories?post=46128"},{"taxonomy":"post_tag","embeddable":true,"href":"https:\/\/jorgezanoni.com.br\/2019\/wp-json\/wp\/v2\/tags?post=46128"}],"curies":[{"name":"wp","href":"https:\/\/api.w.org\/{rel}","templated":true}]}}