{"id":46124,"date":"2021-04-13T00:50:36","date_gmt":"2021-04-13T00:50:36","guid":{"rendered":"https:\/\/jorgezanoni.com.br\/2019\/?p=46124"},"modified":"2021-04-13T00:50:36","modified_gmt":"2021-04-13T00:50:36","slug":"com-voto-de-desempate-presidente-da-camara-municipal-de-dracena-apoia-continuacao-do-pedido-de-cassacao-da-vereadora-sara-scarabelli","status":"publish","type":"post","link":"https:\/\/jorgezanoni.com.br\/2019\/com-voto-de-desempate-presidente-da-camara-municipal-de-dracena-apoia-continuacao-do-pedido-de-cassacao-da-vereadora-sara-scarabelli\/","title":{"rendered":"Com voto de desempate, presidente da C\u00e2mara Municipal de Dracena apoia continua\u00e7\u00e3o do pedido de cassa\u00e7\u00e3o da Vereadora Sara Scarabelli"},"content":{"rendered":"<p style=\"text-align: justify;\"><strong>A Vota\u00e7\u00e3o empatou em 5 x 5 e coube ao Presidente Claudinei Milan Pessoa (Mel\u00e3o) PP, votar pela continua\u00e7\u00e3o do processo.<\/strong><\/p>\n<p style=\"text-align: justify;\">Em sess\u00e3o que ocorreu de forma tranquila, mas que marca uma nova etapa na hist\u00f3ria da C\u00e2mara Municipal de Dracena, por 6 votos a 5, foi aprovado a continuidade do processo do pedido de Cassa\u00e7\u00e3o da Vereadora Sara dos Santos Scarabelli Souza (Podemos).<\/p>\n<p style=\"text-align: justify;\">Votaram pelo arquivamento do processo os vereadores: C\u00e9lio Ferregutti, Rodrigo Castilho, Victor Silva Almeida Palhares, Pedro Gon\u00e7alves Vieira (Trabuco) e Nilton Satoshi Shimodo (Japon\u00eas da Ambul\u00e2ncia).<\/p>\n<p style=\"text-align: justify;\">J\u00e1 pela continua\u00e7\u00e3o do processo votaram os vereadores: Danilo Ledo dos Santos, J\u00falio C\u00e9sar Monteira da Silva, Luis Antonio de Oliveira Cavalcante, Maria Aparecida Gasques Mateus e Sidnei da Silva Contelli.<\/p>\n<p style=\"text-align: justify;\">N\u00e3o votaram Davi Fernando da Silva e Sara dos Santos Scarabelli Souza que estavam diretamente envolvidos nos processos.<\/p>\n<p style=\"text-align: justify;\">J\u00e1 o processo contra o vereador Davi Fernando da Silva, foi pedido arquivamento por 9 votos a 1. Voto contr\u00e1rio apenas da vereadora Maria Aparecida Gasques Mateus.<\/p>\n<p style=\"text-align: justify;\">Jorge Zanoni<\/p>\n","protected":false},"excerpt":{"rendered":"<p>A Vota\u00e7\u00e3o empatou em 5 x 5 e coube ao Presidente Claudinei Milan Pessoa (Mel\u00e3o) PP, votar pela continua\u00e7\u00e3o do processo. Em sess\u00e3o que ocorreu de forma tranquila, mas que marca uma nova etapa na hist\u00f3ria da C\u00e2mara Municipal de Dracena, por 6 votos a 5, foi aprovado a continuidade do processo do pedido de [&hellip;]<\/p>\n","protected":false},"author":1,"featured_media":46125,"comment_status":"closed","ping_status":"open","sticky":false,"template":"","format":"standard","meta":{"footnotes":""},"categories":[110,116],"tags":[],"class_list":["post-46124","post","type-post","status-publish","format-standard","has-post-thumbnail","hentry","category-noticiasdestaque","category-politicaeeconomia"],"_links":{"self":[{"href":"https:\/\/jorgezanoni.com.br\/2019\/wp-json\/wp\/v2\/posts\/46124","targetHints":{"allow":["GET"]}}],"collection":[{"href":"https:\/\/jorgezanoni.com.br\/2019\/wp-json\/wp\/v2\/posts"}],"about":[{"href":"https:\/\/jorgezanoni.com.br\/2019\/wp-json\/wp\/v2\/types\/post"}],"author":[{"embeddable":true,"href":"https:\/\/jorgezanoni.com.br\/2019\/wp-json\/wp\/v2\/users\/1"}],"replies":[{"embeddable":true,"href":"https:\/\/jorgezanoni.com.br\/2019\/wp-json\/wp\/v2\/comments?post=46124"}],"version-history":[{"count":0,"href":"https:\/\/jorgezanoni.com.br\/2019\/wp-json\/wp\/v2\/posts\/46124\/revisions"}],"wp:featuredmedia":[{"embeddable":true,"href":"https:\/\/jorgezanoni.com.br\/2019\/wp-json\/wp\/v2\/media\/46125"}],"wp:attachment":[{"href":"https:\/\/jorgezanoni.com.br\/2019\/wp-json\/wp\/v2\/media?parent=46124"}],"wp:term":[{"taxonomy":"category","embeddable":true,"href":"https:\/\/jorgezanoni.com.br\/2019\/wp-json\/wp\/v2\/categories?post=46124"},{"taxonomy":"post_tag","embeddable":true,"href":"https:\/\/jorgezanoni.com.br\/2019\/wp-json\/wp\/v2\/tags?post=46124"}],"curies":[{"name":"wp","href":"https:\/\/api.w.org\/{rel}","templated":true}]}}