{"id":46117,"date":"2021-04-12T18:05:44","date_gmt":"2021-04-12T18:05:44","guid":{"rendered":"https:\/\/jorgezanoni.com.br\/2019\/?p=46117"},"modified":"2021-04-12T18:05:44","modified_gmt":"2021-04-12T18:05:44","slug":"jovem-e-agarrada-pelo-pescoco-e-estuprada-em-plena-via-publica-em-lucelia","status":"publish","type":"post","link":"https:\/\/jorgezanoni.com.br\/2019\/jovem-e-agarrada-pelo-pescoco-e-estuprada-em-plena-via-publica-em-lucelia\/","title":{"rendered":"Jovem \u00e9 agarrada pelo pesco\u00e7o e estuprada em plena via p\u00fablica em Luc\u00e9lia"},"content":{"rendered":"<h2 class=\"content-head__subtitle\" style=\"text-align: justify;\"><strong>Criminoso aproveitou-se da escurid\u00e3o provocada por copas de \u00e1rvores e obrigou a v\u00edtima a manter rela\u00e7\u00f5es sexuais com ele.<\/strong><\/h2>\n<div class=\"mc-column content-text active-extra-styles active-capital-letter\" data-block-type=\"unstyled\" data-block-weight=\"20\" data-block-id=\"1\">\n<p class=\"content-text__container theme-color-primary-first-letter\" style=\"text-align: justify;\" data-track-category=\"Link no Texto\" data-track-links=\"\">Uma jovem de 20 anos foi estuprada na noite deste domingo (11), quando voltava para sua resid\u00eancia, em\u00a0<a href=\"https:\/\/g1.globo.com\/sp\/presidente-prudente-regiao\/cidade\/lucelia\/\">Luc\u00e9lia (SP)<\/a>.<\/p>\n<\/div>\n<div class=\"wall protected-content\">\n<div class=\"mc-column content-text active-extra-styles \" style=\"text-align: justify;\" data-block-type=\"unstyled\" data-block-weight=\"39\" data-block-id=\"2\">\n<p class=\"content-text__container \" data-track-category=\"Link no Texto\" data-track-links=\"\">De acordo com as informa\u00e7\u00f5es do Boletim de Ocorr\u00eancia registrado na Pol\u00edcia Civil, a v\u00edtima contou que retornava de uma viagem \u00e0 cidade de Tup\u00e3 (SP) e que havia desembarcado no Terminal Rodovi\u00e1rio de Luc\u00e9lia por volta das 23h.<\/p>\n<\/div>\n<div class=\"mc-column content-text active-extra-styles \" style=\"text-align: justify;\" data-block-type=\"unstyled\" data-block-weight=\"48\" data-block-id=\"3\">\n<p class=\"content-text__container \" data-track-category=\"Link no Texto\" data-track-links=\"\">No trajeto at\u00e9 sua resid\u00eancia, ao passar pela Avenida Brasil, a v\u00edtima foi abordada por um homem desconhecido, que a agarrou pelo pesco\u00e7o, atravessou a via e, aproveitando-se da escurid\u00e3o provocada por copas de \u00e1rvores, a obrigou a manter rela\u00e7\u00f5es sexuais com ele, segundo o Boletim de Ocorr\u00eancia.<\/p>\n<\/div>\n<div class=\"mc-column content-text active-extra-styles \" style=\"text-align: justify;\" data-block-type=\"unstyled\" data-block-weight=\"23\" data-block-id=\"4\">\n<p class=\"content-text__container \" data-track-category=\"Link no Texto\" data-track-links=\"\">Pouco depois, ainda segundo o registro feito na Delegacia da Pol\u00edcia Civil, o estuprador soltou a v\u00edtima, que saiu em disparada do local.<\/p>\n<\/div>\n<div class=\"mc-column content-text active-extra-styles \" style=\"text-align: justify;\" data-block-type=\"unstyled\" data-block-weight=\"42\" data-block-id=\"5\">\n<p class=\"content-text__container \" data-track-category=\"Link no Texto\" data-track-links=\"\">A jovem n\u00e3o conseguiu observar outras caracter\u00edsticas do estuprador, como as roupas que ele vestia, a cor da pele ou o tipo do cabelo, exceto de que se tratava de um homem com complei\u00e7\u00e3o f\u00edsica forte e aproximadamente 1,80 metro de altura.<\/p>\n<\/div>\n<div class=\"mc-column content-text active-extra-styles \" style=\"text-align: justify;\" data-block-type=\"unstyled\" data-block-weight=\"11\" data-block-id=\"6\">\n<p class=\"content-text__container \" data-track-category=\"Link no Texto\" data-track-links=\"\">J\u00e1 em sua casa, a v\u00edtima conseguiu acionar a Pol\u00edcia Militar.<\/p>\n<\/div>\n<div class=\"mc-column content-text active-extra-styles \" style=\"text-align: justify;\" data-block-type=\"unstyled\" data-block-weight=\"20\" data-block-id=\"7\">\n<p class=\"content-text__container \" data-track-category=\"Link no Texto\" data-track-links=\"\">Na companhia da jovem, os militares fizeram buscas pela cidade, mas n\u00e3o chegaram a encontrar nem a identificar o estuprador.<\/p>\n<\/div>\n<div class=\"mc-column content-text active-extra-styles \" style=\"text-align: justify;\" data-block-type=\"unstyled\" data-block-weight=\"22\" data-block-id=\"8\">\n<p class=\"content-text__container \" data-track-category=\"Link no Texto\" data-track-links=\"\">A v\u00edtima apresentava sinais de hematomas nos bra\u00e7os e ser\u00e1 submetida \u00e0 per\u00edcia m\u00e9dica no Instituto M\u00e9dico Legal (IML), em Adamantina (SP).<\/p>\n<\/div>\n<div class=\"mc-column content-text active-extra-styles \" data-block-type=\"unstyled\" data-block-weight=\"7\" data-block-id=\"9\">\n<p class=\"content-text__container \" style=\"text-align: justify;\" data-track-category=\"Link no Texto\" data-track-links=\"\">O caso \u00e9 investigado pela Pol\u00edcia Civil.<\/p>\n<p style=\"text-align: justify;\" data-track-category=\"Link no Texto\" data-track-links=\"\">Fonte: G1<\/p>\n<p style=\"text-align: justify;\" data-track-category=\"Link no Texto\" data-track-links=\"\">Imagem Ilustrativa<\/p>\n<\/div>\n<\/div>\n","protected":false},"excerpt":{"rendered":"<p>Criminoso aproveitou-se da escurid\u00e3o provocada por copas de \u00e1rvores e obrigou a v\u00edtima a manter rela\u00e7\u00f5es sexuais com ele. Uma jovem de 20 anos foi estuprada na noite deste domingo (11), quando voltava para sua resid\u00eancia, em\u00a0Luc\u00e9lia (SP). De acordo com as informa\u00e7\u00f5es do Boletim de Ocorr\u00eancia registrado na Pol\u00edcia Civil, a v\u00edtima contou que [&hellip;]<\/p>\n","protected":false},"author":1,"featured_media":46118,"comment_status":"closed","ping_status":"open","sticky":false,"template":"","format":"standard","meta":{"footnotes":""},"categories":[110,2],"tags":[],"class_list":["post-46117","post","type-post","status-publish","format-standard","has-post-thumbnail","hentry","category-noticiasdestaque","category-policial"],"_links":{"self":[{"href":"https:\/\/jorgezanoni.com.br\/2019\/wp-json\/wp\/v2\/posts\/46117","targetHints":{"allow":["GET"]}}],"collection":[{"href":"https:\/\/jorgezanoni.com.br\/2019\/wp-json\/wp\/v2\/posts"}],"about":[{"href":"https:\/\/jorgezanoni.com.br\/2019\/wp-json\/wp\/v2\/types\/post"}],"author":[{"embeddable":true,"href":"https:\/\/jorgezanoni.com.br\/2019\/wp-json\/wp\/v2\/users\/1"}],"replies":[{"embeddable":true,"href":"https:\/\/jorgezanoni.com.br\/2019\/wp-json\/wp\/v2\/comments?post=46117"}],"version-history":[{"count":0,"href":"https:\/\/jorgezanoni.com.br\/2019\/wp-json\/wp\/v2\/posts\/46117\/revisions"}],"wp:featuredmedia":[{"embeddable":true,"href":"https:\/\/jorgezanoni.com.br\/2019\/wp-json\/wp\/v2\/media\/46118"}],"wp:attachment":[{"href":"https:\/\/jorgezanoni.com.br\/2019\/wp-json\/wp\/v2\/media?parent=46117"}],"wp:term":[{"taxonomy":"category","embeddable":true,"href":"https:\/\/jorgezanoni.com.br\/2019\/wp-json\/wp\/v2\/categories?post=46117"},{"taxonomy":"post_tag","embeddable":true,"href":"https:\/\/jorgezanoni.com.br\/2019\/wp-json\/wp\/v2\/tags?post=46117"}],"curies":[{"name":"wp","href":"https:\/\/api.w.org\/{rel}","templated":true}]}}