{"id":4611,"date":"2019-08-24T01:14:52","date_gmt":"2019-08-24T01:14:52","guid":{"rendered":"https:\/\/jorgezanoni.com.br\/2019\/?p=4611"},"modified":"2019-08-24T01:14:52","modified_gmt":"2019-08-24T01:14:52","slug":"acidente-mata-medica-de-26-anos-a-caminho-do-trabalho-em-rodovia","status":"publish","type":"post","link":"https:\/\/jorgezanoni.com.br\/2019\/acidente-mata-medica-de-26-anos-a-caminho-do-trabalho-em-rodovia\/","title":{"rendered":"Acidente mata m\u00e9dica de 26 anos a caminho do trabalho em rodovia"},"content":{"rendered":"<div class=\"title\">\n<h1 class=\"content-head__title\" style=\"text-align: justify;\">Acidente mata m\u00e9dica de 26 anos a caminho do trabalho em rodovia de Populina.<\/h1>\n<\/div>\n<div class=\"medium-centered subtitle\">\n<h2 class=\"content-head__subtitle\" style=\"text-align: justify;\">Bombeiros foram chamados e tentaram reanimar a v\u00edtima, mas ela n\u00e3o resistiu. Tr\u00e2nsito no trecho n\u00e3o precisou ser interditado.<\/h2>\n<div class=\"mc-column content-text active-extra-styles \" data-block-type=\"unstyled\" data-block-weight=\"24\" data-block-id=\"2\">\n<p class=\"content-text__container \" style=\"text-align: justify;\" data-track-category=\"Link no Texto\" data-track-links=\"\">Uma m\u00e9dica de 26 anos morreu ap\u00f3s capotar o carro que dirigia na rodovia Doutor Leo Luchesi, em Populina (SP), nesta sexta-feira (23).<\/p>\n<\/div>\n<div class=\"wall protected-content\">\n<div class=\"mc-column content-text active-extra-styles \" style=\"text-align: justify;\" data-block-type=\"unstyled\" data-block-weight=\"34\" data-block-id=\"3\">\n<p class=\"content-text__container \" data-track-category=\"Link no Texto\" data-track-links=\"\">De acordo com a Pol\u00edcia Militar Rodovi\u00e1ria, Gabriela Salles Caricati estava a caminho da Santa Casa, local onde trabalhava, quando perdeu o controle da dire\u00e7\u00e3o e o ve\u00edculo capotou at\u00e9 parar no acostamento.<\/p>\n<\/div>\n<div class=\"mc-column content-text active-extra-styles \" data-block-type=\"unstyled\" data-block-weight=\"39\" data-block-id=\"4\">\n<p class=\"content-text__container \" style=\"text-align: justify;\" data-track-category=\"Link no Texto\" data-track-links=\"\">Motoristas que passaram pela rodovia viram o ve\u00edculo e acionaram o resgate. O Corpo de Bombeiros foi at\u00e9 o local, retirou a v\u00edtima das ferragens e realizou procedimentos de reanima\u00e7\u00e3o. Contudo, ela n\u00e3o resistiu aos ferimentos e morreu.<\/p>\n<p style=\"text-align: justify;\" data-track-category=\"Link no Texto\" data-track-links=\"\">Ainda segundo a corpora\u00e7\u00e3o, o tr\u00e2nsito no trecho n\u00e3o precisou ser interditado. As causas do capotamento ser\u00e3o investigadas pela Pol\u00edcia Civil.<\/p>\n<div class=\"mc-column content-text active-extra-styles \" style=\"text-align: justify;\" data-block-type=\"unstyled\" data-block-weight=\"33\" data-block-id=\"8\">\n<p class=\"content-text__container \" data-track-category=\"Link no Texto\" data-track-links=\"\">O corpo da v\u00edtima foi levado ao Instituto M\u00e9dico Legal (IML) de Fernand\u00f3polis (SP). O vel\u00f3rio e o enterro dela ser\u00e3o feitos no cemit\u00e9rio de Bauru (SP), cidade onde a fam\u00edlia mora.<\/p>\n<\/div>\n<div class=\"mc-column content-text active-extra-styles \" data-block-type=\"unstyled\" data-block-weight=\"24\" data-block-id=\"9\">\n<p class=\"content-text__container \" style=\"text-align: justify;\" data-track-category=\"Link no Texto\" data-track-links=\"\">O prefeito Adauto Severo Jo\u00e3o Cesar (PPS) publicou nas redes sociais lamentando a morte da m\u00e9dica e informou que decretou luto nesta sexta-feira (23).<\/p>\n<p data-track-category=\"Link no Texto\" data-track-links=\"\"><img loading=\"lazy\" decoding=\"async\" class=\"alignnone size-full wp-image-4612\" src=\"https:\/\/jorgezanoni.com.br\/2019\/wp-content\/uploads\/2019\/08\/medica1.jpg\" alt=\"\" width=\"1000\" height=\"526\" srcset=\"https:\/\/jorgezanoni.com.br\/2019\/wp-content\/uploads\/2019\/08\/medica1.jpg 1000w, https:\/\/jorgezanoni.com.br\/2019\/wp-content\/uploads\/2019\/08\/medica1-300x158.jpg 300w, https:\/\/jorgezanoni.com.br\/2019\/wp-content\/uploads\/2019\/08\/medica1-768x404.jpg 768w, https:\/\/jorgezanoni.com.br\/2019\/wp-content\/uploads\/2019\/08\/medica1-696x366.jpg 696w, https:\/\/jorgezanoni.com.br\/2019\/wp-content\/uploads\/2019\/08\/medica1-798x420.jpg 798w\" sizes=\"auto, (max-width: 1000px) 100vw, 1000px\" \/><\/p>\n<p data-track-category=\"Link no Texto\" data-track-links=\"\">Fonte: G1<\/p>\n<\/div>\n<\/div>\n<\/div>\n<\/div>\n","protected":false},"excerpt":{"rendered":"<p>Acidente mata m\u00e9dica de 26 anos a caminho do trabalho em rodovia de Populina. Bombeiros foram chamados e tentaram reanimar a v\u00edtima, mas ela n\u00e3o resistiu. Tr\u00e2nsito no trecho n\u00e3o precisou ser interditado. Uma m\u00e9dica de 26 anos morreu ap\u00f3s capotar o carro que dirigia na rodovia Doutor Leo Luchesi, em Populina (SP), nesta sexta-feira [&hellip;]<\/p>\n","protected":false},"author":1,"featured_media":4613,"comment_status":"closed","ping_status":"open","sticky":false,"template":"","format":"standard","meta":{"footnotes":""},"categories":[170,110],"tags":[],"class_list":["post-4611","post","type-post","status-publish","format-standard","has-post-thumbnail","hentry","category-acidentes","category-noticiasdestaque"],"_links":{"self":[{"href":"https:\/\/jorgezanoni.com.br\/2019\/wp-json\/wp\/v2\/posts\/4611","targetHints":{"allow":["GET"]}}],"collection":[{"href":"https:\/\/jorgezanoni.com.br\/2019\/wp-json\/wp\/v2\/posts"}],"about":[{"href":"https:\/\/jorgezanoni.com.br\/2019\/wp-json\/wp\/v2\/types\/post"}],"author":[{"embeddable":true,"href":"https:\/\/jorgezanoni.com.br\/2019\/wp-json\/wp\/v2\/users\/1"}],"replies":[{"embeddable":true,"href":"https:\/\/jorgezanoni.com.br\/2019\/wp-json\/wp\/v2\/comments?post=4611"}],"version-history":[{"count":0,"href":"https:\/\/jorgezanoni.com.br\/2019\/wp-json\/wp\/v2\/posts\/4611\/revisions"}],"wp:featuredmedia":[{"embeddable":true,"href":"https:\/\/jorgezanoni.com.br\/2019\/wp-json\/wp\/v2\/media\/4613"}],"wp:attachment":[{"href":"https:\/\/jorgezanoni.com.br\/2019\/wp-json\/wp\/v2\/media?parent=4611"}],"wp:term":[{"taxonomy":"category","embeddable":true,"href":"https:\/\/jorgezanoni.com.br\/2019\/wp-json\/wp\/v2\/categories?post=4611"},{"taxonomy":"post_tag","embeddable":true,"href":"https:\/\/jorgezanoni.com.br\/2019\/wp-json\/wp\/v2\/tags?post=4611"}],"curies":[{"name":"wp","href":"https:\/\/api.w.org\/{rel}","templated":true}]}}