{"id":46098,"date":"2021-04-12T14:48:26","date_gmt":"2021-04-12T14:48:26","guid":{"rendered":"https:\/\/jorgezanoni.com.br\/2019\/?p=46098"},"modified":"2021-04-12T14:48:26","modified_gmt":"2021-04-12T14:48:26","slug":"morre-anelice-rosa-esposa-do-valderi-parussolo","status":"publish","type":"post","link":"https:\/\/jorgezanoni.com.br\/2019\/morre-anelice-rosa-esposa-do-valderi-parussolo\/","title":{"rendered":"Morre Anelice Rosa, esposa do Valderi Par\u00fassolo"},"content":{"rendered":"<p style=\"text-align: justify;\">Comunicamos com pesar o falecimento da senhora Anelice Rosa Par\u00fassolo de 68 anos. bastante conhecida na comunidade de Dracena.<\/p>\n<p style=\"text-align: justify;\">Deixa o esposo Valderi Antonio Parussolo. \u00c9 filha do sr. Lauro Bergamine Rosa e Dalgiza Macorin Rosa.<\/p>\n<p style=\"text-align: justify;\">Anelice estava internada em tratamento de Covid, em hospital do Mato Grosso do Sul. A fam\u00edlia tem propriedade rural em Brasil\u00e2ndia. Sepultamento foi nesta segunda-feira pela manh\u00e3 em Dracena.<\/p>\n<p><img loading=\"lazy\" decoding=\"async\" class=\"alignnone size-full wp-image-46100\" src=\"https:\/\/jorgezanoni.com.br\/2019\/wp-content\/uploads\/2021\/04\/Anelice1.jpg\" alt=\"\" width=\"1424\" height=\"1440\" srcset=\"https:\/\/jorgezanoni.com.br\/2019\/wp-content\/uploads\/2021\/04\/Anelice1.jpg 1424w, https:\/\/jorgezanoni.com.br\/2019\/wp-content\/uploads\/2021\/04\/Anelice1-297x300.jpg 297w, https:\/\/jorgezanoni.com.br\/2019\/wp-content\/uploads\/2021\/04\/Anelice1-1013x1024.jpg 1013w, https:\/\/jorgezanoni.com.br\/2019\/wp-content\/uploads\/2021\/04\/Anelice1-768x777.jpg 768w, https:\/\/jorgezanoni.com.br\/2019\/wp-content\/uploads\/2021\/04\/Anelice1-696x704.jpg 696w, https:\/\/jorgezanoni.com.br\/2019\/wp-content\/uploads\/2021\/04\/Anelice1-1068x1080.jpg 1068w, https:\/\/jorgezanoni.com.br\/2019\/wp-content\/uploads\/2021\/04\/Anelice1-415x420.jpg 415w\" sizes=\"auto, (max-width: 1424px) 100vw, 1424px\" \/><\/p>\n<div class=\"kvgmc6g5 cxmmr5t8 oygrvhab hcukyx3x c1et5uql ii04i59q\"><\/div>\n<div class=\"o9v6fnle cxmmr5t8 oygrvhab hcukyx3x c1et5uql ii04i59q\">\n<div dir=\"auto\"><\/div>\n<\/div>\n<div class=\"o9v6fnle cxmmr5t8 oygrvhab hcukyx3x c1et5uql ii04i59q\">\n<div dir=\"auto\"><\/div>\n<\/div>\n","protected":false},"excerpt":{"rendered":"<p>Comunicamos com pesar o falecimento da senhora Anelice Rosa Par\u00fassolo de 68 anos. bastante conhecida na comunidade de Dracena. Deixa o esposo Valderi Antonio Parussolo. \u00c9 filha do sr. Lauro Bergamine Rosa e Dalgiza Macorin Rosa. Anelice estava internada em tratamento de Covid, em hospital do Mato Grosso do Sul. A fam\u00edlia tem propriedade rural [&hellip;]<\/p>\n","protected":false},"author":1,"featured_media":46099,"comment_status":"closed","ping_status":"open","sticky":false,"template":"","format":"standard","meta":{"footnotes":""},"categories":[178,110],"tags":[],"class_list":["post-46098","post","type-post","status-publish","format-standard","has-post-thumbnail","hentry","category-notadefalecimento","category-noticiasdestaque"],"_links":{"self":[{"href":"https:\/\/jorgezanoni.com.br\/2019\/wp-json\/wp\/v2\/posts\/46098","targetHints":{"allow":["GET"]}}],"collection":[{"href":"https:\/\/jorgezanoni.com.br\/2019\/wp-json\/wp\/v2\/posts"}],"about":[{"href":"https:\/\/jorgezanoni.com.br\/2019\/wp-json\/wp\/v2\/types\/post"}],"author":[{"embeddable":true,"href":"https:\/\/jorgezanoni.com.br\/2019\/wp-json\/wp\/v2\/users\/1"}],"replies":[{"embeddable":true,"href":"https:\/\/jorgezanoni.com.br\/2019\/wp-json\/wp\/v2\/comments?post=46098"}],"version-history":[{"count":0,"href":"https:\/\/jorgezanoni.com.br\/2019\/wp-json\/wp\/v2\/posts\/46098\/revisions"}],"wp:featuredmedia":[{"embeddable":true,"href":"https:\/\/jorgezanoni.com.br\/2019\/wp-json\/wp\/v2\/media\/46099"}],"wp:attachment":[{"href":"https:\/\/jorgezanoni.com.br\/2019\/wp-json\/wp\/v2\/media?parent=46098"}],"wp:term":[{"taxonomy":"category","embeddable":true,"href":"https:\/\/jorgezanoni.com.br\/2019\/wp-json\/wp\/v2\/categories?post=46098"},{"taxonomy":"post_tag","embeddable":true,"href":"https:\/\/jorgezanoni.com.br\/2019\/wp-json\/wp\/v2\/tags?post=46098"}],"curies":[{"name":"wp","href":"https:\/\/api.w.org\/{rel}","templated":true}]}}