{"id":46048,"date":"2021-04-11T21:11:59","date_gmt":"2021-04-11T21:11:59","guid":{"rendered":"https:\/\/jorgezanoni.com.br\/2019\/?p=46048"},"modified":"2021-04-11T21:11:59","modified_gmt":"2021-04-11T21:11:59","slug":"morre-o-professor-paley-foi-um-apaixonado-por-esportes","status":"publish","type":"post","link":"https:\/\/jorgezanoni.com.br\/2019\/morre-o-professor-paley-foi-um-apaixonado-por-esportes\/","title":{"rendered":"Morre o Professor Paley, foi um apaixonado por esportes"},"content":{"rendered":"<h2 style=\"text-align: justify;\"><strong>Ap\u00f3s deixar o Estado, Paley dedicou-se aos jogos de t\u00eanis e ao plantio de \u00e1rvores no Parque do Povo; faleceu de c\u00e2ncer, aos 84 anos.<\/strong><\/h2>\n<div class=\"box-leganda-fotos\" style=\"text-align: justify;\"><strong>Paley plantou mais de 100 \u00e1rvores no Parque do Povo em Presidente Prudente.<\/strong><\/div>\n<p style=\"text-align: justify;\">\n<p style=\"text-align: justify;\">A paix\u00e3o pelos esportes o levou a cursar a Faculdade de Educa\u00e7\u00e3o F\u00edsica, e dedicar-se ao Magist\u00e9rio, como professor dessa \u00e1rea\u00a0na rede p\u00fablica\u00a0estadual.<\/p>\n<p style=\"text-align: justify;\">Casou-se\u00a0com d. Ign\u00e1cia\u00a0Maria\u00a0Junqueira de Mello Paley, com quem teve tr\u00eas filhos, Sacha, Alex e Igor. Paley foi professor de Educa\u00e7\u00e3o F\u00edsica em\u00a0escolas p\u00fablicas\u00a0de\u00a0\u00a0Oswaldo Cruz,\u00a0Dracena e Presidente Prudente.<\/p>\n<p style=\"text-align: justify;\">No in\u00edcio dos anos 80, o casal mudou-se para Presidente Prudente. Al\u00e9m do magist\u00e9rio, Paley destacou-se como integrante dos comit\u00eas organizadores dos Jogos Regionais e Jogos Abertos do Interior. Foi \u00e1rbitro oficial de v\u00e1rias modalidades esportivas. Apaixonado pelo t\u00eanis, jogava diariamente no T\u00eanis Clube de Presidente Prudente. Foi durante muitos anos o atleta mais longevo nas quadras do TCPP.<\/p>\n<p style=\"text-align: justify;\">Definido pelo filho Alex como \u201chomem de personalidade forte, mas muito amoroso\u201d. Paley teve duas grandes tristezas na vida, a morte do filho Sacha, de acidente de carro aos 18 anos, na \u00e9poca em que o rapaz cursava\u00a0agronomia em Esp\u00edrito Santo do Pinhal, em 1986, e da grande companheira, vitima de c\u00e2ncer, em 2012.<\/p>\n<p style=\"text-align: justify;\">Professor Paley sobreviveu a duas duas terr\u00edveis perdas, como a do filho e da esposa, mas n\u00e3o se entregou. Viveu intensamente o tempo que restou,\u00a0fazendo tudo que gostava com devo\u00e7\u00e3o, coisas simples como a dedica\u00e7\u00e3o \u00e0 jardinagem,\u00a0conviver com os netos, ajudar o filho Alex no restaurante Tio Vav\u00e1, jogar t\u00eanis (diariamente, no T\u00eanis Clube &#8211; lugar que amava frequentar). Durante 10 anos cuidou da arboriza\u00e7\u00e3o do Parque do Povo. Passava de uma a duas horas cuidando das mudas que caprichosamente plantava no local. Foram mais de 100 mudas de palmeiras imperiais e jeriv\u00e1s. Nem todas vingaram. Paley teve que replantar outras 100 \u00e1rvores arrancadas por v\u00e2ndalos. \u201cO Parque do Povo seria um bosque florido\u00a0e muito mais\u00a0arborizado, se n\u00e3o fosse o vandalismo\u201d, declarou em entrevista \u00e0 coluna Sinomar em 2017.<\/p>\n<p style=\"text-align: justify;\">Professor Estev\u00e3o Paley faleceu no final da tarde de s\u00e1bado (10\/04), vitima de um c\u00e2ncer agressivo, que em poucos meses o tirou do conv\u00edvio da fam\u00edlia. O vel\u00f3rio ocorreu a partir das 10 horas e o sepultamento aconteceu \u00e0s 14 horas no cemit\u00e9rio S\u00e3o Jo\u00e3o Batista.<\/p>\n<p style=\"text-align: justify;\">O filho\u00a0Igor n\u00e3o poder\u00e1 comparecer \u00e0 despedida do pai, pois \u00e9 diretor do Wal Mart e encontra-se atualmente trabalhando nos Estados Unidos.<\/p>\n<p style=\"text-align: justify;\">Sinomar Calmona<\/p>\n<p style=\"text-align: justify;\">Fonte: https:\/\/www.imparcial.com.br\/noticias\/professor-paley-foi-um-apaixonado-por-esportes,42928<\/p>\n","protected":false},"excerpt":{"rendered":"<p>Ap\u00f3s deixar o Estado, Paley dedicou-se aos jogos de t\u00eanis e ao plantio de \u00e1rvores no Parque do Povo; faleceu de c\u00e2ncer, aos 84 anos. Paley plantou mais de 100 \u00e1rvores no Parque do Povo em Presidente Prudente. A paix\u00e3o pelos esportes o levou a cursar a Faculdade de Educa\u00e7\u00e3o F\u00edsica, e dedicar-se ao Magist\u00e9rio, [&hellip;]<\/p>\n","protected":false},"author":1,"featured_media":46049,"comment_status":"closed","ping_status":"open","sticky":false,"template":"","format":"standard","meta":{"footnotes":""},"categories":[178,110],"tags":[],"class_list":["post-46048","post","type-post","status-publish","format-standard","has-post-thumbnail","hentry","category-notadefalecimento","category-noticiasdestaque"],"_links":{"self":[{"href":"https:\/\/jorgezanoni.com.br\/2019\/wp-json\/wp\/v2\/posts\/46048","targetHints":{"allow":["GET"]}}],"collection":[{"href":"https:\/\/jorgezanoni.com.br\/2019\/wp-json\/wp\/v2\/posts"}],"about":[{"href":"https:\/\/jorgezanoni.com.br\/2019\/wp-json\/wp\/v2\/types\/post"}],"author":[{"embeddable":true,"href":"https:\/\/jorgezanoni.com.br\/2019\/wp-json\/wp\/v2\/users\/1"}],"replies":[{"embeddable":true,"href":"https:\/\/jorgezanoni.com.br\/2019\/wp-json\/wp\/v2\/comments?post=46048"}],"version-history":[{"count":0,"href":"https:\/\/jorgezanoni.com.br\/2019\/wp-json\/wp\/v2\/posts\/46048\/revisions"}],"wp:featuredmedia":[{"embeddable":true,"href":"https:\/\/jorgezanoni.com.br\/2019\/wp-json\/wp\/v2\/media\/46049"}],"wp:attachment":[{"href":"https:\/\/jorgezanoni.com.br\/2019\/wp-json\/wp\/v2\/media?parent=46048"}],"wp:term":[{"taxonomy":"category","embeddable":true,"href":"https:\/\/jorgezanoni.com.br\/2019\/wp-json\/wp\/v2\/categories?post=46048"},{"taxonomy":"post_tag","embeddable":true,"href":"https:\/\/jorgezanoni.com.br\/2019\/wp-json\/wp\/v2\/tags?post=46048"}],"curies":[{"name":"wp","href":"https:\/\/api.w.org\/{rel}","templated":true}]}}