{"id":4603,"date":"2019-08-24T00:39:41","date_gmt":"2019-08-24T00:39:41","guid":{"rendered":"https:\/\/jorgezanoni.com.br\/2019\/?p=4603"},"modified":"2019-08-24T00:39:41","modified_gmt":"2019-08-24T00:39:41","slug":"homem-em-charrete-morre-apos-acidente-com-caminhonete-em-vicinal-de-bastos","status":"publish","type":"post","link":"https:\/\/jorgezanoni.com.br\/2019\/homem-em-charrete-morre-apos-acidente-com-caminhonete-em-vicinal-de-bastos\/","title":{"rendered":"Homem em charrete morre ap\u00f3s acidente com caminhonete em vicinal de Bastos"},"content":{"rendered":"<h2 class=\"content-head__subtitle\" style=\"text-align: justify;\"><strong>Segundo a Pol\u00edcia Militar, caminhonete trafegava na estrada que liga a cidade a Tup\u00e3 (SP), quando atingiu a traseira da charrete, que ficou destru\u00edda. V\u00edtima morreu no local do acidente.<\/strong><\/h2>\n<p><img loading=\"lazy\" decoding=\"async\" class=\"alignnone size-full wp-image-4604\" src=\"https:\/\/jorgezanoni.com.br\/2019\/wp-content\/uploads\/2019\/08\/charrete1.jpg\" alt=\"\" width=\"1000\" height=\"619\" srcset=\"https:\/\/jorgezanoni.com.br\/2019\/wp-content\/uploads\/2019\/08\/charrete1.jpg 1000w, https:\/\/jorgezanoni.com.br\/2019\/wp-content\/uploads\/2019\/08\/charrete1-300x186.jpg 300w, https:\/\/jorgezanoni.com.br\/2019\/wp-content\/uploads\/2019\/08\/charrete1-768x475.jpg 768w, https:\/\/jorgezanoni.com.br\/2019\/wp-content\/uploads\/2019\/08\/charrete1-356x220.jpg 356w, https:\/\/jorgezanoni.com.br\/2019\/wp-content\/uploads\/2019\/08\/charrete1-696x431.jpg 696w, https:\/\/jorgezanoni.com.br\/2019\/wp-content\/uploads\/2019\/08\/charrete1-679x420.jpg 679w\" sizes=\"auto, (max-width: 1000px) 100vw, 1000px\" \/><\/p>\n<div class=\"mc-column content-text active-extra-styles \" data-block-type=\"unstyled\" data-block-weight=\"26\" data-block-id=\"2\">\n<p class=\"content-text__container \" data-track-category=\"Link no Texto\" data-track-links=\"\">Um homem que estava conduzindo uma charrete morreu nesta sexta-feira (23) ap\u00f3s um acidente com uma caminhonete na estrada vicinal que liga Bastos a Tup\u00e3 (SP).<\/p>\n<\/div>\n<div class=\"wall protected-content\">\n<div class=\"mc-column content-text active-extra-styles \" data-block-type=\"unstyled\" data-block-weight=\"21\" data-block-id=\"3\">\n<p class=\"content-text__container \" data-track-category=\"Link no Texto\" data-track-links=\"\">Segundo informa\u00e7\u00f5es da Pol\u00edcia Militar, o motorista da caminhonete teria batido na traseira da charrete, que capotou e ficou totalmente destru\u00edda.<\/p>\n<p data-track-category=\"Link no Texto\" data-track-links=\"\"><img loading=\"lazy\" decoding=\"async\" class=\"alignnone size-full wp-image-4605\" src=\"https:\/\/jorgezanoni.com.br\/2019\/wp-content\/uploads\/2019\/08\/charrete2.jpg\" alt=\"\" width=\"1000\" height=\"597\" srcset=\"https:\/\/jorgezanoni.com.br\/2019\/wp-content\/uploads\/2019\/08\/charrete2.jpg 1000w, https:\/\/jorgezanoni.com.br\/2019\/wp-content\/uploads\/2019\/08\/charrete2-300x179.jpg 300w, https:\/\/jorgezanoni.com.br\/2019\/wp-content\/uploads\/2019\/08\/charrete2-768x458.jpg 768w, https:\/\/jorgezanoni.com.br\/2019\/wp-content\/uploads\/2019\/08\/charrete2-696x416.jpg 696w, https:\/\/jorgezanoni.com.br\/2019\/wp-content\/uploads\/2019\/08\/charrete2-704x420.jpg 704w\" sizes=\"auto, (max-width: 1000px) 100vw, 1000px\" \/><\/p>\n<\/div>\n<div class=\"mc-column content-text active-extra-styles \" data-block-type=\"unstyled\" data-block-weight=\"30\" data-block-id=\"4\">\n<p class=\"content-text__container \" data-track-category=\"Link no Texto\" data-track-links=\"\">A caminhonete ainda bateu em uma \u00e1rvore ao lado da vicinal. O homem que conduzia a charrete morreu no local da batida. A PM n\u00e3o informou a idade da v\u00edtima.<\/p>\n<p data-track-category=\"Link no Texto\" data-track-links=\"\">Fonte: G1<\/p>\n<\/div>\n<\/div>\n<p>&nbsp;<\/p>\n","protected":false},"excerpt":{"rendered":"<p>Segundo a Pol\u00edcia Militar, caminhonete trafegava na estrada que liga a cidade a Tup\u00e3 (SP), quando atingiu a traseira da charrete, que ficou destru\u00edda. V\u00edtima morreu no local do acidente. Um homem que estava conduzindo uma charrete morreu nesta sexta-feira (23) ap\u00f3s um acidente com uma caminhonete na estrada vicinal que liga Bastos a Tup\u00e3 [&hellip;]<\/p>\n","protected":false},"author":1,"featured_media":4606,"comment_status":"closed","ping_status":"open","sticky":false,"template":"","format":"standard","meta":{"footnotes":""},"categories":[170,110],"tags":[],"class_list":["post-4603","post","type-post","status-publish","format-standard","has-post-thumbnail","hentry","category-acidentes","category-noticiasdestaque"],"_links":{"self":[{"href":"https:\/\/jorgezanoni.com.br\/2019\/wp-json\/wp\/v2\/posts\/4603","targetHints":{"allow":["GET"]}}],"collection":[{"href":"https:\/\/jorgezanoni.com.br\/2019\/wp-json\/wp\/v2\/posts"}],"about":[{"href":"https:\/\/jorgezanoni.com.br\/2019\/wp-json\/wp\/v2\/types\/post"}],"author":[{"embeddable":true,"href":"https:\/\/jorgezanoni.com.br\/2019\/wp-json\/wp\/v2\/users\/1"}],"replies":[{"embeddable":true,"href":"https:\/\/jorgezanoni.com.br\/2019\/wp-json\/wp\/v2\/comments?post=4603"}],"version-history":[{"count":0,"href":"https:\/\/jorgezanoni.com.br\/2019\/wp-json\/wp\/v2\/posts\/4603\/revisions"}],"wp:featuredmedia":[{"embeddable":true,"href":"https:\/\/jorgezanoni.com.br\/2019\/wp-json\/wp\/v2\/media\/4606"}],"wp:attachment":[{"href":"https:\/\/jorgezanoni.com.br\/2019\/wp-json\/wp\/v2\/media?parent=4603"}],"wp:term":[{"taxonomy":"category","embeddable":true,"href":"https:\/\/jorgezanoni.com.br\/2019\/wp-json\/wp\/v2\/categories?post=4603"},{"taxonomy":"post_tag","embeddable":true,"href":"https:\/\/jorgezanoni.com.br\/2019\/wp-json\/wp\/v2\/tags?post=4603"}],"curies":[{"name":"wp","href":"https:\/\/api.w.org\/{rel}","templated":true}]}}