{"id":46016,"date":"2021-04-10T02:05:39","date_gmt":"2021-04-10T02:05:39","guid":{"rendered":"https:\/\/jorgezanoni.com.br\/2019\/?p=46016"},"modified":"2021-04-10T02:06:36","modified_gmt":"2021-04-10T02:06:36","slug":"policia-civil-desarticula-ponto-de-droga-e-prende-homem-suspeito-de-trafico-em-dracena","status":"publish","type":"post","link":"https:\/\/jorgezanoni.com.br\/2019\/policia-civil-desarticula-ponto-de-droga-e-prende-homem-suspeito-de-trafico-em-dracena\/","title":{"rendered":"Pol\u00edcia Civil desarticula ponto de Droga e prende homem suspeito de Tr\u00e1fico em Dracena"},"content":{"rendered":"<p style=\"text-align: justify;\"><strong>A resid\u00eancia do suspeito era utilizada para venda e permitia-se que os dependentes qu\u00edmicos consumissem as drogas dentro do im\u00f3vel.<\/strong><\/p>\n<p style=\"text-align: justify;\">A Pol\u00edcia Civil, por interm\u00e9dio das Unidades Especializadas (Delegacia de Investiga\u00e7\u00f5es Gerais &#8211; DIG e Delegacia de Investiga\u00e7\u00f5es Sobre Entorpecentes &#8211; DISE) de Dracena, prendeu em flagrante, nesta sexta-feira (9), um homem de 33 anos, pela pr\u00e1tica de tr\u00e1fico de drogas. A pris\u00e3o ocorreu na resid\u00eancia do suspeito, localizada na Vila Barros.<\/p>\n<p style=\"text-align: justify;\">Ap\u00f3s diligencias, visando apura\u00e7\u00e3o de ponto de tr\u00e1fico, agentes das Unidades Especializadas prenderam um homem que mantinha em suas vestes, seis pedras de crack, embalada para venda. Ainda em poder do acusado foi encontrado a quantia de 100 reais, formada por notas de menor valor.<\/p>\n<p style=\"text-align: justify;\">A a\u00e7\u00e3o ocorreu quando os agentes monitoravam o local e perceberam a chegada de um indiv\u00edduo para aquisi\u00e7\u00e3o de entorpecentes com o investigado. Os policiais civis observaram que o poss\u00edvel comprador entregou certa quantidade em dinheiro para o suspeito, e em seguida recebeu algo em troca, aparentando ser droga.<\/p>\n<p style=\"text-align: justify;\">Atitude, que fez com que os policiais se aproximassem do port\u00e3o do im\u00f3vel, que permaneceu aberto, quando ent\u00e3o sentiram forte odor caracter\u00edstico de crack. Diante das fundadas suspeitas adentraram no quintal e se depararam com aquele indiv\u00edduo visto anteriormente efetuando o que parecia ser compra de droga. O indiv\u00edduo havia terminado de consumir uma por\u00e7\u00e3o de crack em um cachimbo artesanal.<\/p>\n<p style=\"text-align: justify;\">No interior da casa, ainda haviam duas pessoas, uma mulher que diz ser amasia do homem que foi preso e um outro homem.<\/p>\n<p style=\"text-align: justify;\">O im\u00f3vel apresentava aus\u00eancia de total condi\u00e7\u00f5es de higiene, havendo v\u00e1rios papelotes vazios em diferentes pontos da casa, denotando que aquele ambiente era usado para consumo de drogas.<\/p>\n<p style=\"text-align: justify;\"><img loading=\"lazy\" decoding=\"async\" class=\"alignnone size-full wp-image-46018\" src=\"https:\/\/jorgezanoni.com.br\/2019\/wp-content\/uploads\/2021\/04\/pol1.jpg\" alt=\"\" width=\"1280\" height=\"979\" srcset=\"https:\/\/jorgezanoni.com.br\/2019\/wp-content\/uploads\/2021\/04\/pol1.jpg 1280w, https:\/\/jorgezanoni.com.br\/2019\/wp-content\/uploads\/2021\/04\/pol1-300x229.jpg 300w, https:\/\/jorgezanoni.com.br\/2019\/wp-content\/uploads\/2021\/04\/pol1-1024x783.jpg 1024w, https:\/\/jorgezanoni.com.br\/2019\/wp-content\/uploads\/2021\/04\/pol1-768x587.jpg 768w, https:\/\/jorgezanoni.com.br\/2019\/wp-content\/uploads\/2021\/04\/pol1-80x60.jpg 80w, https:\/\/jorgezanoni.com.br\/2019\/wp-content\/uploads\/2021\/04\/pol1-696x532.jpg 696w, https:\/\/jorgezanoni.com.br\/2019\/wp-content\/uploads\/2021\/04\/pol1-1068x817.jpg 1068w, https:\/\/jorgezanoni.com.br\/2019\/wp-content\/uploads\/2021\/04\/pol1-549x420.jpg 549w\" sizes=\"auto, (max-width: 1280px) 100vw, 1280px\" \/><\/p>\n<p style=\"text-align: justify;\">Diante das provas colhidas no local foi dada voz de pris\u00e3o em flagrante ao homem que vendeu a droga, sendo conduzido at\u00e9 a sede da Unidade Especializada, onde foi ratificada a voz de pris\u00e3o pela Autoridade Policial competente. E ap\u00f3s, o t\u00e9rmino dos procedimentos de Pol\u00edcia Judici\u00e1ria o autuado foi custodiado a uma cela na cadeia ficando \u00e0 disposi\u00e7\u00e3o da Justi\u00e7a e aguardar\u00e1 pela Audi\u00eancia de Cust\u00f3dia.<\/p>\n<p style=\"text-align: justify;\">O acusado j\u00e1 possu\u00ed diversos antecedentes criminais pelos crimes de tr\u00e1fico de drogas, roubo, furto e recepta\u00e7\u00e3o, e ele havia ganho o direito de progress\u00e3o de pena para regime aberto em novembro 2020.<\/p>\n<p style=\"text-align: justify;\">Os demais envolvidos foram ouvidos e liberados. Quanto ao dependente qu\u00edmico que foi surpreendido no local comprando droga assinou um Termo Circunstanciado para apura\u00e7\u00e3o do delito de posse drogas para consumo.<\/p>\n<p style=\"text-align: justify;\">O IC compareceu ao local dos fatos para elaborar um laudo pericial relacionado \u00e0s condi\u00e7\u00f5es de higiene da casa e sobre o suposto ponto de drogas.<\/p>\n<p style=\"text-align: justify;\">Den\u00fancias an\u00f4nimas e informa\u00e7\u00f5es sobre pontos de tr\u00e1fico de drogas podem ser feitas pelo Disque Den\u00fancia 181, pelo fone (18) 3821 3753, da Delegacia de Investiga\u00e7\u00e3o Sobre Entorpecentes. O sigilo e o anonimato s\u00e3o garantidos.<\/p>\n<p>Fonte: Com. Social Pol\u00edcia Civil<\/p>\n","protected":false},"excerpt":{"rendered":"<p>A resid\u00eancia do suspeito era utilizada para venda e permitia-se que os dependentes qu\u00edmicos consumissem as drogas dentro do im\u00f3vel. A Pol\u00edcia Civil, por interm\u00e9dio das Unidades Especializadas (Delegacia de Investiga\u00e7\u00f5es Gerais &#8211; DIG e Delegacia de Investiga\u00e7\u00f5es Sobre Entorpecentes &#8211; DISE) de Dracena, prendeu em flagrante, nesta sexta-feira (9), um homem de 33 anos, [&hellip;]<\/p>\n","protected":false},"author":1,"featured_media":46017,"comment_status":"closed","ping_status":"open","sticky":false,"template":"","format":"standard","meta":{"footnotes":""},"categories":[110,2],"tags":[],"class_list":["post-46016","post","type-post","status-publish","format-standard","has-post-thumbnail","hentry","category-noticiasdestaque","category-policial"],"_links":{"self":[{"href":"https:\/\/jorgezanoni.com.br\/2019\/wp-json\/wp\/v2\/posts\/46016","targetHints":{"allow":["GET"]}}],"collection":[{"href":"https:\/\/jorgezanoni.com.br\/2019\/wp-json\/wp\/v2\/posts"}],"about":[{"href":"https:\/\/jorgezanoni.com.br\/2019\/wp-json\/wp\/v2\/types\/post"}],"author":[{"embeddable":true,"href":"https:\/\/jorgezanoni.com.br\/2019\/wp-json\/wp\/v2\/users\/1"}],"replies":[{"embeddable":true,"href":"https:\/\/jorgezanoni.com.br\/2019\/wp-json\/wp\/v2\/comments?post=46016"}],"version-history":[{"count":0,"href":"https:\/\/jorgezanoni.com.br\/2019\/wp-json\/wp\/v2\/posts\/46016\/revisions"}],"wp:featuredmedia":[{"embeddable":true,"href":"https:\/\/jorgezanoni.com.br\/2019\/wp-json\/wp\/v2\/media\/46017"}],"wp:attachment":[{"href":"https:\/\/jorgezanoni.com.br\/2019\/wp-json\/wp\/v2\/media?parent=46016"}],"wp:term":[{"taxonomy":"category","embeddable":true,"href":"https:\/\/jorgezanoni.com.br\/2019\/wp-json\/wp\/v2\/categories?post=46016"},{"taxonomy":"post_tag","embeddable":true,"href":"https:\/\/jorgezanoni.com.br\/2019\/wp-json\/wp\/v2\/tags?post=46016"}],"curies":[{"name":"wp","href":"https:\/\/api.w.org\/{rel}","templated":true}]}}