{"id":46011,"date":"2021-04-10T00:56:57","date_gmt":"2021-04-10T00:56:57","guid":{"rendered":"https:\/\/jorgezanoni.com.br\/2019\/?p=46011"},"modified":"2021-04-10T00:57:54","modified_gmt":"2021-04-10T00:57:54","slug":"boletim-atualizado-da-covid-19-da-secretaria-municipal-de-saude-de-dracena-09-04-21","status":"publish","type":"post","link":"https:\/\/jorgezanoni.com.br\/2019\/boletim-atualizado-da-covid-19-da-secretaria-municipal-de-saude-de-dracena-09-04-21\/","title":{"rendered":"Boletim atualizado da COVID-19 da Secretaria Municipal de Sa\u00fade de Dracena 09\/04\/21"},"content":{"rendered":"<div class=\"kvgmc6g5 cxmmr5t8 oygrvhab hcukyx3x c1et5uql ii04i59q\">\n<div dir=\"auto\">BOLETIM EPIDEMIOL\u00d3GICO COVID 19<\/div>\n<div dir=\"auto\">SEXTA-FEIRA, 9\/04<\/div>\n<\/div>\n<div class=\"o9v6fnle cxmmr5t8 oygrvhab hcukyx3x c1et5uql ii04i59q\">\n<div dir=\"auto\">Suspeitos: 18<\/div>\n<div dir=\"auto\">Suspeito Domiciliar: 18<\/div>\n<div dir=\"auto\">Suspeito Hospitalar: 0<\/div>\n<div dir=\"auto\">Confirmados: 4.076<\/div>\n<div dir=\"auto\">Curados: 3.831<\/div>\n<div dir=\"auto\">Isolamento domiciliar 53<\/div>\n<div dir=\"auto\">Tratamento Hospitalar: 14<\/div>\n<div dir=\"auto\">\u00d3bitos: 178<\/div>\n<\/div>\n<div class=\"o9v6fnle cxmmr5t8 oygrvhab hcukyx3x c1et5uql ii04i59q\">\n<div dir=\"auto\">ALERTA<\/div>\n<div dir=\"auto\">Nas \u00faltimas 24 horas, 12 casos novos<\/div>\n<div dir=\"auto\">Nas \u00faltimas 24 horas, 3 pacientes curados<\/div>\n<div dir=\"auto\">Fonte: https:\/\/www.facebook.com\/prefeituradracena<\/div>\n<\/div>\n","protected":false},"excerpt":{"rendered":"<p>BOLETIM EPIDEMIOL\u00d3GICO COVID 19 SEXTA-FEIRA, 9\/04 Suspeitos: 18 Suspeito Domiciliar: 18 Suspeito Hospitalar: 0 Confirmados: 4.076 Curados: 3.831 Isolamento domiciliar 53 Tratamento Hospitalar: 14 \u00d3bitos: 178 ALERTA Nas \u00faltimas 24 horas, 12 casos novos Nas \u00faltimas 24 horas, 3 pacientes curados Fonte: https:\/\/www.facebook.com\/prefeituradracena<\/p>\n","protected":false},"author":1,"featured_media":46014,"comment_status":"closed","ping_status":"open","sticky":false,"template":"","format":"standard","meta":{"footnotes":""},"categories":[179,184,110],"tags":[],"class_list":["post-46011","post","type-post","status-publish","format-standard","has-post-thumbnail","hentry","category-cidadeseregiao","category-dracena","category-noticiasdestaque"],"_links":{"self":[{"href":"https:\/\/jorgezanoni.com.br\/2019\/wp-json\/wp\/v2\/posts\/46011","targetHints":{"allow":["GET"]}}],"collection":[{"href":"https:\/\/jorgezanoni.com.br\/2019\/wp-json\/wp\/v2\/posts"}],"about":[{"href":"https:\/\/jorgezanoni.com.br\/2019\/wp-json\/wp\/v2\/types\/post"}],"author":[{"embeddable":true,"href":"https:\/\/jorgezanoni.com.br\/2019\/wp-json\/wp\/v2\/users\/1"}],"replies":[{"embeddable":true,"href":"https:\/\/jorgezanoni.com.br\/2019\/wp-json\/wp\/v2\/comments?post=46011"}],"version-history":[{"count":0,"href":"https:\/\/jorgezanoni.com.br\/2019\/wp-json\/wp\/v2\/posts\/46011\/revisions"}],"wp:featuredmedia":[{"embeddable":true,"href":"https:\/\/jorgezanoni.com.br\/2019\/wp-json\/wp\/v2\/media\/46014"}],"wp:attachment":[{"href":"https:\/\/jorgezanoni.com.br\/2019\/wp-json\/wp\/v2\/media?parent=46011"}],"wp:term":[{"taxonomy":"category","embeddable":true,"href":"https:\/\/jorgezanoni.com.br\/2019\/wp-json\/wp\/v2\/categories?post=46011"},{"taxonomy":"post_tag","embeddable":true,"href":"https:\/\/jorgezanoni.com.br\/2019\/wp-json\/wp\/v2\/tags?post=46011"}],"curies":[{"name":"wp","href":"https:\/\/api.w.org\/{rel}","templated":true}]}}