{"id":4600,"date":"2019-08-24T00:11:13","date_gmt":"2019-08-24T00:11:13","guid":{"rendered":"https:\/\/jorgezanoni.com.br\/2019\/?p=4600"},"modified":"2019-08-24T00:12:27","modified_gmt":"2019-08-24T00:12:27","slug":"vem-ai-feira-das-profissoes-unifadra","status":"publish","type":"post","link":"https:\/\/jorgezanoni.com.br\/2019\/vem-ai-feira-das-profissoes-unifadra\/","title":{"rendered":"Vem a\u00ed: Feira das Profiss\u00f5es Unifadra"},"content":{"rendered":"<p style=\"font-weight: 400; text-align: justify;\">A Faculdade Unifadra\/Fundec realizar\u00e1, nos dias 8 e 9 de outubro, a Feira de Profiss\u00f5es, no Gin\u00e1sio Galen\u00e3o. O evento ser\u00e1 aberto \u00e0 comunidade e contar\u00e1 com estandes din\u00e2micos sobre diversas profiss\u00f5es. Hor\u00e1rios de visita\u00e7\u00e3o: 08\/10 (ter\u00e7a-feira) das 8h \u00e0s 11h e das 19h \u00e0s 22h; 09\/10 (quarta-feira) das 8h \u00e0s 11h. O evento \u00e9 gratuito e aberto para todas as idades. As escolas ou grupos grandes dever\u00e3o agendar o hor\u00e1rio de visita\u00e7\u00e3o pelo telefone (18) 3821-9017, com Luana.<br \/>\nEduca\u00e7\u00e3o muda o mundo! Venha conhecer os cursos da Unifadra, saber sobre mercado de trabalho, \u00e1reas de atua\u00e7\u00e3o e escolher a profiss\u00e3o da sua vida!<\/p>\n<p style=\"font-weight: 400; text-align: justify;\">Carolina Colnago<\/p>\n<p style=\"font-weight: 400; text-align: justify;\">Assessora de Comunica\u00e7\u00e3o da Fundec &#8211; Jornalista<\/p>\n","protected":false},"excerpt":{"rendered":"<p>A Faculdade Unifadra\/Fundec realizar\u00e1, nos dias 8 e 9 de outubro, a Feira de Profiss\u00f5es, no Gin\u00e1sio Galen\u00e3o. O evento ser\u00e1 aberto \u00e0 comunidade e contar\u00e1 com estandes din\u00e2micos sobre diversas profiss\u00f5es. Hor\u00e1rios de visita\u00e7\u00e3o: 08\/10 (ter\u00e7a-feira) das 8h \u00e0s 11h e das 19h \u00e0s 22h; 09\/10 (quarta-feira) das 8h \u00e0s 11h. O evento \u00e9 [&hellip;]<\/p>\n","protected":false},"author":1,"featured_media":4601,"comment_status":"closed","ping_status":"open","sticky":false,"template":"","format":"standard","meta":{"footnotes":""},"categories":[122],"tags":[],"class_list":["post-4600","post","type-post","status-publish","format-standard","has-post-thumbnail","hentry","category-saudeeducacaoeconcurso"],"_links":{"self":[{"href":"https:\/\/jorgezanoni.com.br\/2019\/wp-json\/wp\/v2\/posts\/4600","targetHints":{"allow":["GET"]}}],"collection":[{"href":"https:\/\/jorgezanoni.com.br\/2019\/wp-json\/wp\/v2\/posts"}],"about":[{"href":"https:\/\/jorgezanoni.com.br\/2019\/wp-json\/wp\/v2\/types\/post"}],"author":[{"embeddable":true,"href":"https:\/\/jorgezanoni.com.br\/2019\/wp-json\/wp\/v2\/users\/1"}],"replies":[{"embeddable":true,"href":"https:\/\/jorgezanoni.com.br\/2019\/wp-json\/wp\/v2\/comments?post=4600"}],"version-history":[{"count":0,"href":"https:\/\/jorgezanoni.com.br\/2019\/wp-json\/wp\/v2\/posts\/4600\/revisions"}],"wp:featuredmedia":[{"embeddable":true,"href":"https:\/\/jorgezanoni.com.br\/2019\/wp-json\/wp\/v2\/media\/4601"}],"wp:attachment":[{"href":"https:\/\/jorgezanoni.com.br\/2019\/wp-json\/wp\/v2\/media?parent=4600"}],"wp:term":[{"taxonomy":"category","embeddable":true,"href":"https:\/\/jorgezanoni.com.br\/2019\/wp-json\/wp\/v2\/categories?post=4600"},{"taxonomy":"post_tag","embeddable":true,"href":"https:\/\/jorgezanoni.com.br\/2019\/wp-json\/wp\/v2\/tags?post=4600"}],"curies":[{"name":"wp","href":"https:\/\/api.w.org\/{rel}","templated":true}]}}