{"id":45997,"date":"2021-04-09T14:37:14","date_gmt":"2021-04-09T14:37:14","guid":{"rendered":"https:\/\/jorgezanoni.com.br\/2019\/?p=45997"},"modified":"2021-04-09T14:37:14","modified_gmt":"2021-04-09T14:37:14","slug":"profissionais-de-educacao-receberao-vacinacao-covid-na-proxima-semana","status":"publish","type":"post","link":"https:\/\/jorgezanoni.com.br\/2019\/profissionais-de-educacao-receberao-vacinacao-covid-na-proxima-semana\/","title":{"rendered":"Profissionais de Educa\u00e7\u00e3o receber\u00e3o Vacina\u00e7\u00e3o Covid na pr\u00f3xima semana"},"content":{"rendered":"<p style=\"text-align: justify;\">Na pr\u00f3xima semana de segunda a sexta-feira, 12 a 16, ser\u00e1 realizada a vacina\u00e7\u00e3o para os profissionais da \u00e1rea da Educa\u00e7\u00e3o, na Escola Municipal Luiza Rossa Ribeiro das 8h \u00e0s 13h.<\/p>\n<p style=\"text-align: justify;\">Poder\u00e3o tomar a vacina os profissionais com 47 anos completos ou mais que trabalham nas escolas municipais, estaduais e privadas do ensino infantil ao ensino m\u00e9dio.<\/p>\n<p style=\"text-align: justify;\">As categorias contempladas: professores, merendeiras, auxiliares de servi\u00e7os gerais, secret\u00e1rios da escola, diretores e vice-diretores, coordenadores pedag\u00f3gicos, cuidadores ou int\u00e9rprete de libras, inspetor de alunos, assistente de alfabetiza\u00e7\u00e3o (monitor).<\/p>\n<p style=\"text-align: justify;\">Os profissionais dever\u00e3o antes de ir ao local da vacina\u00e7\u00e3o realizar o cadastro no site:<\/p>\n<p style=\"text-align: justify;\">http\/\/vacinaja.sp.gov.br\/educacao<\/p>\n<p style=\"text-align: justify;\">Ap\u00f3s o cadastro, o profissional receber\u00e1 a aprova\u00e7\u00e3o em seu e-mail cadastrado. Dever\u00e1 levar no dia da vacina\u00e7\u00e3o junto com o RG, CPF e o holerite do m\u00eas anterior.<\/p>\n<p><img loading=\"lazy\" decoding=\"async\" class=\"alignnone size-full wp-image-45998\" src=\"https:\/\/jorgezanoni.com.br\/2019\/wp-content\/uploads\/2021\/04\/putz.png\" alt=\"\" width=\"678\" height=\"545\" srcset=\"https:\/\/jorgezanoni.com.br\/2019\/wp-content\/uploads\/2021\/04\/putz.png 678w, https:\/\/jorgezanoni.com.br\/2019\/wp-content\/uploads\/2021\/04\/putz-300x241.png 300w, https:\/\/jorgezanoni.com.br\/2019\/wp-content\/uploads\/2021\/04\/putz-522x420.png 522w\" sizes=\"auto, (max-width: 678px) 100vw, 678px\" \/><\/p>\n<p style=\"text-align: justify;\">Profissionais de Educa\u00e7\u00e3o receber\u00e3o por e-mail esse comprovante quando fizerem o cadastro.<\/p>\n<p>Fonte: Diretoria de Comunica\u00e7\u00e3o<\/p>\n<p>Imagem Ilustrativa<\/p>\n<p>NOTA: Sobre a vacina PROFISSIONAIS DE SA\u00daDE: A secret\u00e1ria de Educa\u00e7\u00e3o do munic\u00edpio, Juliana Corr\u00eaa esclarece que os profissionais indicados a receber a vacina foram definidos pelo Governo do Estado. \u00c0queles profissionais que tiverem dificuldade em fazer o cadastro podem procurar a unidade escolar, na qual exerce a fun\u00e7\u00e3o.<\/p>\n<p>&nbsp;<\/p>\n","protected":false},"excerpt":{"rendered":"<p>Na pr\u00f3xima semana de segunda a sexta-feira, 12 a 16, ser\u00e1 realizada a vacina\u00e7\u00e3o para os profissionais da \u00e1rea da Educa\u00e7\u00e3o, na Escola Municipal Luiza Rossa Ribeiro das 8h \u00e0s 13h. Poder\u00e3o tomar a vacina os profissionais com 47 anos completos ou mais que trabalham nas escolas municipais, estaduais e privadas do ensino infantil ao [&hellip;]<\/p>\n","protected":false},"author":1,"featured_media":45999,"comment_status":"closed","ping_status":"open","sticky":false,"template":"","format":"standard","meta":{"footnotes":""},"categories":[110,122],"tags":[],"class_list":["post-45997","post","type-post","status-publish","format-standard","has-post-thumbnail","hentry","category-noticiasdestaque","category-saudeeducacaoeconcurso"],"_links":{"self":[{"href":"https:\/\/jorgezanoni.com.br\/2019\/wp-json\/wp\/v2\/posts\/45997","targetHints":{"allow":["GET"]}}],"collection":[{"href":"https:\/\/jorgezanoni.com.br\/2019\/wp-json\/wp\/v2\/posts"}],"about":[{"href":"https:\/\/jorgezanoni.com.br\/2019\/wp-json\/wp\/v2\/types\/post"}],"author":[{"embeddable":true,"href":"https:\/\/jorgezanoni.com.br\/2019\/wp-json\/wp\/v2\/users\/1"}],"replies":[{"embeddable":true,"href":"https:\/\/jorgezanoni.com.br\/2019\/wp-json\/wp\/v2\/comments?post=45997"}],"version-history":[{"count":0,"href":"https:\/\/jorgezanoni.com.br\/2019\/wp-json\/wp\/v2\/posts\/45997\/revisions"}],"wp:featuredmedia":[{"embeddable":true,"href":"https:\/\/jorgezanoni.com.br\/2019\/wp-json\/wp\/v2\/media\/45999"}],"wp:attachment":[{"href":"https:\/\/jorgezanoni.com.br\/2019\/wp-json\/wp\/v2\/media?parent=45997"}],"wp:term":[{"taxonomy":"category","embeddable":true,"href":"https:\/\/jorgezanoni.com.br\/2019\/wp-json\/wp\/v2\/categories?post=45997"},{"taxonomy":"post_tag","embeddable":true,"href":"https:\/\/jorgezanoni.com.br\/2019\/wp-json\/wp\/v2\/tags?post=45997"}],"curies":[{"name":"wp","href":"https:\/\/api.w.org\/{rel}","templated":true}]}}