{"id":45994,"date":"2021-04-09T13:37:24","date_gmt":"2021-04-09T13:37:24","guid":{"rendered":"https:\/\/jorgezanoni.com.br\/2019\/?p=45994"},"modified":"2021-04-09T13:37:24","modified_gmt":"2021-04-09T13:37:24","slug":"principe-philip-morre-aos-99-anos","status":"publish","type":"post","link":"https:\/\/jorgezanoni.com.br\/2019\/principe-philip-morre-aos-99-anos\/","title":{"rendered":"Pr\u00edncipe Philip morre aos 99 anos"},"content":{"rendered":"<h2 class=\"content-head__subtitle\" style=\"text-align: justify;\"><strong>Pal\u00e1cio de Buckingham anunciou que o marido de Elizabeth II morreu nesta sexta-feira. A causa ainda n\u00e3o foi informada. Em fevereiro, ele passou por uma cirurgia do cora\u00e7\u00e3o.<\/strong><\/h2>\n<div class=\"mc-column content-text active-extra-styles \" style=\"text-align: justify;\" data-block-type=\"unstyled\" data-block-weight=\"24\" data-block-id=\"2\">\n<p class=\"content-text__container \" data-track-category=\"Link no Texto\" data-track-links=\"\">O pr\u00edncipe Philip, marido da\u00a0<a href=\"https:\/\/g1.globo.com\/tudo-sobre\/rainha-elizabeth-ii\/\">rainha Elizabeth II<\/a>, do\u00a0<a href=\"https:\/\/g1.globo.com\/tudo-sobre\/gra-bretanha\/\">Reino Unido<\/a>, morreu aos 99 anos nesta sexta-feira (9). Ele completaria 100 anos em junho.<\/p>\n<\/div>\n<div class=\"wall protected-content\">\n<div class=\"mc-column content-text active-extra-styles \" style=\"text-align: justify;\" data-block-type=\"unstyled\" data-block-weight=\"43\" data-block-id=\"3\">\n<p class=\"content-text__container \" data-track-category=\"Link no Texto\" data-track-links=\"\">A causa exata da morte ainda n\u00e3o foi informada pelo Pal\u00e1cio de Buckingham. Em fevereiro, ele passou mal e\u00a0<a href=\"https:\/\/g1.globo.com\/mundo\/noticia\/2021\/02\/17\/principe-philip-e-internado-por-medida-de-precuacao.ghtml\">foi internado como &#8220;medida de precau\u00e7\u00e3o&#8221;<\/a>. No entanto, o pr\u00edncipe precisou ser submetido a uma cirurgia card\u00edaca. Ele\u00a0<a href=\"https:\/\/g1.globo.com\/mundo\/noticia\/2021\/03\/16\/marido-da-rainha-elizabeth-ii-principe-philip-deixa-o-hospital.ghtml\">recebeu alta<\/a>\u00a0depois de um m\u00eas.<\/p>\n<\/div>\n<div class=\"mc-column content-text active-extra-styles\" style=\"text-align: justify;\" data-block-type=\"raw\" data-block-weight=\"5\" data-block-id=\"4\">\n<ul class=\"content-unordered-list\">\n<li><a href=\"https:\/\/g1.globo.com\/mundo\/noticia\/2021\/04\/09\/principe-philip-morre-aos-99-anos-veja-fotos.ghtml\"><strong>Veja fotos do pr\u00edncipe Philip<\/strong><\/a><\/li>\n<\/ul>\n<\/div>\n<div class=\"mc-column content-text active-extra-styles \" style=\"text-align: justify;\" data-block-type=\"unstyled\" data-block-weight=\"31\" data-block-id=\"5\">\n<p class=\"content-text__container \" data-track-category=\"Link no Texto\" data-track-links=\"\">&#8220;\u00c9 com profunda tristeza que Sua Majestade a Rainha anuncia a morte de seu amado marido, Sua Alteza Real, o Pr\u00edncipe Philip, Duque de Edimburgo&#8221;, disse o pal\u00e1cio em um comunicado.<\/p>\n<\/div>\n<div class=\"row medium-uncollapsed content-media content-photo\" style=\"text-align: justify;\" data-block-type=\"backstage-photo\" data-block-id=\"6\">\n<div class=\"column medium-22 large-20 medium-centered content-media__container\">\n<div class=\"content-media-container glb-skeleton-box\">\n<figure class=\"content-media-figure\"><img decoding=\"async\" class=\"i-amphtml-fill-content i-amphtml-replaced-content\" src=\"https:\/\/s2.glbimg.com\/OrxA0xMw7kIX1m-908U5bL11400=\/0x0:3404x2710\/1008x0\/smart\/filters:strip_icc()\/i.s3.glbimg.com\/v1\/AUTH_59edd422c0c84a879bd37670ae4f538a\/internal_photos\/bs\/2021\/L\/1\/7MP669R7S2DanKvyMvkA\/000-97n2fq.jpg\" srcset=\"\" alt=\"Pr\u00edncipe Philip \u2014 Foto: Leon NEAL \/ AFP\" \/><\/figure>\n<\/div>\n<p class=\"content-media__description \">Pr\u00edncipe Philip \u2014 Foto: Leon NEAL \/ AFP<\/p>\n<\/div>\n<\/div>\n<div class=\"content-ads content-ads--reveal\" style=\"text-align: justify;\" data-block-type=\"ads\" data-block-id=\"7\"><\/div>\n<div class=\"mc-column content-text active-extra-styles \" style=\"text-align: justify;\" data-block-type=\"unstyled\" data-block-weight=\"36\" data-block-id=\"8\">\n<p class=\"content-text__container \" data-track-category=\"Link no Texto\" data-track-links=\"\">O pr\u00edncipe &#8220;faleceu pacificamente esta manh\u00e3 no Castelo de Windsor&#8221;, diz a nota. &#8220;<span class=\"highlight highlighted\">Novos an\u00fancios ser\u00e3o feitos no devido tempo<\/span>. A Fam\u00edlia Real se une \u00e0s pessoas ao redor do mundo em luto por sua perda.&#8221;<\/p>\n<\/div>\n<div class=\"mc-column content-text active-extra-styles\" style=\"text-align: justify;\" data-block-type=\"raw\" data-block-weight=\"42\" data-block-id=\"9\">\n<blockquote class=\"content-blockquote theme-border-color-primary-before\"><p>Seu nome oficial era de Duque de Edimburgo. Ele esteve ao lado do reinado de sua mulher, o mais longo da hist\u00f3ria do Reino Unido, durante 69 anos. Nesse per\u00edodo, ele construiu uma reputa\u00e7\u00e3o de ser s\u00e9rio, mas propenso a cometer gafes.<\/p><\/blockquote>\n<\/div>\n<div class=\"mc-column content-text active-extra-styles \" style=\"text-align: justify;\" data-block-type=\"unstyled\" data-block-weight=\"44\" data-block-id=\"10\">\n<p class=\"content-text__container \" data-track-category=\"Link no Texto\" data-track-links=\"\">Ele se casou com Elizabeth em 1947 e teve um papel fundamental na moderniza\u00e7\u00e3o da monarquia no per\u00edodo p\u00f3s-Segunda Guerra Mundial. Por tr\u00e1s das paredes do Pal\u00e1cio de Buckingham, era a \u00fanica figura chave a quem a rainha podia recorrer e em quem confiar.<\/p>\n<\/div>\n<div class=\"row medium-uncollapsed content-media content-photo\" style=\"text-align: justify;\" data-block-type=\"backstage-photo\" data-block-id=\"11\">\n<div class=\"mc-column content-media__container\">\n<div class=\"content-media-container glb-skeleton-box\">\n<figure class=\"content-media-figure\"><img decoding=\"async\" class=\"i-amphtml-fill-content i-amphtml-replaced-content\" src=\"https:\/\/s2.glbimg.com\/5QzI9g0UjP-aWeeyBxqD1LbdX_g=\/0x0:1817x736\/984x0\/smart\/filters:strip_icc()\/i.s3.glbimg.com\/v1\/AUTH_59edd422c0c84a879bd37670ae4f538a\/internal_photos\/bs\/2021\/a\/A\/26DqhqQfugGkAYwmVeJw\/microsoftteams-image.png\" sizes=\"(max-width: 1366px) 648px, 100vw\" srcset=\"https:\/\/s2.glbimg.com\/x5RugcXMQIFUnUmrWWdGZFL8-PU=\/0x0:1817x736\/1000x0\/smart\/filters:strip_icc()\/i.s3.glbimg.com\/v1\/AUTH_59edd422c0c84a879bd37670ae4f538a\/internal_photos\/bs\/2021\/a\/A\/26DqhqQfugGkAYwmVeJw\/microsoftteams-image.png 1000w, https:\/\/s2.glbimg.com\/5QzI9g0UjP-aWeeyBxqD1LbdX_g=\/0x0:1817x736\/984x0\/smart\/filters:strip_icc()\/i.s3.glbimg.com\/v1\/AUTH_59edd422c0c84a879bd37670ae4f538a\/internal_photos\/bs\/2021\/a\/A\/26DqhqQfugGkAYwmVeJw\/microsoftteams-image.png 984w, https:\/\/s2.glbimg.com\/eU--MnPbSgad_-aQHzqEL1jsDBQ=\/0x0:1817x736\/640x0\/smart\/filters:strip_icc()\/i.s3.glbimg.com\/v1\/AUTH_59edd422c0c84a879bd37670ae4f538a\/internal_photos\/bs\/2021\/a\/A\/26DqhqQfugGkAYwmVeJw\/microsoftteams-image.png 640w, https:\/\/s2.glbimg.com\/FsmtZKYJHos7XHOWHfvmWKPwgsY=\/0x0:1817x736\/600x0\/smart\/filters:strip_icc()\/i.s3.glbimg.com\/v1\/AUTH_59edd422c0c84a879bd37670ae4f538a\/internal_photos\/bs\/2021\/a\/A\/26DqhqQfugGkAYwmVeJw\/microsoftteams-image.png 600w\" alt=\"Montagem com a imagem do pr\u00edncipe Philip \u2014 Foto: Reprodu\u00e7\u00e3o\" \/><\/figure>\n<\/div>\n<p class=\"content-media__description \">Montagem com a imagem do pr\u00edncipe Philip \u2014 Foto: Reprodu\u00e7\u00e3o<\/p>\n<\/div>\n<\/div>\n<div class=\"mc-column content-text active-extra-styles \" style=\"text-align: justify;\" data-block-type=\"unstyled\" data-block-weight=\"31\" data-block-id=\"12\">\n<p class=\"content-text__container \" data-track-category=\"Link no Texto\" data-track-links=\"\">Em um discurso que marcou seu 50\u00ba anivers\u00e1rio de casamento em 1997, Elizabeth fez uma rara homenagem pessoal a Philip: &#8220;Ele tem, simplesmente,\u00a0<span class=\"highlight highlighted\">sido minha for\u00e7a e perman\u00eancia todos esses anos<\/span>&#8220;.<\/p>\n<\/div>\n<div class=\"mc-column content-text active-extra-styles \" style=\"text-align: justify;\" data-block-type=\"unstyled\" data-block-weight=\"28\" data-block-id=\"13\">\n<p class=\"content-text__container \" data-track-category=\"Link no Texto\" data-track-links=\"\">Apesar do protocolo, que o obrigou a estar sempre atr\u00e1s da rainha e s\u00f3 cumprimentar as pessoas depois dela, em privado ele era considerado o chefe da fam\u00edlia.<\/p>\n<\/div>\n<div class=\"row medium-uncollapsed content-media content-photo\" style=\"text-align: justify;\" data-block-type=\"backstage-photo\" data-block-id=\"14\">\n<div class=\"mc-column content-media__container\">\n<div class=\"content-media-container glb-skeleton-box\">\n<figure class=\"content-media-figure\"><img decoding=\"async\" class=\"i-amphtml-fill-content i-amphtml-replaced-content\" src=\"https:\/\/s2.glbimg.com\/dcjrO9C-72tnkP4AJcNWP21ZMlw=\/0x0:3000x1984\/984x0\/smart\/filters:strip_icc()\/i.s3.glbimg.com\/v1\/AUTH_59edd422c0c84a879bd37670ae4f538a\/internal_photos\/bs\/2017\/Y\/C\/XbBvj5QqSBZWFB7H8PRA\/2017-05-04t091107z-913601442-rc169cb21900-rtrmadp-3-britain-royals-statement.jpg\" sizes=\"(max-width: 1366px) 648px, 100vw\" srcset=\"https:\/\/s2.glbimg.com\/74gvE6pq0b41cxjaCRffYc9JMtE=\/0x0:3000x1984\/1000x0\/smart\/filters:strip_icc()\/i.s3.glbimg.com\/v1\/AUTH_59edd422c0c84a879bd37670ae4f538a\/internal_photos\/bs\/2017\/Y\/C\/XbBvj5QqSBZWFB7H8PRA\/2017-05-04t091107z-913601442-rc169cb21900-rtrmadp-3-britain-royals-statement.jpg 1000w, https:\/\/s2.glbimg.com\/dcjrO9C-72tnkP4AJcNWP21ZMlw=\/0x0:3000x1984\/984x0\/smart\/filters:strip_icc()\/i.s3.glbimg.com\/v1\/AUTH_59edd422c0c84a879bd37670ae4f538a\/internal_photos\/bs\/2017\/Y\/C\/XbBvj5QqSBZWFB7H8PRA\/2017-05-04t091107z-913601442-rc169cb21900-rtrmadp-3-britain-royals-statement.jpg 984w, https:\/\/s2.glbimg.com\/nj-36dkJ8JKjO7ji1ZK6MgP0U3Y=\/0x0:3000x1984\/640x0\/smart\/filters:strip_icc()\/i.s3.glbimg.com\/v1\/AUTH_59edd422c0c84a879bd37670ae4f538a\/internal_photos\/bs\/2017\/Y\/C\/XbBvj5QqSBZWFB7H8PRA\/2017-05-04t091107z-913601442-rc169cb21900-rtrmadp-3-britain-royals-statement.jpg 640w, https:\/\/s2.glbimg.com\/78fGJYfJf-XZacR3IJyBRQCwl-Y=\/0x0:3000x1984\/600x0\/smart\/filters:strip_icc()\/i.s3.glbimg.com\/v1\/AUTH_59edd422c0c84a879bd37670ae4f538a\/internal_photos\/bs\/2017\/Y\/C\/XbBvj5QqSBZWFB7H8PRA\/2017-05-04t091107z-913601442-rc169cb21900-rtrmadp-3-britain-royals-statement.jpg 600w\" alt=\"Philip e a rainha Elizabeth \u2014 Foto: Ben Stansall\/Reuters\" \/><\/figure>\n<\/div>\n<p class=\"content-media__description \">Philip e a rainha Elizabeth \u2014 Foto: Ben Stansall\/Reuters<\/p>\n<\/div>\n<\/div>\n<div class=\"mc-column content-text active-extra-styles \" data-block-type=\"unstyled\" data-block-weight=\"32\" data-block-id=\"16\">\n<p class=\"content-text__container \" style=\"text-align: justify;\" data-track-category=\"Link no Texto\" data-track-links=\"\">Fonte: https:\/\/g1.globo.com\/mundo\/noticia\/2021\/04\/09\/principe-philip-morre-aos-99.ghtml<\/p>\n<\/div>\n<\/div>\n","protected":false},"excerpt":{"rendered":"<p>Pal\u00e1cio de Buckingham anunciou que o marido de Elizabeth II morreu nesta sexta-feira. A causa ainda n\u00e3o foi informada. Em fevereiro, ele passou por uma cirurgia do cora\u00e7\u00e3o. O pr\u00edncipe Philip, marido da\u00a0rainha Elizabeth II, do\u00a0Reino Unido, morreu aos 99 anos nesta sexta-feira (9). Ele completaria 100 anos em junho. A causa exata da morte [&hellip;]<\/p>\n","protected":false},"author":1,"featured_media":45995,"comment_status":"closed","ping_status":"open","sticky":false,"template":"","format":"standard","meta":{"footnotes":""},"categories":[178,110],"tags":[],"class_list":["post-45994","post","type-post","status-publish","format-standard","has-post-thumbnail","hentry","category-notadefalecimento","category-noticiasdestaque"],"_links":{"self":[{"href":"https:\/\/jorgezanoni.com.br\/2019\/wp-json\/wp\/v2\/posts\/45994","targetHints":{"allow":["GET"]}}],"collection":[{"href":"https:\/\/jorgezanoni.com.br\/2019\/wp-json\/wp\/v2\/posts"}],"about":[{"href":"https:\/\/jorgezanoni.com.br\/2019\/wp-json\/wp\/v2\/types\/post"}],"author":[{"embeddable":true,"href":"https:\/\/jorgezanoni.com.br\/2019\/wp-json\/wp\/v2\/users\/1"}],"replies":[{"embeddable":true,"href":"https:\/\/jorgezanoni.com.br\/2019\/wp-json\/wp\/v2\/comments?post=45994"}],"version-history":[{"count":0,"href":"https:\/\/jorgezanoni.com.br\/2019\/wp-json\/wp\/v2\/posts\/45994\/revisions"}],"wp:featuredmedia":[{"embeddable":true,"href":"https:\/\/jorgezanoni.com.br\/2019\/wp-json\/wp\/v2\/media\/45995"}],"wp:attachment":[{"href":"https:\/\/jorgezanoni.com.br\/2019\/wp-json\/wp\/v2\/media?parent=45994"}],"wp:term":[{"taxonomy":"category","embeddable":true,"href":"https:\/\/jorgezanoni.com.br\/2019\/wp-json\/wp\/v2\/categories?post=45994"},{"taxonomy":"post_tag","embeddable":true,"href":"https:\/\/jorgezanoni.com.br\/2019\/wp-json\/wp\/v2\/tags?post=45994"}],"curies":[{"name":"wp","href":"https:\/\/api.w.org\/{rel}","templated":true}]}}