{"id":45965,"date":"2021-04-09T02:03:29","date_gmt":"2021-04-09T02:03:29","guid":{"rendered":"https:\/\/jorgezanoni.com.br\/2019\/?p=45965"},"modified":"2021-04-09T02:13:48","modified_gmt":"2021-04-09T02:13:48","slug":"morre-jovino-moreira-de-freitas-o-conhecido-vino-2o-ten-pm-aposentado","status":"publish","type":"post","link":"https:\/\/jorgezanoni.com.br\/2019\/morre-jovino-moreira-de-freitas-o-conhecido-vino-2o-ten-pm-aposentado\/","title":{"rendered":"Morre Jovino Moreira de Freitas, o conhecido Vino 2\u00ba Ten PM aposentado"},"content":{"rendered":"<p style=\"text-align: justify;\">Comunicamos com pesar o falecimento de Jovino Moreira de Freitas (Vino), de 69 anos. Ele estava internado na UTI da Santa Casa de Dracena em tratamento da COVID-19, n\u00e3o resistindo e vindo a \u00f3bito na noite desta quinta-feira (8).<\/p>\n<p><img loading=\"lazy\" decoding=\"async\" class=\"alignnone size-full wp-image-45967\" src=\"https:\/\/jorgezanoni.com.br\/2019\/wp-content\/uploads\/2021\/04\/Jovino1.jpg\" alt=\"\" width=\"480\" height=\"480\" srcset=\"https:\/\/jorgezanoni.com.br\/2019\/wp-content\/uploads\/2021\/04\/Jovino1.jpg 480w, https:\/\/jorgezanoni.com.br\/2019\/wp-content\/uploads\/2021\/04\/Jovino1-300x300.jpg 300w, https:\/\/jorgezanoni.com.br\/2019\/wp-content\/uploads\/2021\/04\/Jovino1-150x150.jpg 150w, https:\/\/jorgezanoni.com.br\/2019\/wp-content\/uploads\/2021\/04\/Jovino1-420x420.jpg 420w\" sizes=\"auto, (max-width: 480px) 100vw, 480px\" \/><\/p>\n<p style=\"text-align: justify;\">Deixa a esposa Aldinir, filho Victor(tamb\u00e9m policial), filha M\u00edrian, neto Hector, nora Eliana, genro Emanuel, demais familiares e amigos.<\/p>\n<p style=\"text-align: justify;\">Nos tempos da ativa na Pol\u00edcia Militar fazia um programa di\u00e1rio com as principais not\u00edcias policiais. Era um apaixonado pela m\u00fasica sertaneja apresentando programas em r\u00e1dios e Tv. Tamb\u00e9m por um bom per\u00edodo fazia uma domingueira em seu estabelecimento na Rua An\u00e1lia Franco na Vila Barros.<\/p>\n<p style=\"text-align: justify;\">Um dos grandes Shows que trouxe a Dracena foi da cantora Perla. Tamb\u00e9m era muito conhecido por organizar excurs\u00f5es para a cidade de Aparecida, desde a d\u00e9cada de 1.990, em m\u00e9dia tr\u00eas vezes por ano.<\/p>\n<p style=\"text-align: justify;\">Formou juntamente com seu filho a famosa dupla Vino e Victor por alguns anos.<\/p>\n<p><img loading=\"lazy\" decoding=\"async\" class=\"alignnone size-full wp-image-45966\" src=\"https:\/\/jorgezanoni.com.br\/2019\/wp-content\/uploads\/2021\/04\/Vino-e-Victor.jpg\" alt=\"\" width=\"1836\" height=\"1224\" srcset=\"https:\/\/jorgezanoni.com.br\/2019\/wp-content\/uploads\/2021\/04\/Vino-e-Victor.jpg 1836w, https:\/\/jorgezanoni.com.br\/2019\/wp-content\/uploads\/2021\/04\/Vino-e-Victor-300x200.jpg 300w, https:\/\/jorgezanoni.com.br\/2019\/wp-content\/uploads\/2021\/04\/Vino-e-Victor-1024x683.jpg 1024w, https:\/\/jorgezanoni.com.br\/2019\/wp-content\/uploads\/2021\/04\/Vino-e-Victor-768x512.jpg 768w, https:\/\/jorgezanoni.com.br\/2019\/wp-content\/uploads\/2021\/04\/Vino-e-Victor-1536x1024.jpg 1536w, https:\/\/jorgezanoni.com.br\/2019\/wp-content\/uploads\/2021\/04\/Vino-e-Victor-696x464.jpg 696w, https:\/\/jorgezanoni.com.br\/2019\/wp-content\/uploads\/2021\/04\/Vino-e-Victor-1068x712.jpg 1068w, https:\/\/jorgezanoni.com.br\/2019\/wp-content\/uploads\/2021\/04\/Vino-e-Victor-630x420.jpg 630w\" sizes=\"auto, (max-width: 1836px) 100vw, 1836px\" \/><\/p>\n<p style=\"text-align: justify;\">\u00c0 Fam\u00edlia do amigo, querido Vino, os sentimentos do Site JZ. Que Deus conforte o cora\u00e7\u00e3o de voc\u00eas e da grande legi\u00e3o de amigos que ele deixa. Um homem de bem.!!!!<\/p>\n<p style=\"text-align: justify;\">Jorge Zanoni<\/p>\n<p>&nbsp;<\/p>\n<p>&nbsp;<\/p>\n<p>&nbsp;<\/p>\n","protected":false},"excerpt":{"rendered":"<p>Comunicamos com pesar o falecimento de Jovino Moreira de Freitas (Vino), de 69 anos. Ele estava internado na UTI da Santa Casa de Dracena em tratamento da COVID-19, n\u00e3o resistindo e vindo a \u00f3bito na noite desta quinta-feira (8). Deixa a esposa Aldinir, filho Victor(tamb\u00e9m policial), filha M\u00edrian, neto Hector, nora Eliana, genro Emanuel, demais [&hellip;]<\/p>\n","protected":false},"author":1,"featured_media":45968,"comment_status":"closed","ping_status":"open","sticky":false,"template":"","format":"standard","meta":{"footnotes":""},"categories":[178,110],"tags":[],"class_list":["post-45965","post","type-post","status-publish","format-standard","has-post-thumbnail","hentry","category-notadefalecimento","category-noticiasdestaque"],"_links":{"self":[{"href":"https:\/\/jorgezanoni.com.br\/2019\/wp-json\/wp\/v2\/posts\/45965","targetHints":{"allow":["GET"]}}],"collection":[{"href":"https:\/\/jorgezanoni.com.br\/2019\/wp-json\/wp\/v2\/posts"}],"about":[{"href":"https:\/\/jorgezanoni.com.br\/2019\/wp-json\/wp\/v2\/types\/post"}],"author":[{"embeddable":true,"href":"https:\/\/jorgezanoni.com.br\/2019\/wp-json\/wp\/v2\/users\/1"}],"replies":[{"embeddable":true,"href":"https:\/\/jorgezanoni.com.br\/2019\/wp-json\/wp\/v2\/comments?post=45965"}],"version-history":[{"count":0,"href":"https:\/\/jorgezanoni.com.br\/2019\/wp-json\/wp\/v2\/posts\/45965\/revisions"}],"wp:featuredmedia":[{"embeddable":true,"href":"https:\/\/jorgezanoni.com.br\/2019\/wp-json\/wp\/v2\/media\/45968"}],"wp:attachment":[{"href":"https:\/\/jorgezanoni.com.br\/2019\/wp-json\/wp\/v2\/media?parent=45965"}],"wp:term":[{"taxonomy":"category","embeddable":true,"href":"https:\/\/jorgezanoni.com.br\/2019\/wp-json\/wp\/v2\/categories?post=45965"},{"taxonomy":"post_tag","embeddable":true,"href":"https:\/\/jorgezanoni.com.br\/2019\/wp-json\/wp\/v2\/tags?post=45965"}],"curies":[{"name":"wp","href":"https:\/\/api.w.org\/{rel}","templated":true}]}}