{"id":45961,"date":"2021-04-08T23:44:06","date_gmt":"2021-04-08T23:44:06","guid":{"rendered":"https:\/\/jorgezanoni.com.br\/2019\/?p=45961"},"modified":"2021-04-08T23:44:06","modified_gmt":"2021-04-08T23:44:06","slug":"sindrome-do-por-do-sol-e-alzheimer-por-cidinha-pascoaloto","status":"publish","type":"post","link":"https:\/\/jorgezanoni.com.br\/2019\/sindrome-do-por-do-sol-e-alzheimer-por-cidinha-pascoaloto\/","title":{"rendered":"S\u00edndrome do p\u00f4r do sol e Alzheimer  (por Cidinha Pascoaloto)"},"content":{"rendered":"<p style=\"text-align: justify;\">A s\u00edndrome do p\u00f4r do sol \u00e9 um conjunto de altera\u00e7\u00f5es que podem ser desencadeadas pelo entardecer. Quando o sol come\u00e7a a se p\u00f4r os est\u00edmulos visuais do paciente diminuem, o paciente com Alzheimer sente desconforto, apresentando altera\u00e7\u00e3o no comportamento como agita\u00e7\u00e3o, confus\u00e3o mental e mudan\u00e7as de humor. \u00c9 um mal que atinge muitos idosos e principalmente pessoas portadoras de Alzheimer e outras dem\u00eancias. Apesar de n\u00e3o ser ainda muito conhecida, a S\u00edndrome do P\u00f4r do Sol pode estar relacionada a um conjunto de c\u00e9lulas nervosas que mant\u00eam o corpo ligado durante todo o tempo,<\/p>\n<p style=\"text-align: justify;\">\u00a0Essa mudan\u00e7a de comportamento acontece principalmente nos per\u00edodos crepusculares, quando a luz do dia vai dando lugar a escurid\u00e3o da noite. O idoso com Alzheimer tende a se sentir mais confuso, chegando at\u00e9 mesmo a n\u00e3o reconhecer que est\u00e1 em sua casa, pedindo muitas vezes para ir embora.<\/p>\n<p style=\"text-align: justify;\">\u00a0\u00a0Quando isso acontece, a primeira coisa a ser feita \u00e9 tentar focar a aten\u00e7\u00e3o dele em outro ponto, ou levando-o para outro c\u00f4modo da casa. Manter o paciente ativo durante o dia tamb\u00e9m pode amenizar os sintomas.\u00a0 Evitar servir refei\u00e7\u00f5es em hor\u00e1rios noturno, o consumo de cafe\u00edna e a\u00e7\u00facar deve ser evitado a noite. <strong>\u00a0<\/strong>\u00a0Pedir uma avalia\u00e7\u00e3o m\u00e9dica para que possa detectar problemas cl\u00ednicos como dores ou infec\u00e7\u00f5es tamb\u00e9m contribui para a melhor qualidade de vida do paciente.<\/p>\n<p style=\"text-align: justify;\">A exposi\u00e7\u00e3o a luz do sol pode ajudar a reduzir alguns sintomas da s\u00edndrome. Durante o dia manter o paciente em ambiente confort\u00e1vel. A noite manter o quarto com pouca luminosidade para reduzir os riscos de confus\u00e3o mental. Essa maneira de lidar com o idoso ajuda a diminuir a chance de apresentar a s\u00edndrome do p\u00f4r do sol. Existem diversos outros cuidados que podem amenizar os sintomas do Alzheimer.<\/p>\n<p><img loading=\"lazy\" decoding=\"async\" class=\"alignnone size-full wp-image-45962\" src=\"https:\/\/jorgezanoni.com.br\/2019\/wp-content\/uploads\/2021\/04\/Cidinha-1-2-1.jpg\" alt=\"\" width=\"612\" height=\"1136\" srcset=\"https:\/\/jorgezanoni.com.br\/2019\/wp-content\/uploads\/2021\/04\/Cidinha-1-2-1.jpg 612w, https:\/\/jorgezanoni.com.br\/2019\/wp-content\/uploads\/2021\/04\/Cidinha-1-2-1-162x300.jpg 162w, https:\/\/jorgezanoni.com.br\/2019\/wp-content\/uploads\/2021\/04\/Cidinha-1-2-1-552x1024.jpg 552w, https:\/\/jorgezanoni.com.br\/2019\/wp-content\/uploads\/2021\/04\/Cidinha-1-2-1-226x420.jpg 226w\" sizes=\"auto, (max-width: 612px) 100vw, 612px\" \/><\/p>\n<p>Cidinha Pascoaloto \u2013 Psic\u00f3loga -CRP 06\/158174 Terapia cognitivo Comportamental (TCC)Atendimento on-line, contato: (18) 99725-6418<\/p>\n<p style=\"text-align: justify;\">\n<p style=\"text-align: justify;\">\n","protected":false},"excerpt":{"rendered":"<p>A s\u00edndrome do p\u00f4r do sol \u00e9 um conjunto de altera\u00e7\u00f5es que podem ser desencadeadas pelo entardecer. Quando o sol come\u00e7a a se p\u00f4r os est\u00edmulos visuais do paciente diminuem, o paciente com Alzheimer sente desconforto, apresentando altera\u00e7\u00e3o no comportamento como agita\u00e7\u00e3o, confus\u00e3o mental e mudan\u00e7as de humor. \u00c9 um mal que atinge muitos idosos [&hellip;]<\/p>\n","protected":false},"author":1,"featured_media":45963,"comment_status":"closed","ping_status":"open","sticky":false,"template":"","format":"standard","meta":{"footnotes":""},"categories":[175],"tags":[],"class_list":["post-45961","post","type-post","status-publish","format-standard","has-post-thumbnail","hentry","category-artigos"],"_links":{"self":[{"href":"https:\/\/jorgezanoni.com.br\/2019\/wp-json\/wp\/v2\/posts\/45961","targetHints":{"allow":["GET"]}}],"collection":[{"href":"https:\/\/jorgezanoni.com.br\/2019\/wp-json\/wp\/v2\/posts"}],"about":[{"href":"https:\/\/jorgezanoni.com.br\/2019\/wp-json\/wp\/v2\/types\/post"}],"author":[{"embeddable":true,"href":"https:\/\/jorgezanoni.com.br\/2019\/wp-json\/wp\/v2\/users\/1"}],"replies":[{"embeddable":true,"href":"https:\/\/jorgezanoni.com.br\/2019\/wp-json\/wp\/v2\/comments?post=45961"}],"version-history":[{"count":0,"href":"https:\/\/jorgezanoni.com.br\/2019\/wp-json\/wp\/v2\/posts\/45961\/revisions"}],"wp:featuredmedia":[{"embeddable":true,"href":"https:\/\/jorgezanoni.com.br\/2019\/wp-json\/wp\/v2\/media\/45963"}],"wp:attachment":[{"href":"https:\/\/jorgezanoni.com.br\/2019\/wp-json\/wp\/v2\/media?parent=45961"}],"wp:term":[{"taxonomy":"category","embeddable":true,"href":"https:\/\/jorgezanoni.com.br\/2019\/wp-json\/wp\/v2\/categories?post=45961"},{"taxonomy":"post_tag","embeddable":true,"href":"https:\/\/jorgezanoni.com.br\/2019\/wp-json\/wp\/v2\/tags?post=45961"}],"curies":[{"name":"wp","href":"https:\/\/api.w.org\/{rel}","templated":true}]}}