{"id":45958,"date":"2021-04-08T22:22:26","date_gmt":"2021-04-08T22:22:26","guid":{"rendered":"https:\/\/jorgezanoni.com.br\/2019\/?p=45958"},"modified":"2021-04-08T22:22:26","modified_gmt":"2021-04-08T22:22:26","slug":"boletim-atualizado-da-covid-19-da-secretaria-municipal-de-saude-de-dracena-08-04-21","status":"publish","type":"post","link":"https:\/\/jorgezanoni.com.br\/2019\/boletim-atualizado-da-covid-19-da-secretaria-municipal-de-saude-de-dracena-08-04-21\/","title":{"rendered":"Boletim atualizado da COVID-19 da Secretaria Municipal de Sa\u00fade de Dracena 08\/04\/21"},"content":{"rendered":"<div class=\"kvgmc6g5 cxmmr5t8 oygrvhab hcukyx3x c1et5uql ii04i59q\">\n<div dir=\"auto\">BOLETIM EPIDEMIOL\u00d3GICO COVID 19<\/div>\n<div dir=\"auto\">QUINTA-FEIRA (08\/04)<\/div>\n<\/div>\n<div class=\"o9v6fnle cxmmr5t8 oygrvhab hcukyx3x c1et5uql ii04i59q\">\n<div dir=\"auto\">Suspeitos: 10<\/div>\n<div dir=\"auto\">Suspeitos Domiciliar: 10<\/div>\n<div dir=\"auto\">Suspeito Hospitalar: 0<\/div>\n<div dir=\"auto\">Confirmados: 4.064<\/div>\n<div dir=\"auto\">Curados: 3.828<\/div>\n<div dir=\"auto\">Isolamento domiciliar 41<\/div>\n<div dir=\"auto\">Tratamento Hospitalar: 18<\/div>\n<div dir=\"auto\">\u00d3bitos: 177<\/div>\n<div dir=\"auto\"><\/div>\n<\/div>\n<div class=\"o9v6fnle cxmmr5t8 oygrvhab hcukyx3x c1et5uql ii04i59q\">\n<div dir=\"auto\">ALERTA<\/div>\n<div dir=\"auto\">\u00daltimas 24 horas, 8 novos casos da doen\u00e7a<\/div>\n<div dir=\"auto\">\u00daltimas 24 horas, 20 pacientes curados<\/div>\n<div dir=\"auto\"><\/div>\n<\/div>\n<div dir=\"auto\">Fonte: https:\/\/www.facebook.com\/prefeituradracena<\/div>\n","protected":false},"excerpt":{"rendered":"<p>BOLETIM EPIDEMIOL\u00d3GICO COVID 19 QUINTA-FEIRA (08\/04) Suspeitos: 10 Suspeitos Domiciliar: 10 Suspeito Hospitalar: 0 Confirmados: 4.064 Curados: 3.828 Isolamento domiciliar 41 Tratamento Hospitalar: 18 \u00d3bitos: 177 ALERTA \u00daltimas 24 horas, 8 novos casos da doen\u00e7a \u00daltimas 24 horas, 20 pacientes curados Fonte: https:\/\/www.facebook.com\/prefeituradracena<\/p>\n","protected":false},"author":1,"featured_media":45959,"comment_status":"closed","ping_status":"open","sticky":false,"template":"","format":"standard","meta":{"footnotes":""},"categories":[179,184,110],"tags":[],"class_list":["post-45958","post","type-post","status-publish","format-standard","has-post-thumbnail","hentry","category-cidadeseregiao","category-dracena","category-noticiasdestaque"],"_links":{"self":[{"href":"https:\/\/jorgezanoni.com.br\/2019\/wp-json\/wp\/v2\/posts\/45958","targetHints":{"allow":["GET"]}}],"collection":[{"href":"https:\/\/jorgezanoni.com.br\/2019\/wp-json\/wp\/v2\/posts"}],"about":[{"href":"https:\/\/jorgezanoni.com.br\/2019\/wp-json\/wp\/v2\/types\/post"}],"author":[{"embeddable":true,"href":"https:\/\/jorgezanoni.com.br\/2019\/wp-json\/wp\/v2\/users\/1"}],"replies":[{"embeddable":true,"href":"https:\/\/jorgezanoni.com.br\/2019\/wp-json\/wp\/v2\/comments?post=45958"}],"version-history":[{"count":0,"href":"https:\/\/jorgezanoni.com.br\/2019\/wp-json\/wp\/v2\/posts\/45958\/revisions"}],"wp:featuredmedia":[{"embeddable":true,"href":"https:\/\/jorgezanoni.com.br\/2019\/wp-json\/wp\/v2\/media\/45959"}],"wp:attachment":[{"href":"https:\/\/jorgezanoni.com.br\/2019\/wp-json\/wp\/v2\/media?parent=45958"}],"wp:term":[{"taxonomy":"category","embeddable":true,"href":"https:\/\/jorgezanoni.com.br\/2019\/wp-json\/wp\/v2\/categories?post=45958"},{"taxonomy":"post_tag","embeddable":true,"href":"https:\/\/jorgezanoni.com.br\/2019\/wp-json\/wp\/v2\/tags?post=45958"}],"curies":[{"name":"wp","href":"https:\/\/api.w.org\/{rel}","templated":true}]}}