{"id":45955,"date":"2021-04-08T21:53:02","date_gmt":"2021-04-08T21:53:02","guid":{"rendered":"https:\/\/jorgezanoni.com.br\/2019\/?p=45955"},"modified":"2021-04-08T21:53:02","modified_gmt":"2021-04-08T21:53:02","slug":"campanha-de-vacinacao-contra-a-gripe-comum-na-cidade-sera-neste-sabado","status":"publish","type":"post","link":"https:\/\/jorgezanoni.com.br\/2019\/campanha-de-vacinacao-contra-a-gripe-comum-na-cidade-sera-neste-sabado\/","title":{"rendered":"Campanha de vacina\u00e7\u00e3o contra a gripe comum na cidade ser\u00e1 neste s\u00e1bado"},"content":{"rendered":"<p style=\"text-align: justify;\"><strong>O servi\u00e7o atender\u00e1 <em>crian\u00e7as de seis meses a menores de 6 anos, gestantes e pu\u00e9rperas.<\/em><\/strong><\/p>\n<p style=\"text-align: justify;\">Neste s\u00e1bado, dia 10, ser\u00e1 realizada a campanha de vacina\u00e7\u00e3o contra a gripe comum em Dracena. A vacina que ser\u00e1 aplicada protege dos principais tipos de gripe \u2013 H1N1, H3N2 e tipo B.<\/p>\n<p style=\"text-align: justify;\">Atender\u00e1 crian\u00e7as de seis meses a menores de 6 anos (n\u00e3o pode ter 6 anos completos, devem ter 5 anos, 11 meses e 29 dias), gestantes, pu\u00e9rperas (mulheres p\u00f3s parto at\u00e9 45 dias).<\/p>\n<p style=\"text-align: justify;\">Neste mesmo dia ser\u00e1 a oportunidade tamb\u00e9m de atualizar as cadernetas das crian\u00e7as menores de 6 anos. Conforme a Secretaria de Sa\u00fade h\u00e1 muitas crian\u00e7as com vacinas em atraso na cidade.<\/p>\n<p style=\"text-align: justify;\">Caso o munic\u00edpio receba novo lote de vacinas, a campanha ocorrer\u00e1 na pr\u00f3xima semana. Pedimos a popula\u00e7\u00e3o para acompanhar as informa\u00e7\u00f5es oficiais da municipalidade atrav\u00e9s do site www.dracena.sp.gov.br e a p\u00e1gina do Facebook da Prefeitura.<\/p>\n<p style=\"text-align: justify;\"><strong>SERVI\u00c7O:<\/strong><\/p>\n<p style=\"text-align: justify;\">S\u00e1bado, 10, na Policl\u00ednica e na ESF do Jardim Brasil\u00e2ndia.<\/p>\n<p style=\"text-align: justify;\">Das 8h \u00e0s 16h.<\/p>\n<p style=\"text-align: justify;\">Levar caderneta de vacina\u00e7\u00e3o e cart\u00e3o nacional do SUS.<\/p>\n<p>Fonte: Diretoria de Comunica\u00e7\u00e3o<\/p>\n<p>Imagem Ilustrativa<\/p>\n<p>&nbsp;<\/p>\n","protected":false},"excerpt":{"rendered":"<p>O servi\u00e7o atender\u00e1 crian\u00e7as de seis meses a menores de 6 anos, gestantes e pu\u00e9rperas. Neste s\u00e1bado, dia 10, ser\u00e1 realizada a campanha de vacina\u00e7\u00e3o contra a gripe comum em Dracena. A vacina que ser\u00e1 aplicada protege dos principais tipos de gripe \u2013 H1N1, H3N2 e tipo B. Atender\u00e1 crian\u00e7as de seis meses a menores [&hellip;]<\/p>\n","protected":false},"author":1,"featured_media":45956,"comment_status":"closed","ping_status":"open","sticky":false,"template":"","format":"standard","meta":{"footnotes":""},"categories":[110,122],"tags":[],"class_list":["post-45955","post","type-post","status-publish","format-standard","has-post-thumbnail","hentry","category-noticiasdestaque","category-saudeeducacaoeconcurso"],"_links":{"self":[{"href":"https:\/\/jorgezanoni.com.br\/2019\/wp-json\/wp\/v2\/posts\/45955","targetHints":{"allow":["GET"]}}],"collection":[{"href":"https:\/\/jorgezanoni.com.br\/2019\/wp-json\/wp\/v2\/posts"}],"about":[{"href":"https:\/\/jorgezanoni.com.br\/2019\/wp-json\/wp\/v2\/types\/post"}],"author":[{"embeddable":true,"href":"https:\/\/jorgezanoni.com.br\/2019\/wp-json\/wp\/v2\/users\/1"}],"replies":[{"embeddable":true,"href":"https:\/\/jorgezanoni.com.br\/2019\/wp-json\/wp\/v2\/comments?post=45955"}],"version-history":[{"count":0,"href":"https:\/\/jorgezanoni.com.br\/2019\/wp-json\/wp\/v2\/posts\/45955\/revisions"}],"wp:featuredmedia":[{"embeddable":true,"href":"https:\/\/jorgezanoni.com.br\/2019\/wp-json\/wp\/v2\/media\/45956"}],"wp:attachment":[{"href":"https:\/\/jorgezanoni.com.br\/2019\/wp-json\/wp\/v2\/media?parent=45955"}],"wp:term":[{"taxonomy":"category","embeddable":true,"href":"https:\/\/jorgezanoni.com.br\/2019\/wp-json\/wp\/v2\/categories?post=45955"},{"taxonomy":"post_tag","embeddable":true,"href":"https:\/\/jorgezanoni.com.br\/2019\/wp-json\/wp\/v2\/tags?post=45955"}],"curies":[{"name":"wp","href":"https:\/\/api.w.org\/{rel}","templated":true}]}}