{"id":45905,"date":"2021-04-08T00:57:40","date_gmt":"2021-04-08T00:57:40","guid":{"rendered":"https:\/\/jorgezanoni.com.br\/2019\/?p=45905"},"modified":"2021-04-08T00:58:21","modified_gmt":"2021-04-08T00:58:21","slug":"boletim-atualizado-da-covid-19-da-secretaria-municipal-de-saude-de-dracena-14","status":"publish","type":"post","link":"https:\/\/jorgezanoni.com.br\/2019\/boletim-atualizado-da-covid-19-da-secretaria-municipal-de-saude-de-dracena-14\/","title":{"rendered":"Boletim atualizado da COVID-19 da Secretaria Municipal de Sa\u00fade de Dracena 07\/04\/21"},"content":{"rendered":"<div class=\"kvgmc6g5 cxmmr5t8 oygrvhab hcukyx3x c1et5uql ii04i59q\">\n<div dir=\"auto\">BOLETIM EPIDEMIOL\u00d3GICO COVID<\/div>\n<div dir=\"auto\">QUARTA-FEIRA, 7\/04<\/div>\n<\/div>\n<div class=\"o9v6fnle cxmmr5t8 oygrvhab hcukyx3x c1et5uql ii04i59q\">\n<div dir=\"auto\">Suspeitos: 15<\/div>\n<div dir=\"auto\">Suspeitos Domiciliar: 15<\/div>\n<div dir=\"auto\">Suspeitos Hospitalar: 0<\/div>\n<div dir=\"auto\">Confirmados: 4.056<\/div>\n<div dir=\"auto\">Curados: 3.808<\/div>\n<div dir=\"auto\">Isolamento domiciliar: 55<\/div>\n<div dir=\"auto\">Tratamento Hospitalar: 19<\/div>\n<div dir=\"auto\">\u00d3bitos: 175<\/div>\n<\/div>\n<div class=\"o9v6fnle cxmmr5t8 oygrvhab hcukyx3x c1et5uql ii04i59q\">\n<div dir=\"auto\"><span class=\"pq6dq46d tbxw36s4 knj5qynh kvgmc6g5 ditlmg2l oygrvhab nvdbi5me sf5mxxl7 gl3lb2sf hhz5lgdu\"><img loading=\"lazy\" decoding=\"async\" src=\"https:\/\/static.xx.fbcdn.net\/images\/emoji.php\/v9\/t51\/1\/16\/1f449.png\" alt=\"\ud83d\udc49\" width=\"16\" height=\"16\" \/><\/span>ALERTA<\/div>\n<div dir=\"auto\">Nas \u00faltimas 24 horas: 15 casos novos<\/div>\n<div dir=\"auto\">Nas \u00faltimas 24 horas: 5 pacientes curados<\/div>\n<\/div>\n<div class=\"o9v6fnle cxmmr5t8 oygrvhab hcukyx3x c1et5uql ii04i59q\">\n<div dir=\"auto\"><span class=\"pq6dq46d tbxw36s4 knj5qynh kvgmc6g5 ditlmg2l oygrvhab nvdbi5me sf5mxxl7 gl3lb2sf hhz5lgdu\"><img loading=\"lazy\" decoding=\"async\" src=\"https:\/\/static.xx.fbcdn.net\/images\/emoji.php\/v9\/t32\/1\/16\/1f637.png\" alt=\"\ud83d\ude37\" width=\"16\" height=\"16\" \/><\/span> N\u00c3O ESQUE\u00c7AM QUE A PANDEMIA N\u00c3O ACABOU, SE PREVINAM!<\/div>\n<div dir=\"auto\"><\/div>\n<div dir=\"auto\">Fonte: https:\/\/www.facebook.com\/prefeituradracena<\/div>\n<\/div>\n","protected":false},"excerpt":{"rendered":"<p>BOLETIM EPIDEMIOL\u00d3GICO COVID QUARTA-FEIRA, 7\/04 Suspeitos: 15 Suspeitos Domiciliar: 15 Suspeitos Hospitalar: 0 Confirmados: 4.056 Curados: 3.808 Isolamento domiciliar: 55 Tratamento Hospitalar: 19 \u00d3bitos: 175 ALERTA Nas \u00faltimas 24 horas: 15 casos novos Nas \u00faltimas 24 horas: 5 pacientes curados N\u00c3O ESQUE\u00c7AM QUE A PANDEMIA N\u00c3O ACABOU, SE PREVINAM! Fonte: https:\/\/www.facebook.com\/prefeituradracena<\/p>\n","protected":false},"author":1,"featured_media":45906,"comment_status":"closed","ping_status":"open","sticky":false,"template":"","format":"standard","meta":{"footnotes":""},"categories":[179,184,110],"tags":[],"class_list":["post-45905","post","type-post","status-publish","format-standard","has-post-thumbnail","hentry","category-cidadeseregiao","category-dracena","category-noticiasdestaque"],"_links":{"self":[{"href":"https:\/\/jorgezanoni.com.br\/2019\/wp-json\/wp\/v2\/posts\/45905","targetHints":{"allow":["GET"]}}],"collection":[{"href":"https:\/\/jorgezanoni.com.br\/2019\/wp-json\/wp\/v2\/posts"}],"about":[{"href":"https:\/\/jorgezanoni.com.br\/2019\/wp-json\/wp\/v2\/types\/post"}],"author":[{"embeddable":true,"href":"https:\/\/jorgezanoni.com.br\/2019\/wp-json\/wp\/v2\/users\/1"}],"replies":[{"embeddable":true,"href":"https:\/\/jorgezanoni.com.br\/2019\/wp-json\/wp\/v2\/comments?post=45905"}],"version-history":[{"count":0,"href":"https:\/\/jorgezanoni.com.br\/2019\/wp-json\/wp\/v2\/posts\/45905\/revisions"}],"wp:featuredmedia":[{"embeddable":true,"href":"https:\/\/jorgezanoni.com.br\/2019\/wp-json\/wp\/v2\/media\/45906"}],"wp:attachment":[{"href":"https:\/\/jorgezanoni.com.br\/2019\/wp-json\/wp\/v2\/media?parent=45905"}],"wp:term":[{"taxonomy":"category","embeddable":true,"href":"https:\/\/jorgezanoni.com.br\/2019\/wp-json\/wp\/v2\/categories?post=45905"},{"taxonomy":"post_tag","embeddable":true,"href":"https:\/\/jorgezanoni.com.br\/2019\/wp-json\/wp\/v2\/tags?post=45905"}],"curies":[{"name":"wp","href":"https:\/\/api.w.org\/{rel}","templated":true}]}}