{"id":45875,"date":"2021-04-07T21:10:58","date_gmt":"2021-04-07T21:10:58","guid":{"rendered":"https:\/\/jorgezanoni.com.br\/2019\/?p=45875"},"modified":"2021-04-07T21:10:58","modified_gmt":"2021-04-07T21:10:58","slug":"veja-programacao-oficial-da-vacina-covid-do-governo-do-estado-de-sao-paulo","status":"publish","type":"post","link":"https:\/\/jorgezanoni.com.br\/2019\/veja-programacao-oficial-da-vacina-covid-do-governo-do-estado-de-sao-paulo\/","title":{"rendered":"Veja programa\u00e7\u00e3o oficial da Vacina COVID do Governo do Estado de S\u00e3o Paulo"},"content":{"rendered":"<p style=\"text-align: justify;\">#VacinaParaTodos \ud83d\udc89 Mais dois grupos et\u00e1rios v\u00e3o entrar no cronograma de vacina\u00e7\u00e3o contra a COVID-19 no estado de S\u00e3o Paulo. A partir do dia 14 de abril, \u00e9 a vez de quem tem 67 anos. E no dia 21 de abril, pode se vacinar quem tem de 65 a 66 anos. S\u00e3o esperadas 1,1 milh\u00e3o de pessoas dos dois grupos.<br \/>\n\u2800<br \/>\n\u27a1 Para evitar filas e aglomera\u00e7\u00f5es na hora de se vacinar, fa\u00e7a o pr\u00e9-cadastro em vacinaja.sp.gov.br.\u2800<br \/>\n\u2800<br \/>\n\ud83d\uddd3 Fique por dentro da atualiza\u00e7\u00e3o do cronograma de vacina\u00e7\u00e3o no Estado:<br \/>\n\u2800<br \/>\n\u2705 Acima de 90 anos: desde 8 de fevereiro.<br \/>\n\u2705 85 a 89 anos: desde 12 de fevereiro.<br \/>\n\u2705 80 a 84 anos: desde 27 de fevereiro.<br \/>\n\u2705 77 a 79 anos: desde 3 de mar\u00e7o.<br \/>\n\u2705 75 e 76 anos: desde 15 de mar\u00e7o.<br \/>\n\u2705 72 a 74 anos: desde 19 de mar\u00e7o.<br \/>\n\u2705 69 a 71 anos: desde 26 de mar\u00e7o.<br \/>\n\u2705 68 anos: desde 2 de abril.<br \/>\n\u2705 Profissionais de seguran\u00e7a p\u00fablica: desde 5 de abril.<br \/>\n\ud83d\udd1c Profissionais da educa\u00e7\u00e3o: a partir de 12 de abril.<br \/>\n\ud83d\udd1c 67 anos: a partir de 14 de abril<br \/>\n\ud83d\udd1c 65 a 66 anos: a partir de 21 de abril.<\/p>\n<p>Fonte: Governo do Estado de S\u00e3o Paulo<\/p>\n","protected":false},"excerpt":{"rendered":"<p>#VacinaParaTodos \ud83d\udc89 Mais dois grupos et\u00e1rios v\u00e3o entrar no cronograma de vacina\u00e7\u00e3o contra a COVID-19 no estado de S\u00e3o Paulo. A partir do dia 14 de abril, \u00e9 a vez de quem tem 67 anos. E no dia 21 de abril, pode se vacinar quem tem de 65 a 66 anos. S\u00e3o esperadas 1,1 milh\u00e3o [&hellip;]<\/p>\n","protected":false},"author":1,"featured_media":45876,"comment_status":"closed","ping_status":"open","sticky":false,"template":"","format":"standard","meta":{"footnotes":""},"categories":[110,116],"tags":[],"class_list":["post-45875","post","type-post","status-publish","format-standard","has-post-thumbnail","hentry","category-noticiasdestaque","category-politicaeeconomia"],"_links":{"self":[{"href":"https:\/\/jorgezanoni.com.br\/2019\/wp-json\/wp\/v2\/posts\/45875","targetHints":{"allow":["GET"]}}],"collection":[{"href":"https:\/\/jorgezanoni.com.br\/2019\/wp-json\/wp\/v2\/posts"}],"about":[{"href":"https:\/\/jorgezanoni.com.br\/2019\/wp-json\/wp\/v2\/types\/post"}],"author":[{"embeddable":true,"href":"https:\/\/jorgezanoni.com.br\/2019\/wp-json\/wp\/v2\/users\/1"}],"replies":[{"embeddable":true,"href":"https:\/\/jorgezanoni.com.br\/2019\/wp-json\/wp\/v2\/comments?post=45875"}],"version-history":[{"count":0,"href":"https:\/\/jorgezanoni.com.br\/2019\/wp-json\/wp\/v2\/posts\/45875\/revisions"}],"wp:featuredmedia":[{"embeddable":true,"href":"https:\/\/jorgezanoni.com.br\/2019\/wp-json\/wp\/v2\/media\/45876"}],"wp:attachment":[{"href":"https:\/\/jorgezanoni.com.br\/2019\/wp-json\/wp\/v2\/media?parent=45875"}],"wp:term":[{"taxonomy":"category","embeddable":true,"href":"https:\/\/jorgezanoni.com.br\/2019\/wp-json\/wp\/v2\/categories?post=45875"},{"taxonomy":"post_tag","embeddable":true,"href":"https:\/\/jorgezanoni.com.br\/2019\/wp-json\/wp\/v2\/tags?post=45875"}],"curies":[{"name":"wp","href":"https:\/\/api.w.org\/{rel}","templated":true}]}}