{"id":45871,"date":"2021-04-07T14:27:13","date_gmt":"2021-04-07T14:27:13","guid":{"rendered":"https:\/\/jorgezanoni.com.br\/2019\/?p=45871"},"modified":"2021-04-07T14:27:13","modified_gmt":"2021-04-07T14:27:13","slug":"anglo-cid-realiza-webevento-de-pascoa","status":"publish","type":"post","link":"https:\/\/jorgezanoni.com.br\/2019\/anglo-cid-realiza-webevento-de-pascoa\/","title":{"rendered":"Anglo-CID realiza webevento de P\u00e1scoa"},"content":{"rendered":"<div>\n<p dir=\"ltr\" style=\"text-align: justify;\">Anualmente, o Anglo-CID de Dracena realiza o evento &#8220;A lembran\u00e7a mais doce&#8221; em comemora\u00e7\u00e3o \u00e0 P\u00e1scoa. Por conta da pandemia, o evento n\u00e3o p\u00f4de ser realizado, mas nem por isso a escola deixou a data passar em branco!<br \/>\nOs alunos do ensino fundamental I participaram ao vivo, na quinta-feira, 1\u00ba de abril, de um evento virtual animado, que contou com o Culto \u00e0 Bandeira, leitura de poemas e textos sobre a P\u00e1scoa, pelos alunos do 5\u00ba ano Aim\u00ea Possari Neves e Felipe Esteves.<br \/>\nO professor de Artes Esp. Marcelo Sobrinho (um dos organizadores do evento) destacou que, mesmo on-line, a escola sempre busca unir os alunos em datas comemorativas. &#8220;Mesmo com as aulas remotas, n\u00f3s estamos unidos. \u00c9 gratificante ver os familiares participando com a escola desses eventos tamb\u00e9m&#8221;, refor\u00e7ou o docente.<br \/>\nA vice-diretora do Anglo-CID Tatiana Pelisson Froio ressaltou que\u00a0 a escola permanece com sua ess\u00eancia, celebrando as datas comemorativas para que n\u00e3o sejam esquecidas, uma vez que a escola procura manter a tradi\u00e7\u00e3o com inova\u00e7\u00e3o em todas as suas a\u00e7\u00f5es.<br \/>\nA diretora do Anglo-CID Eul\u00e1lia Pires Fava finalizou o evento, refor\u00e7ando o elo entre fam\u00edlia, escola e alunos. Alguns pais estiveram presentes, mostrando a relev\u00e2ncia dessa parceria e transmitindo ainda mais alegria e companheirismo para a supera\u00e7\u00e3o das dificuldades.<\/p>\n<p dir=\"ltr\"><img loading=\"lazy\" decoding=\"async\" class=\"alignnone size-full wp-image-45873\" src=\"https:\/\/jorgezanoni.com.br\/2019\/wp-content\/uploads\/2021\/04\/web1.jpg\" alt=\"\" width=\"1046\" height=\"669\" srcset=\"https:\/\/jorgezanoni.com.br\/2019\/wp-content\/uploads\/2021\/04\/web1.jpg 1046w, https:\/\/jorgezanoni.com.br\/2019\/wp-content\/uploads\/2021\/04\/web1-300x192.jpg 300w, https:\/\/jorgezanoni.com.br\/2019\/wp-content\/uploads\/2021\/04\/web1-1024x655.jpg 1024w, https:\/\/jorgezanoni.com.br\/2019\/wp-content\/uploads\/2021\/04\/web1-768x491.jpg 768w, https:\/\/jorgezanoni.com.br\/2019\/wp-content\/uploads\/2021\/04\/web1-696x445.jpg 696w, https:\/\/jorgezanoni.com.br\/2019\/wp-content\/uploads\/2021\/04\/web1-657x420.jpg 657w\" sizes=\"auto, (max-width: 1046px) 100vw, 1046px\" \/><\/p>\n<\/div>\n<div class=\"gmail_signature\" dir=\"ltr\">\n<div dir=\"ltr\">Carolina Colnago<br \/>\nAssistente de Comunica\u00e7\u00e3o<br \/>\nFunda\u00e7\u00e3o Dracenense de Educa\u00e7\u00e3o e Cultura<\/div>\n<\/div>\n","protected":false},"excerpt":{"rendered":"<p>Anualmente, o Anglo-CID de Dracena realiza o evento &#8220;A lembran\u00e7a mais doce&#8221; em comemora\u00e7\u00e3o \u00e0 P\u00e1scoa. Por conta da pandemia, o evento n\u00e3o p\u00f4de ser realizado, mas nem por isso a escola deixou a data passar em branco! Os alunos do ensino fundamental I participaram ao vivo, na quinta-feira, 1\u00ba de abril, de um evento [&hellip;]<\/p>\n","protected":false},"author":1,"featured_media":45872,"comment_status":"closed","ping_status":"open","sticky":false,"template":"","format":"standard","meta":{"footnotes":""},"categories":[122],"tags":[],"class_list":["post-45871","post","type-post","status-publish","format-standard","has-post-thumbnail","hentry","category-saudeeducacaoeconcurso"],"_links":{"self":[{"href":"https:\/\/jorgezanoni.com.br\/2019\/wp-json\/wp\/v2\/posts\/45871","targetHints":{"allow":["GET"]}}],"collection":[{"href":"https:\/\/jorgezanoni.com.br\/2019\/wp-json\/wp\/v2\/posts"}],"about":[{"href":"https:\/\/jorgezanoni.com.br\/2019\/wp-json\/wp\/v2\/types\/post"}],"author":[{"embeddable":true,"href":"https:\/\/jorgezanoni.com.br\/2019\/wp-json\/wp\/v2\/users\/1"}],"replies":[{"embeddable":true,"href":"https:\/\/jorgezanoni.com.br\/2019\/wp-json\/wp\/v2\/comments?post=45871"}],"version-history":[{"count":0,"href":"https:\/\/jorgezanoni.com.br\/2019\/wp-json\/wp\/v2\/posts\/45871\/revisions"}],"wp:featuredmedia":[{"embeddable":true,"href":"https:\/\/jorgezanoni.com.br\/2019\/wp-json\/wp\/v2\/media\/45872"}],"wp:attachment":[{"href":"https:\/\/jorgezanoni.com.br\/2019\/wp-json\/wp\/v2\/media?parent=45871"}],"wp:term":[{"taxonomy":"category","embeddable":true,"href":"https:\/\/jorgezanoni.com.br\/2019\/wp-json\/wp\/v2\/categories?post=45871"},{"taxonomy":"post_tag","embeddable":true,"href":"https:\/\/jorgezanoni.com.br\/2019\/wp-json\/wp\/v2\/tags?post=45871"}],"curies":[{"name":"wp","href":"https:\/\/api.w.org\/{rel}","templated":true}]}}