{"id":45868,"date":"2021-04-07T14:12:41","date_gmt":"2021-04-07T14:12:41","guid":{"rendered":"https:\/\/jorgezanoni.com.br\/2019\/?p=45868"},"modified":"2021-04-07T14:12:41","modified_gmt":"2021-04-07T14:12:41","slug":"mancha-verde-doa-mascaras-para-a-area-da-saude","status":"publish","type":"post","link":"https:\/\/jorgezanoni.com.br\/2019\/mancha-verde-doa-mascaras-para-a-area-da-saude\/","title":{"rendered":"Mancha Verde doa m\u00e1scaras para a \u00e1rea da Sa\u00fade"},"content":{"rendered":"<p class=\"ydp8fd94899MsoNormal\" style=\"text-align: justify;\">Em fun\u00e7\u00e3o da Covid-19, a Mancha Alvi Verde de Dracena realizou a campanha de arrecada\u00e7\u00e3o de m\u00e1scaras de prote\u00e7\u00e3o facial entre seus associados e efetuou a doa\u00e7\u00e3o de 30 unidades para os respons\u00e1veis pelo Cemac\/PAM.<\/p>\n<p class=\"ydp8fd94899MsoNormal\" style=\"text-align: justify;\">Foi mais uma a\u00e7\u00e3o da Mancha Dracena, que ao longo do ano realiza campanhas em favor da comunidade.<\/p>\n<p class=\"ydp8fd94899MsoNormal\" style=\"text-align: justify;\">A Mancha avisa seus integrantes que em breve pretende reabrir sua sede na Rua Princesa Isabel para acompanhamento dos jogos do Palmeiras.<\/p>\n","protected":false},"excerpt":{"rendered":"<p>Em fun\u00e7\u00e3o da Covid-19, a Mancha Alvi Verde de Dracena realizou a campanha de arrecada\u00e7\u00e3o de m\u00e1scaras de prote\u00e7\u00e3o facial entre seus associados e efetuou a doa\u00e7\u00e3o de 30 unidades para os respons\u00e1veis pelo Cemac\/PAM. Foi mais uma a\u00e7\u00e3o da Mancha Dracena, que ao longo do ano realiza campanhas em favor da comunidade. A Mancha [&hellip;]<\/p>\n","protected":false},"author":1,"featured_media":45869,"comment_status":"closed","ping_status":"open","sticky":false,"template":"","format":"standard","meta":{"footnotes":""},"categories":[118],"tags":[],"class_list":["post-45868","post","type-post","status-publish","format-standard","has-post-thumbnail","hentry","category-religiaoesolidariedade"],"_links":{"self":[{"href":"https:\/\/jorgezanoni.com.br\/2019\/wp-json\/wp\/v2\/posts\/45868","targetHints":{"allow":["GET"]}}],"collection":[{"href":"https:\/\/jorgezanoni.com.br\/2019\/wp-json\/wp\/v2\/posts"}],"about":[{"href":"https:\/\/jorgezanoni.com.br\/2019\/wp-json\/wp\/v2\/types\/post"}],"author":[{"embeddable":true,"href":"https:\/\/jorgezanoni.com.br\/2019\/wp-json\/wp\/v2\/users\/1"}],"replies":[{"embeddable":true,"href":"https:\/\/jorgezanoni.com.br\/2019\/wp-json\/wp\/v2\/comments?post=45868"}],"version-history":[{"count":0,"href":"https:\/\/jorgezanoni.com.br\/2019\/wp-json\/wp\/v2\/posts\/45868\/revisions"}],"wp:featuredmedia":[{"embeddable":true,"href":"https:\/\/jorgezanoni.com.br\/2019\/wp-json\/wp\/v2\/media\/45869"}],"wp:attachment":[{"href":"https:\/\/jorgezanoni.com.br\/2019\/wp-json\/wp\/v2\/media?parent=45868"}],"wp:term":[{"taxonomy":"category","embeddable":true,"href":"https:\/\/jorgezanoni.com.br\/2019\/wp-json\/wp\/v2\/categories?post=45868"},{"taxonomy":"post_tag","embeddable":true,"href":"https:\/\/jorgezanoni.com.br\/2019\/wp-json\/wp\/v2\/tags?post=45868"}],"curies":[{"name":"wp","href":"https:\/\/api.w.org\/{rel}","templated":true}]}}