{"id":45865,"date":"2021-04-07T13:41:44","date_gmt":"2021-04-07T13:41:44","guid":{"rendered":"https:\/\/jorgezanoni.com.br\/2019\/?p=45865"},"modified":"2021-04-07T13:41:44","modified_gmt":"2021-04-07T13:41:44","slug":"politica-provincia-e-ser-ou-nao-ser-jornalista-por-sergio-barbosa","status":"publish","type":"post","link":"https:\/\/jorgezanoni.com.br\/2019\/politica-provincia-e-ser-ou-nao-ser-jornalista-por-sergio-barbosa\/","title":{"rendered":"Pol\u00edtica, Prov\u00edncia e &#8220;Ser ou n\u00e3o ser Jornalista&#8221;&#8230; (por S\u00e9rgio Barbosa)"},"content":{"rendered":"<p style=\"text-align: justify;\"><strong>POL\u00cdTICA, PROV\u00cdNCIA E \u201cSER OU N\u00c3O SER JORNALISTA\u201d&#8230;<\/strong><\/p>\n<p style=\"text-align: justify;\"><em>\u201cPorque o jornalismo \u00e9 uma paix\u00e3o insaci\u00e1vel que s\u00f3 se pode digerir e humanizar mediante a confronta\u00e7\u00e3o descarnada com a realidade. Quem n\u00e3o sofreu essa servid\u00e3o que se alimenta dos imprevistos da vida, n\u00e3o pode imagin\u00e1-la. Quem n\u00e3o viveu a palpita\u00e7\u00e3o sobrenatural da not\u00edcia, o orgasmo do furo, a demoli\u00e7\u00e3o moral do fracasso, n\u00e3o pode sequer conceber o que s\u00e3o. Ningu\u00e9m que n\u00e3o tenha nascido para isso e esteja disposto a viver s\u00f3 para isso poderia persistir numa profiss\u00e3o t\u00e3o incompreens\u00edvel e voraz, cuja obra termina depois de cada not\u00edcia, como se fora para sempre, mas que n\u00e3o concede um instante de paz enquanto n\u00e3o torna a come\u00e7ar com mais ardor do que nunca no minuto seguinte.\u201d (<\/em><a href=\"https:\/\/www.pensador.com\/autor\/gabriel_garcia_marquez\/\"><em>Gabriel Garc\u00eda M\u00e1rquez<\/em><\/a><em>)<\/em><\/p>\n<p style=\"text-align: justify;\"><strong><em>S\u00e9rgio Barbosa (*)<\/em><\/strong><\/p>\n<p style=\"text-align: justify;\">Do jeito que as coisas est\u00e3o caminhando neste PA\u00cdS DO FAZ DE CONTA, bem como, nesta PROV\u00cdNCIA onde tudo pode acontecer, ainda, cada qual deve saber onde aperta o seu cinto ou sua cinta neste VELHO TEMPO NOVO&#8230;<\/p>\n<p style=\"text-align: justify;\">No meio de tantos COISOS, se bem que EU AVISEI e deu no que deu, por\u00e9m, daqui pra frente \u00e9 mais ou menos de acordo com o dito popular, ou seja, CADA UM PRA SI E SALVE-SE QUEM PUDER&#8230;<\/p>\n<p style=\"text-align: justify;\">Nesta data, 7 de ABRIL, a conversa \u00e9 sobre QUEM \u00c9 QUEM quanto ao SER JORNALISTA em terras provincianas, considerando que existem algumas pessoas que vivem dizendo isto ou aquilo quanto ao SER JORNALISTA, assim, registro que nestes ocasos de um talvez e ponto final, CADA LOUCO\/A COM SUA MANIA&#8230;<\/p>\n<p style=\"text-align: justify;\">No meu caso em especial, tal qual est\u00e1 REGISTRADO NA MINHA CARTEIRA PROFISSIONAL desde o ano de 1.986 com CARIMBO DO MINIST\u00c9RIO DO TRABALHO (que n\u00e3o existe mais), bem como, tendo como REGISTRO de JORNALISTA PROFISSIONAL DIPLOMADO (MTb No. 16.772\/SP) e assim vamos que vamos em meio aos desencontros entre o SER e o ESTAR&#8230;<\/p>\n<p style=\"text-align: justify;\">Tais discuss\u00f5es n\u00e3o levam a \u201clugar nenhum\u201d, tal qual aquela m\u00fasica da Banda de ROCK TIT\u00c3S, al\u00e9m do mais em meio ao tudo de menos, QUALQUER PESSOA COM MAIS DE 18 ANOS pode conseguir o REGISTRO DE JORNALISTA PROFISSIONAL neste PA\u00cdS DO FAZ DE CONTA&#8230;<\/p>\n<p style=\"text-align: justify;\">Todavia, se desejar ter o REGISTRO COMO JORNALISTA DIPLOMADO ter\u00e1 que cursar uma FACULDADE DE JORNALISMO e depois de 4 longos anos vai ter condi\u00e7\u00f5es acad\u00eamicas de conseguir o REGISTRO COMO JORNALSITA DIPLOMADO&#8230;<\/p>\n<p style=\"text-align: justify;\">Entendo que a FACULDADE por meio do ENSINO SUPERIOR oferece aquele algo mais que o MERCADO n\u00e3o tem condi\u00e7\u00f5es de oferecer, ou seja, a REFLEX\u00c3O CR\u00cdTICA sobre o contexto GLOCAL, a saber: DO GLOBAL PARA O LOCAL em tempo de p\u00f3s-globaliza\u00e7\u00e3o midi\u00e1tica&#8230;<\/p>\n<p style=\"text-align: justify;\">Faz-se necess\u00e1rio por meio de pesquisas e leituras nestes 4 anos de Curso de JORNALISMO saber conectar o passado com o presente por meio de uma conex\u00e3o com o futuro, utilizando fatos e outras quest\u00f5es nas \u00c1reas da HIST\u00d3RIA, FILOSOFIA, PSICOLOGIA, ANTROPOLOGIA, TEORIAS DA COMUNICA\u00c7\u00c3O, REDA\u00c7\u00c3O JORNAL\u00cdSTICA, L\u00cdNGUA PORTUGUESA etc&#8230;<\/p>\n<p style=\"text-align: justify;\">Sendo assim, fica mais do que complicado debater isto ou aquilo com quem n\u00e3o reproduz o famigerado SENSO COMUM em terras provincianas, tamb\u00e9m, o que determina isto ou aquilo em todas as \u00e1reas do mercado \u00e9 a COMPET\u00caNCIA neste VELHO TEMPO NOVO&#8230;<\/p>\n<p style=\"text-align: justify;\"><em>_____________________________________<\/em><\/p>\n<p style=\"text-align: justify;\"><em>(*) Bacharel em Comunica\u00e7\u00e3o Social com habilita\u00e7\u00e3o em JORNALISMO pela FCS\/IMS de SBCAMPO-SP (1980\/1983), Desenvolveu atividades nas \u00e1reas de Assessoria de Imprensa e \u00a0Consultoria em Comunica\u00e7\u00e3o Organizacional, tamb\u00e9m, como Pesquisador-Colaborador da C\u00c1TEDRA UNESCO\/METODISTA DE COMUNICA\u00c7\u00c3O PARA O DESENVOLVIMENTO REGIONAL (1.998\/2.018). Coordenador do DE.COM\/FAI (2.002\/2.008), Diretor\/Jornalista Respons\u00e1vel pela R\u00c1DIO CULTURA FM\/FAI, N\u00daCLEO MIDI\u00c1TICO, SITE DA FAI, JORNAL DA FAI e REVISTA OMNIA (1.999\/2.008). Autor de mais de 2.700 artigos publicados em jornais, revistas e m\u00eddias digitais. Articulista dos sites: LIFE FM, ADAMANTINA NET e SIGA MAIS (Adamantina), ACONTECE OESTE e OCNet (Osvaldo Cruz), KAKO NEWS (Luc\u00e9lia) JORGE ZANONI (Dracena) e FANPAGE EMP\u00d3RIO SEBAR. Assessor Executivo da ASSPEM- Assessoria Empresarial e P\u00fablica. Autor do LIVRO\/E-BOOK- ADAMANTINA: NOVAS PERSPECTIVAS DE ORGANIZA\u00c7\u00d5ES EMPRESARIAIS (2.021) e \u00a0Professor Univ<\/em><\/p>\n","protected":false},"excerpt":{"rendered":"<p>POL\u00cdTICA, PROV\u00cdNCIA E \u201cSER OU N\u00c3O SER JORNALISTA\u201d&#8230; \u201cPorque o jornalismo \u00e9 uma paix\u00e3o insaci\u00e1vel que s\u00f3 se pode digerir e humanizar mediante a confronta\u00e7\u00e3o descarnada com a realidade. Quem n\u00e3o sofreu essa servid\u00e3o que se alimenta dos imprevistos da vida, n\u00e3o pode imagin\u00e1-la. Quem n\u00e3o viveu a palpita\u00e7\u00e3o sobrenatural da not\u00edcia, o orgasmo do [&hellip;]<\/p>\n","protected":false},"author":1,"featured_media":45866,"comment_status":"closed","ping_status":"open","sticky":false,"template":"","format":"standard","meta":{"footnotes":""},"categories":[175],"tags":[],"class_list":["post-45865","post","type-post","status-publish","format-standard","has-post-thumbnail","hentry","category-artigos"],"_links":{"self":[{"href":"https:\/\/jorgezanoni.com.br\/2019\/wp-json\/wp\/v2\/posts\/45865","targetHints":{"allow":["GET"]}}],"collection":[{"href":"https:\/\/jorgezanoni.com.br\/2019\/wp-json\/wp\/v2\/posts"}],"about":[{"href":"https:\/\/jorgezanoni.com.br\/2019\/wp-json\/wp\/v2\/types\/post"}],"author":[{"embeddable":true,"href":"https:\/\/jorgezanoni.com.br\/2019\/wp-json\/wp\/v2\/users\/1"}],"replies":[{"embeddable":true,"href":"https:\/\/jorgezanoni.com.br\/2019\/wp-json\/wp\/v2\/comments?post=45865"}],"version-history":[{"count":0,"href":"https:\/\/jorgezanoni.com.br\/2019\/wp-json\/wp\/v2\/posts\/45865\/revisions"}],"wp:featuredmedia":[{"embeddable":true,"href":"https:\/\/jorgezanoni.com.br\/2019\/wp-json\/wp\/v2\/media\/45866"}],"wp:attachment":[{"href":"https:\/\/jorgezanoni.com.br\/2019\/wp-json\/wp\/v2\/media?parent=45865"}],"wp:term":[{"taxonomy":"category","embeddable":true,"href":"https:\/\/jorgezanoni.com.br\/2019\/wp-json\/wp\/v2\/categories?post=45865"},{"taxonomy":"post_tag","embeddable":true,"href":"https:\/\/jorgezanoni.com.br\/2019\/wp-json\/wp\/v2\/tags?post=45865"}],"curies":[{"name":"wp","href":"https:\/\/api.w.org\/{rel}","templated":true}]}}