{"id":45860,"date":"2021-04-07T13:01:51","date_gmt":"2021-04-07T13:01:51","guid":{"rendered":"https:\/\/jorgezanoni.com.br\/2019\/?p=45860"},"modified":"2021-04-07T13:01:51","modified_gmt":"2021-04-07T13:01:51","slug":"hoje-e-comemorado-o-dia-do-jornalista","status":"publish","type":"post","link":"https:\/\/jorgezanoni.com.br\/2019\/hoje-e-comemorado-o-dia-do-jornalista\/","title":{"rendered":"Hoje \u00e9 comemorado o &#8220;Dia do Jornalista&#8221;"},"content":{"rendered":"<p style=\"text-align: justify;\"><strong>JORNALISTA:<\/strong> <strong><em>&#8220;Voc\u00ea nos d\u00e1 ouvidos. Voc\u00ea nos d\u00e1 olhos. Voc\u00ea nos d\u00e1 voz. E n\u00f3s damos os parab\u00e9ns!&#8221; (An\u00f4nimo)<\/em><\/strong><\/p>\n<p style=\"text-align: justify;\">A data homenageia o trabalho dos profissionais da m\u00eddia, respons\u00e1veis por apurar fatos e levar as informa\u00e7\u00f5es sobre os acontecimentos locais, regionais, nacionais e internacionais para as pessoas, de maneira imparcial e \u00e9tica. Seja na r\u00e1dio, na televis\u00e3o ou nos jornais impressos, Sites ou Blogs, o jornalista deve sempre trabalhar tendo como base a imparcialidade e fontes de informa\u00e7\u00e3o confi\u00e1veis.<\/p>\n<h2 style=\"text-align: justify;\">Origem do Dia do Jornalista<\/h2>\n<p style=\"text-align: justify;\">O Dia do Jornalista foi criado pela\u00a0<strong>Associa\u00e7\u00e3o Brasileira de Imprensa (ABI)<\/strong>\u00a0como uma homenagem a\u00a0<strong>Giovanni\u00a0<\/strong><strong>Battista<\/strong><strong>\u00a0Libero Badar\u00f3<\/strong>, importante personalidade na luta pelo fim da monarquia portuguesa e Independ\u00eancia do Brasil.<\/p>\n<p style=\"text-align: justify;\">Giovanni Badar\u00f3 foi m\u00e9dico e jornalista, e foi assassinado no dia 22 de novembro de 1830, em S\u00e3o Paulo, por alguns dos seus inimigos pol\u00edticos. O movimento popular que se gerou por causa do seu assassinato levou D. Pedro I a abdicar do trono em 1831, no dia 7 de abril, deixando o lugar para D. Pedro II, seu filho, com apenas 14 anos de idade.<\/p>\n<p style=\"text-align: justify;\">Foi s\u00f3 em 1931, cem anos depois do acontecimento, que surgiu a homenagem e o dia 7 de abril passou a ser Dia do Jornalista.<\/p>\n<p style=\"text-align: justify;\">Foi tamb\u00e9m no dia 7 de Abril que a Associa\u00e7\u00e3o Brasileira de Imprensa foi fundada, em 1908, com o objetivo de assegurar aos jornalistas todos os seus direitos.<\/p>\n<p style=\"text-align: justify;\"><strong><em>&#8220;Mais do que transformar os fatos em not\u00edcias, voc\u00ea \u00e9 respons\u00e1vel por perpetuar os acontecimentos na hist\u00f3ria.&#8221;<\/em><\/strong><\/p>\n<p style=\"text-align: justify;\"><strong><em>&#8220;Jornalismo \u00e9 publicar aquilo que algu\u00e9m n\u00e3o quer que se publique. Todo o resto \u00e9 publicidade.&#8221; (George Orwell)<\/em><\/strong><\/p>\n<p>Fonte: https:\/\/www.calendarr.com\/brasil\/dia-do-jornalista\/<\/p>\n<p>Imagem Ilustrativa<\/p>\n<p style=\"text-align: justify;\">\n","protected":false},"excerpt":{"rendered":"<p>JORNALISTA: &#8220;Voc\u00ea nos d\u00e1 ouvidos. Voc\u00ea nos d\u00e1 olhos. Voc\u00ea nos d\u00e1 voz. E n\u00f3s damos os parab\u00e9ns!&#8221; (An\u00f4nimo) A data homenageia o trabalho dos profissionais da m\u00eddia, respons\u00e1veis por apurar fatos e levar as informa\u00e7\u00f5es sobre os acontecimentos locais, regionais, nacionais e internacionais para as pessoas, de maneira imparcial e \u00e9tica. Seja na r\u00e1dio, [&hellip;]<\/p>\n","protected":false},"author":1,"featured_media":45861,"comment_status":"closed","ping_status":"open","sticky":false,"template":"","format":"standard","meta":{"footnotes":""},"categories":[114,110],"tags":[],"class_list":["post-45860","post","type-post","status-publish","format-standard","has-post-thumbnail","hentry","category-geralecomercio","category-noticiasdestaque"],"_links":{"self":[{"href":"https:\/\/jorgezanoni.com.br\/2019\/wp-json\/wp\/v2\/posts\/45860","targetHints":{"allow":["GET"]}}],"collection":[{"href":"https:\/\/jorgezanoni.com.br\/2019\/wp-json\/wp\/v2\/posts"}],"about":[{"href":"https:\/\/jorgezanoni.com.br\/2019\/wp-json\/wp\/v2\/types\/post"}],"author":[{"embeddable":true,"href":"https:\/\/jorgezanoni.com.br\/2019\/wp-json\/wp\/v2\/users\/1"}],"replies":[{"embeddable":true,"href":"https:\/\/jorgezanoni.com.br\/2019\/wp-json\/wp\/v2\/comments?post=45860"}],"version-history":[{"count":0,"href":"https:\/\/jorgezanoni.com.br\/2019\/wp-json\/wp\/v2\/posts\/45860\/revisions"}],"wp:featuredmedia":[{"embeddable":true,"href":"https:\/\/jorgezanoni.com.br\/2019\/wp-json\/wp\/v2\/media\/45861"}],"wp:attachment":[{"href":"https:\/\/jorgezanoni.com.br\/2019\/wp-json\/wp\/v2\/media?parent=45860"}],"wp:term":[{"taxonomy":"category","embeddable":true,"href":"https:\/\/jorgezanoni.com.br\/2019\/wp-json\/wp\/v2\/categories?post=45860"},{"taxonomy":"post_tag","embeddable":true,"href":"https:\/\/jorgezanoni.com.br\/2019\/wp-json\/wp\/v2\/tags?post=45860"}],"curies":[{"name":"wp","href":"https:\/\/api.w.org\/{rel}","templated":true}]}}