{"id":4586,"date":"2019-08-23T23:49:58","date_gmt":"2019-08-23T23:49:58","guid":{"rendered":"https:\/\/jorgezanoni.com.br\/2019\/?p=4586"},"modified":"2019-08-23T23:49:58","modified_gmt":"2019-08-23T23:49:58","slug":"primeira-celebracao-no-santuario-das-sementes-crioulas-aconteceu-em-pauliceia","status":"publish","type":"post","link":"https:\/\/jorgezanoni.com.br\/2019\/primeira-celebracao-no-santuario-das-sementes-crioulas-aconteceu-em-pauliceia\/","title":{"rendered":"Primeira Celebra\u00e7\u00e3o no Santu\u00e1rio das Sementes Crioulas aconteceu em Paulic\u00e9ia"},"content":{"rendered":"<h2 class=\"subject\"><img loading=\"lazy\" decoding=\"async\" class=\"alignnone size-full wp-image-4587\" src=\"https:\/\/jorgezanoni.com.br\/2019\/wp-content\/uploads\/2019\/08\/missa.jpg\" alt=\"\" width=\"1387\" height=\"640\" srcset=\"https:\/\/jorgezanoni.com.br\/2019\/wp-content\/uploads\/2019\/08\/missa.jpg 1387w, https:\/\/jorgezanoni.com.br\/2019\/wp-content\/uploads\/2019\/08\/missa-300x138.jpg 300w, https:\/\/jorgezanoni.com.br\/2019\/wp-content\/uploads\/2019\/08\/missa-768x354.jpg 768w, https:\/\/jorgezanoni.com.br\/2019\/wp-content\/uploads\/2019\/08\/missa-1024x473.jpg 1024w, https:\/\/jorgezanoni.com.br\/2019\/wp-content\/uploads\/2019\/08\/missa-696x321.jpg 696w, https:\/\/jorgezanoni.com.br\/2019\/wp-content\/uploads\/2019\/08\/missa-1068x493.jpg 1068w, https:\/\/jorgezanoni.com.br\/2019\/wp-content\/uploads\/2019\/08\/missa-910x420.jpg 910w\" sizes=\"auto, (max-width: 1387px) 100vw, 1387px\" \/><\/h2>\n<p style=\"text-align: justify;\">Aconteceu na \u00faltima segunda-feira (19) a &#8220;Primeira Celebra\u00e7\u00e3o do Santu\u00e1rio das Sementes Crioulas&#8221; no Assentamento Reg\u00eancia em Pauliceia, o evento aconteceu no s\u00edtio do Senhor Jos\u00e9 Luiz.<\/p>\n<p style=\"text-align: justify;\">As sementes s\u00e3o fruto do trabalho humano que dignifica a humanidade, comungando desse pensamento ocorreu a primeira celebra\u00e7\u00e3o do &#8220;Santu\u00e1rio das Sementes Crioulas&#8221; santu\u00e1rio pois dentro dele existe algo de precioso o fruto do trabalho do homem da ro\u00e7a que luta pelo bem comum.<\/p>\n<p><img loading=\"lazy\" decoding=\"async\" class=\"alignnone size-full wp-image-4588\" src=\"https:\/\/jorgezanoni.com.br\/2019\/wp-content\/uploads\/2019\/08\/missa1.jpg\" alt=\"\" width=\"1387\" height=\"640\" srcset=\"https:\/\/jorgezanoni.com.br\/2019\/wp-content\/uploads\/2019\/08\/missa1.jpg 1387w, https:\/\/jorgezanoni.com.br\/2019\/wp-content\/uploads\/2019\/08\/missa1-300x138.jpg 300w, https:\/\/jorgezanoni.com.br\/2019\/wp-content\/uploads\/2019\/08\/missa1-768x354.jpg 768w, https:\/\/jorgezanoni.com.br\/2019\/wp-content\/uploads\/2019\/08\/missa1-1024x473.jpg 1024w, https:\/\/jorgezanoni.com.br\/2019\/wp-content\/uploads\/2019\/08\/missa1-696x321.jpg 696w, https:\/\/jorgezanoni.com.br\/2019\/wp-content\/uploads\/2019\/08\/missa1-1068x493.jpg 1068w, https:\/\/jorgezanoni.com.br\/2019\/wp-content\/uploads\/2019\/08\/missa1-910x420.jpg 910w\" sizes=\"auto, (max-width: 1387px) 100vw, 1387px\" \/><\/p>\n<p style=\"text-align: justify;\">Este encontro reu<span class=\"gmail-text_exposed_show\">niu cerca de 96 pessoas de diversas regi\u00f5es do estado de S\u00e3o Paulo e da cidade de Brasil\u00e2ndia situado e do estado do Mato Grosso do Sul, na ilustre presen\u00e7a do Di\u00e1cono Carlito Dutra. O Prefeito de Pauliceia, Ermes da Silva esteve presente e em sua palavra ele ressaltou: Precisamos valorizar o trabalhador rural que luta por uma agricultura sustent\u00e1vel e pura, estr\u00e9ia sempre a disposi\u00e7\u00e3o para ajudar os assentados no que precisarem pois a pol\u00edtica \u00e9 para ajudar os que mais precisam&#8221;.<\/span><\/p>\n<div class=\"gmail-text_exposed_show\">\n<p style=\"text-align: justify;\">A Professora Izabel criadora do Grupo Sementes Crioulas disse que a base do grupo \u00e9 o trabalho de meio s\u00e9culo que o Jos\u00e9 Luiz vem desenvolvendo atrav\u00e9s da agricultura familiar. Ap\u00f3s o momento de an\u00e1lise da conjuntura proporcionado pela S\u00f4nia da CUT, deu-se in\u00edcio a fila do povo, onde todos puderam refletir sobre a import\u00e2ncia do tema deste encontro. Logo em seguida iniciou-se uma celebra\u00e7\u00e3o ecum\u00eanica com a presen\u00e7a do Pastor Jos\u00e9 Roberto e do Padre Severino de Promiss\u00e3o assessor estadual da CPT (comiss\u00e3o pastoral da terra) e do Padre Dominguinhos assessor diocesano da Pr\u00f3 Comiss\u00e3o Pastoral da terra da Diocese de Mar\u00edlia e assessor das CEBs da Regi\u00e3o Pastoral III.<\/p>\n<p><img loading=\"lazy\" decoding=\"async\" class=\"alignnone size-full wp-image-4589\" src=\"https:\/\/jorgezanoni.com.br\/2019\/wp-content\/uploads\/2019\/08\/missa2.jpg\" alt=\"\" width=\"1387\" height=\"640\" srcset=\"https:\/\/jorgezanoni.com.br\/2019\/wp-content\/uploads\/2019\/08\/missa2.jpg 1387w, https:\/\/jorgezanoni.com.br\/2019\/wp-content\/uploads\/2019\/08\/missa2-300x138.jpg 300w, https:\/\/jorgezanoni.com.br\/2019\/wp-content\/uploads\/2019\/08\/missa2-768x354.jpg 768w, https:\/\/jorgezanoni.com.br\/2019\/wp-content\/uploads\/2019\/08\/missa2-1024x473.jpg 1024w, https:\/\/jorgezanoni.com.br\/2019\/wp-content\/uploads\/2019\/08\/missa2-696x321.jpg 696w, https:\/\/jorgezanoni.com.br\/2019\/wp-content\/uploads\/2019\/08\/missa2-1068x493.jpg 1068w, https:\/\/jorgezanoni.com.br\/2019\/wp-content\/uploads\/2019\/08\/missa2-910x420.jpg 910w\" sizes=\"auto, (max-width: 1387px) 100vw, 1387px\" \/><\/p>\n<p style=\"text-align: justify;\">A coordenadora do sub-regional das CEBs de Botucatu em sua fala afirmou que o Projeto que o Jos\u00e9 Luiz desenvolve \u00e9 um projeto de vida e que este encontro estava para promover a vida assim como Cristo nos pediu &#8221; Eu vim para que todos tenham vida e vida em abund\u00e2ncia&#8221;.<\/p>\n<p><img loading=\"lazy\" decoding=\"async\" class=\"alignnone size-full wp-image-4590\" src=\"https:\/\/jorgezanoni.com.br\/2019\/wp-content\/uploads\/2019\/08\/missa4.jpg\" alt=\"\" width=\"960\" height=\"720\" srcset=\"https:\/\/jorgezanoni.com.br\/2019\/wp-content\/uploads\/2019\/08\/missa4.jpg 960w, https:\/\/jorgezanoni.com.br\/2019\/wp-content\/uploads\/2019\/08\/missa4-300x225.jpg 300w, https:\/\/jorgezanoni.com.br\/2019\/wp-content\/uploads\/2019\/08\/missa4-768x576.jpg 768w, https:\/\/jorgezanoni.com.br\/2019\/wp-content\/uploads\/2019\/08\/missa4-80x60.jpg 80w, https:\/\/jorgezanoni.com.br\/2019\/wp-content\/uploads\/2019\/08\/missa4-265x198.jpg 265w, https:\/\/jorgezanoni.com.br\/2019\/wp-content\/uploads\/2019\/08\/missa4-696x522.jpg 696w, https:\/\/jorgezanoni.com.br\/2019\/wp-content\/uploads\/2019\/08\/missa4-560x420.jpg 560w\" sizes=\"auto, (max-width: 960px) 100vw, 960px\" \/><\/p>\n<p style=\"text-align: justify;\">Estiveram presentes as cidades de: Panorama, Tupi Paulista, Dracena, S\u00e3o Jo\u00e3o do Pau falho, Nova Guataporanga, Andradina, Promiss\u00e3o, Adamantina, Luc\u00e9lia, Brasil\u00e2ndia MS, Presidente Prudente, S\u00e3o Paulo, Mar\u00edlia, S\u00e3o Carlos e os assentados dos assentamentos Reg\u00eancia, Santo Ant\u00f4nio e Nova Cana\u00e3 de Dracena.<\/p>\n<p style=\"text-align: justify;\">Fonte:\u00a0CEBs Diocese Mar\u00edlia<\/p>\n<\/div>\n","protected":false},"excerpt":{"rendered":"<p>Aconteceu na \u00faltima segunda-feira (19) a &#8220;Primeira Celebra\u00e7\u00e3o do Santu\u00e1rio das Sementes Crioulas&#8221; no Assentamento Reg\u00eancia em Pauliceia, o evento aconteceu no s\u00edtio do Senhor Jos\u00e9 Luiz. As sementes s\u00e3o fruto do trabalho humano que dignifica a humanidade, comungando desse pensamento ocorreu a primeira celebra\u00e7\u00e3o do &#8220;Santu\u00e1rio das Sementes Crioulas&#8221; santu\u00e1rio pois dentro dele existe [&hellip;]<\/p>\n","protected":false},"author":1,"featured_media":4591,"comment_status":"closed","ping_status":"open","sticky":false,"template":"","format":"standard","meta":{"footnotes":""},"categories":[110,118],"tags":[],"class_list":["post-4586","post","type-post","status-publish","format-standard","has-post-thumbnail","hentry","category-noticiasdestaque","category-religiaoesolidariedade"],"_links":{"self":[{"href":"https:\/\/jorgezanoni.com.br\/2019\/wp-json\/wp\/v2\/posts\/4586","targetHints":{"allow":["GET"]}}],"collection":[{"href":"https:\/\/jorgezanoni.com.br\/2019\/wp-json\/wp\/v2\/posts"}],"about":[{"href":"https:\/\/jorgezanoni.com.br\/2019\/wp-json\/wp\/v2\/types\/post"}],"author":[{"embeddable":true,"href":"https:\/\/jorgezanoni.com.br\/2019\/wp-json\/wp\/v2\/users\/1"}],"replies":[{"embeddable":true,"href":"https:\/\/jorgezanoni.com.br\/2019\/wp-json\/wp\/v2\/comments?post=4586"}],"version-history":[{"count":0,"href":"https:\/\/jorgezanoni.com.br\/2019\/wp-json\/wp\/v2\/posts\/4586\/revisions"}],"wp:featuredmedia":[{"embeddable":true,"href":"https:\/\/jorgezanoni.com.br\/2019\/wp-json\/wp\/v2\/media\/4591"}],"wp:attachment":[{"href":"https:\/\/jorgezanoni.com.br\/2019\/wp-json\/wp\/v2\/media?parent=4586"}],"wp:term":[{"taxonomy":"category","embeddable":true,"href":"https:\/\/jorgezanoni.com.br\/2019\/wp-json\/wp\/v2\/categories?post=4586"},{"taxonomy":"post_tag","embeddable":true,"href":"https:\/\/jorgezanoni.com.br\/2019\/wp-json\/wp\/v2\/tags?post=4586"}],"curies":[{"name":"wp","href":"https:\/\/api.w.org\/{rel}","templated":true}]}}