{"id":45842,"date":"2021-04-07T01:42:24","date_gmt":"2021-04-07T01:42:24","guid":{"rendered":"https:\/\/jorgezanoni.com.br\/2019\/?p=45842"},"modified":"2021-04-07T01:42:24","modified_gmt":"2021-04-07T01:42:24","slug":"suspeito-de-aplicar-golpes-na-contratacao-de-servicos-de-funilaria-e-preso-em-dracena","status":"publish","type":"post","link":"https:\/\/jorgezanoni.com.br\/2019\/suspeito-de-aplicar-golpes-na-contratacao-de-servicos-de-funilaria-e-preso-em-dracena\/","title":{"rendered":"Suspeito de aplicar golpes na contrata\u00e7\u00e3o de servi\u00e7os de funilaria \u00e9 preso em Dracena"},"content":{"rendered":"<h2 class=\"content-head__subtitle\" style=\"text-align: justify;\"><strong>Investiga\u00e7\u00f5es descobriram que o envolvido recebia parte dos valores contratados, mas n\u00e3o conclu\u00eda os servi\u00e7os, em S\u00e3o Jo\u00e3o do Pau d\u2019Alho. Quatro v\u00edtimas procuraram a Pol\u00edcia Civil.<\/strong><\/h2>\n<div class=\"mc-column content-text active-extra-styles \" data-block-type=\"unstyled\" data-block-weight=\"35\" data-block-id=\"2\">\n<p class=\"content-text__container \" style=\"text-align: justify;\" data-track-category=\"Link no Texto\" data-track-links=\"\">A Pol\u00edcia Civil cumpriu nesta ter\u00e7a-feira (6) um mandado de pris\u00e3o preventiva contra um homem, de 37 anos, suspeito de envolvimento com crimes de estelionato e apropria\u00e7\u00e3o ind\u00e9bita em\u00a0<a href=\"https:\/\/g1.globo.com\/sp\/presidente-prudente-regiao\/cidade\/sao-joao-do-pau-dalho\/\">S\u00e3o Jo\u00e3o do Pau d\u2019Alho (SP)<\/a>.<\/p>\n<\/div>\n<div class=\"wall protected-content\">\n<div class=\"mc-column content-text active-extra-styles \" style=\"text-align: justify;\" data-block-type=\"unstyled\" data-block-weight=\"23\" data-block-id=\"3\">\n<p class=\"content-text__container \" data-track-category=\"Link no Texto\" data-track-links=\"\">As investiga\u00e7\u00f5es tiveram in\u00edcio em outubro do ano passado, quando quatro v\u00edtimas procuraram a Pol\u00edcia Civil para registrarem ocorr\u00eancias relacionadas ao mesmo investigado.<\/p>\n<\/div>\n<div class=\"mc-column content-text active-extra-styles \" style=\"text-align: justify;\" data-block-type=\"unstyled\" data-block-weight=\"31\" data-block-id=\"4\">\n<p class=\"content-text__container \" data-track-category=\"Link no Texto\" data-track-links=\"\">Segundo a pol\u00edcia, o propriet\u00e1rio de uma oficina de funilaria era contratado pelas v\u00edtimas para realizar servi\u00e7os em seus ve\u00edculos, mas n\u00e3o terminava o trabalho e recebia parte dos valores pactuados.<\/p>\n<\/div>\n<div class=\"mc-column content-text active-extra-styles \" style=\"text-align: justify;\" data-block-type=\"unstyled\" data-block-weight=\"19\" data-block-id=\"5\">\n<p class=\"content-text__container \" data-track-category=\"Link no Texto\" data-track-links=\"\">Al\u00e9m disso, ainda segundo a pol\u00edcia, houve casos em que os ve\u00edculos eram devolvidos aos propriet\u00e1rios com pe\u00e7as faltantes.<\/p>\n<\/div>\n<div class=\"mc-column content-text active-extra-styles \" style=\"text-align: justify;\" data-block-type=\"unstyled\" data-block-weight=\"21\" data-block-id=\"6\">\n<p class=\"content-text__container \" data-track-category=\"Link no Texto\" data-track-links=\"\">O capturado foi localizado em sua resid\u00eancia, no Conjunto Habitacional Jo\u00e3o Vendramin, em\u00a0<a href=\"https:\/\/g1.globo.com\/sp\/presidente-prudente-regiao\/cidade\/dracena\/\">Dracena (SP)<\/a>, e n\u00e3o ofereceu resist\u00eancia \u00e0 pris\u00e3o.<\/p>\n<\/div>\n<div class=\"mc-column content-text active-extra-styles \" style=\"text-align: justify;\" data-block-type=\"unstyled\" data-block-weight=\"49\" data-block-id=\"7\">\n<p class=\"content-text__container \" data-track-category=\"Link no Texto\" data-track-links=\"\">Ele foi conduzido at\u00e9 o pr\u00e9dio onde fica a sede da Delegacia de Investiga\u00e7\u00f5es Gerais (DIG) e da Delegacia de Investiga\u00e7\u00f5es sobre Entorpecentes (Dise), onde a Pol\u00edcia Civil formalizou o cumprimento da ordem judicial que havia sido expedida pela 1\u00aa Vara do F\u00f3rum da Comarca de\u00a0<a href=\"https:\/\/g1.globo.com\/sp\/presidente-prudente-regiao\/cidade\/tupi-paulista\/\">Tupi Paulista (SP)<\/a>.<\/p>\n<\/div>\n<div class=\"mc-column content-text active-extra-styles \" style=\"text-align: justify;\" data-block-type=\"unstyled\" data-block-weight=\"17\" data-block-id=\"8\">\n<p class=\"content-text__container \" data-track-category=\"Link no Texto\" data-track-links=\"\">Em seguida, ele foi levado a uma unidade do sistema prisional, onde permaneceu \u00e0 disposi\u00e7\u00e3o da Justi\u00e7a.<\/p>\n<\/div>\n<div class=\"row medium-uncollapsed content-media content-photo\" data-block-type=\"backstage-photo\" data-block-id=\"9\">\n<div class=\"mc-column content-media__container\">\n<div class=\"content-media-container glb-skeleton-box\" style=\"text-align: justify;\">\n<figure class=\"content-media-figure\"><img decoding=\"async\" class=\"i-amphtml-fill-content i-amphtml-replaced-content\" src=\"https:\/\/s2.glbimg.com\/_-jzaTlIE4uuXiPx9LFJZ_iTdgk=\/0x0:1280x622\/984x0\/smart\/filters:strip_icc()\/i.s3.glbimg.com\/v1\/AUTH_59edd422c0c84a879bd37670ae4f538a\/internal_photos\/bs\/2021\/P\/u\/WlzYrfQVi3yG6ZzsSHKQ\/49989818-8207-415e-8a0b-899274230a10.jpg\" sizes=\"(max-width: 1366px) 648px, 100vw\" srcset=\"https:\/\/s2.glbimg.com\/RTNYDV5uVGg30yyMEQh1_AgPbPw=\/0x0:1280x622\/1000x0\/smart\/filters:strip_icc()\/i.s3.glbimg.com\/v1\/AUTH_59edd422c0c84a879bd37670ae4f538a\/internal_photos\/bs\/2021\/P\/u\/WlzYrfQVi3yG6ZzsSHKQ\/49989818-8207-415e-8a0b-899274230a10.jpg 1000w, https:\/\/s2.glbimg.com\/_-jzaTlIE4uuXiPx9LFJZ_iTdgk=\/0x0:1280x622\/984x0\/smart\/filters:strip_icc()\/i.s3.glbimg.com\/v1\/AUTH_59edd422c0c84a879bd37670ae4f538a\/internal_photos\/bs\/2021\/P\/u\/WlzYrfQVi3yG6ZzsSHKQ\/49989818-8207-415e-8a0b-899274230a10.jpg 984w, https:\/\/s2.glbimg.com\/D9Y5ZFMXu19xr80P9Kzw-mCUVBg=\/0x0:1280x622\/640x0\/smart\/filters:strip_icc()\/i.s3.glbimg.com\/v1\/AUTH_59edd422c0c84a879bd37670ae4f538a\/internal_photos\/bs\/2021\/P\/u\/WlzYrfQVi3yG6ZzsSHKQ\/49989818-8207-415e-8a0b-899274230a10.jpg 640w, https:\/\/s2.glbimg.com\/RPZb7mfAx_mfPM8PkZIosfYiqwc=\/0x0:1280x622\/600x0\/smart\/filters:strip_icc()\/i.s3.glbimg.com\/v1\/AUTH_59edd422c0c84a879bd37670ae4f538a\/internal_photos\/bs\/2021\/P\/u\/WlzYrfQVi3yG6ZzsSHKQ\/49989818-8207-415e-8a0b-899274230a10.jpg 600w\" alt=\"Delegacia da Pol\u00edcia Civil, em S\u00e3o Jo\u00e3o do Pau d'Alho \u2014 Foto: Pol\u00edcia Civil\" \/><\/figure>\n<\/div>\n<p class=\"content-media__description \" style=\"text-align: justify;\">Delegacia da Pol\u00edcia Civil, em S\u00e3o Jo\u00e3o do Pau d&#8217;Alho \u2014 Foto: Pol\u00edcia Civil<\/p>\n<p style=\"text-align: justify;\">Fonte: G1 e Com. Social Pol\u00edcia Civil<\/p>\n<\/div>\n<\/div>\n<\/div>\n","protected":false},"excerpt":{"rendered":"<p>Investiga\u00e7\u00f5es descobriram que o envolvido recebia parte dos valores contratados, mas n\u00e3o conclu\u00eda os servi\u00e7os, em S\u00e3o Jo\u00e3o do Pau d\u2019Alho. Quatro v\u00edtimas procuraram a Pol\u00edcia Civil. A Pol\u00edcia Civil cumpriu nesta ter\u00e7a-feira (6) um mandado de pris\u00e3o preventiva contra um homem, de 37 anos, suspeito de envolvimento com crimes de estelionato e apropria\u00e7\u00e3o ind\u00e9bita [&hellip;]<\/p>\n","protected":false},"author":1,"featured_media":45843,"comment_status":"closed","ping_status":"open","sticky":false,"template":"","format":"standard","meta":{"footnotes":""},"categories":[110,2],"tags":[],"class_list":["post-45842","post","type-post","status-publish","format-standard","has-post-thumbnail","hentry","category-noticiasdestaque","category-policial"],"_links":{"self":[{"href":"https:\/\/jorgezanoni.com.br\/2019\/wp-json\/wp\/v2\/posts\/45842","targetHints":{"allow":["GET"]}}],"collection":[{"href":"https:\/\/jorgezanoni.com.br\/2019\/wp-json\/wp\/v2\/posts"}],"about":[{"href":"https:\/\/jorgezanoni.com.br\/2019\/wp-json\/wp\/v2\/types\/post"}],"author":[{"embeddable":true,"href":"https:\/\/jorgezanoni.com.br\/2019\/wp-json\/wp\/v2\/users\/1"}],"replies":[{"embeddable":true,"href":"https:\/\/jorgezanoni.com.br\/2019\/wp-json\/wp\/v2\/comments?post=45842"}],"version-history":[{"count":0,"href":"https:\/\/jorgezanoni.com.br\/2019\/wp-json\/wp\/v2\/posts\/45842\/revisions"}],"wp:featuredmedia":[{"embeddable":true,"href":"https:\/\/jorgezanoni.com.br\/2019\/wp-json\/wp\/v2\/media\/45843"}],"wp:attachment":[{"href":"https:\/\/jorgezanoni.com.br\/2019\/wp-json\/wp\/v2\/media?parent=45842"}],"wp:term":[{"taxonomy":"category","embeddable":true,"href":"https:\/\/jorgezanoni.com.br\/2019\/wp-json\/wp\/v2\/categories?post=45842"},{"taxonomy":"post_tag","embeddable":true,"href":"https:\/\/jorgezanoni.com.br\/2019\/wp-json\/wp\/v2\/tags?post=45842"}],"curies":[{"name":"wp","href":"https:\/\/api.w.org\/{rel}","templated":true}]}}