{"id":4583,"date":"2019-08-23T23:29:39","date_gmt":"2019-08-23T23:29:39","guid":{"rendered":"https:\/\/jorgezanoni.com.br\/2019\/?p=4583"},"modified":"2019-08-23T23:32:47","modified_gmt":"2019-08-23T23:32:47","slug":"aviso-da-emdaep-falta-de-agua-no-jardim-jussara","status":"publish","type":"post","link":"https:\/\/jorgezanoni.com.br\/2019\/aviso-da-emdaep-falta-de-agua-no-jardim-jussara\/","title":{"rendered":"Aviso da EMDAEP &#8211; Falta de \u00e1gua no jardim Jussara"},"content":{"rendered":"<p class=\"ydp1a960ecbMsoNormal\" style=\"text-align: justify;\">Parte el\u00e9trica do po\u00e7o do Jardim Jussara apresenta problemas.<\/p>\n<p class=\"ydp1a960ecbMsoNormal\" style=\"text-align: justify;\">Nesta sexta-feira, a Emdaep detectou problemas na parte el\u00e9trica do po\u00e7o da Rua Carlos Gomes, que abastece a regi\u00e3o do Jardim Jussara e a Santa Casa.<\/p>\n<p class=\"ydp1a960ecbMsoNormal\" style=\"text-align: justify;\">Consta que um p\u00e1ssaro provocou curto-circuito na rede el\u00e9trica, paralisando o po\u00e7o, provocando desabastecimento de \u00e1gua. No per\u00edodo da tarde est\u00e1 sendo aguardado servi\u00e7o da Elektro na rede afetada para a normaliza\u00e7\u00e3o da produ\u00e7\u00e3o ao longo do dia.<b>\u00a0<\/b><\/p>\n<p class=\"ydp1a960ecbMsoNormal\">Ass. Rela\u00e7\u00f5es P\u00fablicas da Emdaep<\/p>\n","protected":false},"excerpt":{"rendered":"<p>Parte el\u00e9trica do po\u00e7o do Jardim Jussara apresenta problemas. Nesta sexta-feira, a Emdaep detectou problemas na parte el\u00e9trica do po\u00e7o da Rua Carlos Gomes, que abastece a regi\u00e3o do Jardim Jussara e a Santa Casa. Consta que um p\u00e1ssaro provocou curto-circuito na rede el\u00e9trica, paralisando o po\u00e7o, provocando desabastecimento de \u00e1gua. No per\u00edodo da tarde [&hellip;]<\/p>\n","protected":false},"author":1,"featured_media":4584,"comment_status":"closed","ping_status":"open","sticky":false,"template":"","format":"standard","meta":{"footnotes":""},"categories":[114],"tags":[],"class_list":["post-4583","post","type-post","status-publish","format-standard","has-post-thumbnail","hentry","category-geralecomercio"],"_links":{"self":[{"href":"https:\/\/jorgezanoni.com.br\/2019\/wp-json\/wp\/v2\/posts\/4583","targetHints":{"allow":["GET"]}}],"collection":[{"href":"https:\/\/jorgezanoni.com.br\/2019\/wp-json\/wp\/v2\/posts"}],"about":[{"href":"https:\/\/jorgezanoni.com.br\/2019\/wp-json\/wp\/v2\/types\/post"}],"author":[{"embeddable":true,"href":"https:\/\/jorgezanoni.com.br\/2019\/wp-json\/wp\/v2\/users\/1"}],"replies":[{"embeddable":true,"href":"https:\/\/jorgezanoni.com.br\/2019\/wp-json\/wp\/v2\/comments?post=4583"}],"version-history":[{"count":0,"href":"https:\/\/jorgezanoni.com.br\/2019\/wp-json\/wp\/v2\/posts\/4583\/revisions"}],"wp:featuredmedia":[{"embeddable":true,"href":"https:\/\/jorgezanoni.com.br\/2019\/wp-json\/wp\/v2\/media\/4584"}],"wp:attachment":[{"href":"https:\/\/jorgezanoni.com.br\/2019\/wp-json\/wp\/v2\/media?parent=4583"}],"wp:term":[{"taxonomy":"category","embeddable":true,"href":"https:\/\/jorgezanoni.com.br\/2019\/wp-json\/wp\/v2\/categories?post=4583"},{"taxonomy":"post_tag","embeddable":true,"href":"https:\/\/jorgezanoni.com.br\/2019\/wp-json\/wp\/v2\/tags?post=4583"}],"curies":[{"name":"wp","href":"https:\/\/api.w.org\/{rel}","templated":true}]}}