{"id":45823,"date":"2021-04-07T01:07:08","date_gmt":"2021-04-07T01:07:08","guid":{"rendered":"https:\/\/jorgezanoni.com.br\/2019\/?p=45823"},"modified":"2021-04-07T12:29:39","modified_gmt":"2021-04-07T12:29:39","slug":"empresa-telas-concordia-completa-hoje-7-34-anos-de-fundacao-em-dracena","status":"publish","type":"post","link":"https:\/\/jorgezanoni.com.br\/2019\/empresa-telas-concordia-completa-hoje-7-34-anos-de-fundacao-em-dracena\/","title":{"rendered":"Empresa Telas Conc\u00f3rdia completa hoje (7), 34 anos de funda\u00e7\u00e3o em Dracena"},"content":{"rendered":"<p style=\"text-align: justify;\"><strong>&#8220;Dificilmente existir\u00e1 alguma coisa neste mundo, que algu\u00e9m n\u00e3o possa fazer um pouco pior e vender um pouco pior e vender um pouco mais barato. E, as pessoas que consideram pre\u00e7o somente, s\u00e3o suas merecidas v\u00edtimas.&#8221; (JOHN RUSKIN \u2013 Fil\u00f3sofo ingl\u00eas).<\/strong><\/p>\n<div style=\"width: 696px;\" class=\"wp-video\"><video class=\"wp-video-shortcode\" id=\"video-45823-1\" width=\"696\" height=\"383\" preload=\"metadata\" controls=\"controls\"><source type=\"video\/mp4\" src=\"https:\/\/jorgezanoni.com.br\/2019\/wp-content\/uploads\/2021\/04\/InShot_20210406_223544201-1.mp4?_=1\" \/><a href=\"https:\/\/jorgezanoni.com.br\/2019\/wp-content\/uploads\/2021\/04\/InShot_20210406_223544201-1.mp4\">https:\/\/jorgezanoni.com.br\/2019\/wp-content\/uploads\/2021\/04\/InShot_20210406_223544201-1.mp4<\/a><\/video><\/div>\n<p>Diretor Edgar (Ticha) fala dos 34 anos da empresa. (veja o v\u00eddeo)<\/p>\n<p style=\"text-align: justify;\">A empresa Telas Conc\u00f3rdia foi fundada em 1987, na cidade de Dracena, estado de S\u00e3o Paulo, pelo Sr. Jo\u00e3o Vale Duarte (in memorian) e D. Raymunda Duarte Garcia. Atualmente administrada por um dos filhos, Edgard S. Duarte. Trabalhando inicialmente com a produ\u00e7\u00e3o de telas de alambrados e posteriormente balancim de a\u00e7o e telas onduladas (art\u00edsticas).<\/p>\n<p><img loading=\"lazy\" decoding=\"async\" class=\"alignnone size-full wp-image-45824\" src=\"https:\/\/jorgezanoni.com.br\/2019\/wp-content\/uploads\/2021\/04\/IMG_1742-2.jpg\" alt=\"\" width=\"800\" height=\"947\" srcset=\"https:\/\/jorgezanoni.com.br\/2019\/wp-content\/uploads\/2021\/04\/IMG_1742-2.jpg 800w, https:\/\/jorgezanoni.com.br\/2019\/wp-content\/uploads\/2021\/04\/IMG_1742-2-253x300.jpg 253w, https:\/\/jorgezanoni.com.br\/2019\/wp-content\/uploads\/2021\/04\/IMG_1742-2-768x909.jpg 768w, https:\/\/jorgezanoni.com.br\/2019\/wp-content\/uploads\/2021\/04\/IMG_1742-2-696x824.jpg 696w, https:\/\/jorgezanoni.com.br\/2019\/wp-content\/uploads\/2021\/04\/IMG_1742-2-355x420.jpg 355w\" sizes=\"auto, (max-width: 800px) 100vw, 800px\" \/>Sr. Jo\u00e3o Vale Duarte, fundador da empresa.<\/p>\n<p><img loading=\"lazy\" decoding=\"async\" class=\"alignnone size-full wp-image-45848\" src=\"https:\/\/jorgezanoni.com.br\/2019\/wp-content\/uploads\/2021\/04\/Ticha1-2.jpg\" alt=\"\" width=\"702\" height=\"720\" srcset=\"https:\/\/jorgezanoni.com.br\/2019\/wp-content\/uploads\/2021\/04\/Ticha1-2.jpg 702w, https:\/\/jorgezanoni.com.br\/2019\/wp-content\/uploads\/2021\/04\/Ticha1-2-293x300.jpg 293w, https:\/\/jorgezanoni.com.br\/2019\/wp-content\/uploads\/2021\/04\/Ticha1-2-356x364.jpg 356w, https:\/\/jorgezanoni.com.br\/2019\/wp-content\/uploads\/2021\/04\/Ticha1-2-696x714.jpg 696w, https:\/\/jorgezanoni.com.br\/2019\/wp-content\/uploads\/2021\/04\/Ticha1-2-410x420.jpg 410w\" sizes=\"auto, (max-width: 702px) 100vw, 702px\" \/>Senhora Raymunda Duarte Garcia, fundadora da empresa.<\/p>\n<p style=\"text-align: justify;\">Visando atender as necessidades dos clientes, a Telas Conc\u00f3rdia investe em melhorias de seus produtos constantemente. O seu principal destaque\u00a0\u00e9 a produ\u00e7\u00e3o do Balancim de A\u00e7o, produto que revolucionou a ind\u00fastria de distanciador de a\u00e7o, trazendo um modelo mais pr\u00e1tico para instala\u00e7\u00e3o e de maior durabilidade. Alambrados, telas art\u00edsticas (onduladas), venda e instala\u00e7\u00e3o de concertinas tamb\u00e9m s\u00e3o o foco da empresa.<\/p>\n<p style=\"text-align: justify;\">Investimos sempre mais em equipamentos e maquin\u00e1rio moderno, al\u00e9m de valorizar o trabalho em equipe com nossos colaboradores, buscando a excel\u00eancia e agilizando a produ\u00e7\u00e3o, tudo para melhor atender o cliente, nosso principal foco.<\/p>\n<p style=\"text-align: justify;\">Nossa miss\u00e3o \u00e9 possibilitar ao cliente tranquilidade e seguran\u00e7a na utiliza\u00e7\u00e3o dos produtos CONC\u00d3RDIA, com eleg\u00e2ncia e bom gosto.<\/p>\n<p style=\"text-align: justify;\">Nossos maiores valores s\u00e3o\u00a0F\u00e9, Honestidade, Respeito, Alegria e Uni\u00e3o.<\/p>\n<p style=\"text-align: justify;\">Todos esses fatores fazem da Telas Conc\u00f3rdia uma das melhores empresas no com\u00e9rcio de balancins, telas, ferros e acess\u00f3rios, buscando sempre a satisfa\u00e7\u00e3o do cliente e a qualidade de seus produtos.<\/p>\n<p><img loading=\"lazy\" decoding=\"async\" class=\"alignnone size-full wp-image-45825\" src=\"https:\/\/jorgezanoni.com.br\/2019\/wp-content\/uploads\/2021\/04\/Familia.jpg\" alt=\"\" width=\"453\" height=\"446\" srcset=\"https:\/\/jorgezanoni.com.br\/2019\/wp-content\/uploads\/2021\/04\/Familia.jpg 453w, https:\/\/jorgezanoni.com.br\/2019\/wp-content\/uploads\/2021\/04\/Familia-300x295.jpg 300w, https:\/\/jorgezanoni.com.br\/2019\/wp-content\/uploads\/2021\/04\/Familia-427x420.jpg 427w\" sizes=\"auto, (max-width: 453px) 100vw, 453px\" \/>Edgard (Ticha), a esposa Luci e o Filho Hugo, que dirigem a empresa familiar.<\/p>\n<p><img loading=\"lazy\" decoding=\"async\" class=\"alignnone size-full wp-image-45849\" src=\"https:\/\/jorgezanoni.com.br\/2019\/wp-content\/uploads\/2021\/04\/Ticha-2.jpg\" alt=\"\" width=\"541\" height=\"676\" srcset=\"https:\/\/jorgezanoni.com.br\/2019\/wp-content\/uploads\/2021\/04\/Ticha-2.jpg 541w, https:\/\/jorgezanoni.com.br\/2019\/wp-content\/uploads\/2021\/04\/Ticha-2-240x300.jpg 240w, https:\/\/jorgezanoni.com.br\/2019\/wp-content\/uploads\/2021\/04\/Ticha-2-336x420.jpg 336w\" sizes=\"auto, (max-width: 541px) 100vw, 541px\" \/>Edgard e a m\u00e3e Raymunda.<\/p>\n<p><img loading=\"lazy\" decoding=\"async\" class=\"alignnone size-full wp-image-45826\" src=\"https:\/\/jorgezanoni.com.br\/2019\/wp-content\/uploads\/2021\/04\/IMG_1728-2.jpg\" alt=\"\" width=\"800\" height=\"478\" srcset=\"https:\/\/jorgezanoni.com.br\/2019\/wp-content\/uploads\/2021\/04\/IMG_1728-2.jpg 800w, https:\/\/jorgezanoni.com.br\/2019\/wp-content\/uploads\/2021\/04\/IMG_1728-2-300x179.jpg 300w, https:\/\/jorgezanoni.com.br\/2019\/wp-content\/uploads\/2021\/04\/IMG_1728-2-768x459.jpg 768w, https:\/\/jorgezanoni.com.br\/2019\/wp-content\/uploads\/2021\/04\/IMG_1728-2-696x416.jpg 696w, https:\/\/jorgezanoni.com.br\/2019\/wp-content\/uploads\/2021\/04\/IMG_1728-2-703x420.jpg 703w\" sizes=\"auto, (max-width: 800px) 100vw, 800px\" \/>Fachada da empresa com os diretores e colaboradores<\/p>\n<p><img loading=\"lazy\" decoding=\"async\" class=\"alignnone size-full wp-image-45828\" src=\"https:\/\/jorgezanoni.com.br\/2019\/wp-content\/uploads\/2021\/04\/IMG_1730-2.jpg\" alt=\"\" width=\"800\" height=\"475\" srcset=\"https:\/\/jorgezanoni.com.br\/2019\/wp-content\/uploads\/2021\/04\/IMG_1730-2.jpg 800w, https:\/\/jorgezanoni.com.br\/2019\/wp-content\/uploads\/2021\/04\/IMG_1730-2-300x178.jpg 300w, https:\/\/jorgezanoni.com.br\/2019\/wp-content\/uploads\/2021\/04\/IMG_1730-2-768x456.jpg 768w, https:\/\/jorgezanoni.com.br\/2019\/wp-content\/uploads\/2021\/04\/IMG_1730-2-696x413.jpg 696w, https:\/\/jorgezanoni.com.br\/2019\/wp-content\/uploads\/2021\/04\/IMG_1730-2-707x420.jpg 707w\" sizes=\"auto, (max-width: 800px) 100vw, 800px\" \/><img loading=\"lazy\" decoding=\"async\" class=\"alignnone size-full wp-image-45831\" src=\"https:\/\/jorgezanoni.com.br\/2019\/wp-content\/uploads\/2021\/04\/IMG_1733.jpg\" alt=\"\" width=\"800\" height=\"532\" srcset=\"https:\/\/jorgezanoni.com.br\/2019\/wp-content\/uploads\/2021\/04\/IMG_1733.jpg 800w, https:\/\/jorgezanoni.com.br\/2019\/wp-content\/uploads\/2021\/04\/IMG_1733-300x200.jpg 300w, https:\/\/jorgezanoni.com.br\/2019\/wp-content\/uploads\/2021\/04\/IMG_1733-768x511.jpg 768w, https:\/\/jorgezanoni.com.br\/2019\/wp-content\/uploads\/2021\/04\/IMG_1733-696x463.jpg 696w, https:\/\/jorgezanoni.com.br\/2019\/wp-content\/uploads\/2021\/04\/IMG_1733-632x420.jpg 632w\" sizes=\"auto, (max-width: 800px) 100vw, 800px\" \/> <img loading=\"lazy\" decoding=\"async\" class=\"alignnone size-full wp-image-45832\" src=\"https:\/\/jorgezanoni.com.br\/2019\/wp-content\/uploads\/2021\/04\/IMG_1734-2.jpg\" alt=\"\" width=\"800\" height=\"658\" srcset=\"https:\/\/jorgezanoni.com.br\/2019\/wp-content\/uploads\/2021\/04\/IMG_1734-2.jpg 800w, https:\/\/jorgezanoni.com.br\/2019\/wp-content\/uploads\/2021\/04\/IMG_1734-2-300x247.jpg 300w, https:\/\/jorgezanoni.com.br\/2019\/wp-content\/uploads\/2021\/04\/IMG_1734-2-768x632.jpg 768w, https:\/\/jorgezanoni.com.br\/2019\/wp-content\/uploads\/2021\/04\/IMG_1734-2-696x572.jpg 696w, https:\/\/jorgezanoni.com.br\/2019\/wp-content\/uploads\/2021\/04\/IMG_1734-2-511x420.jpg 511w\" sizes=\"auto, (max-width: 800px) 100vw, 800px\" \/>Material usado na confec\u00e7\u00e3o dos produtos Conc\u00f3rdia<\/p>\n<p><img loading=\"lazy\" decoding=\"async\" class=\"alignnone size-full wp-image-45830\" src=\"https:\/\/jorgezanoni.com.br\/2019\/wp-content\/uploads\/2021\/04\/IMG_1732-2.jpg\" alt=\"\" width=\"800\" height=\"578\" srcset=\"https:\/\/jorgezanoni.com.br\/2019\/wp-content\/uploads\/2021\/04\/IMG_1732-2.jpg 800w, https:\/\/jorgezanoni.com.br\/2019\/wp-content\/uploads\/2021\/04\/IMG_1732-2-300x217.jpg 300w, https:\/\/jorgezanoni.com.br\/2019\/wp-content\/uploads\/2021\/04\/IMG_1732-2-768x555.jpg 768w, https:\/\/jorgezanoni.com.br\/2019\/wp-content\/uploads\/2021\/04\/IMG_1732-2-324x235.jpg 324w, https:\/\/jorgezanoni.com.br\/2019\/wp-content\/uploads\/2021\/04\/IMG_1732-2-696x503.jpg 696w, https:\/\/jorgezanoni.com.br\/2019\/wp-content\/uploads\/2021\/04\/IMG_1732-2-581x420.jpg 581w\" sizes=\"auto, (max-width: 800px) 100vw, 800px\" \/>Mostru\u00e1rio das diversas malhas de Telas para atender cada necessidade.<\/p>\n<p><img loading=\"lazy\" decoding=\"async\" class=\"alignnone size-full wp-image-45833\" src=\"https:\/\/jorgezanoni.com.br\/2019\/wp-content\/uploads\/2021\/04\/IMG_1735-2.jpg\" alt=\"\" width=\"800\" height=\"510\" srcset=\"https:\/\/jorgezanoni.com.br\/2019\/wp-content\/uploads\/2021\/04\/IMG_1735-2.jpg 800w, https:\/\/jorgezanoni.com.br\/2019\/wp-content\/uploads\/2021\/04\/IMG_1735-2-300x191.jpg 300w, https:\/\/jorgezanoni.com.br\/2019\/wp-content\/uploads\/2021\/04\/IMG_1735-2-768x490.jpg 768w, https:\/\/jorgezanoni.com.br\/2019\/wp-content\/uploads\/2021\/04\/IMG_1735-2-696x444.jpg 696w, https:\/\/jorgezanoni.com.br\/2019\/wp-content\/uploads\/2021\/04\/IMG_1735-2-659x420.jpg 659w\" sizes=\"auto, (max-width: 800px) 100vw, 800px\" \/>Escrit\u00f3rio atende os pedidos de clientes de v\u00e1rias regi\u00f5es do estado, do Brasil, inclusive do exterior.<\/p>\n<p><img loading=\"lazy\" decoding=\"async\" class=\"alignnone size-full wp-image-45834\" src=\"https:\/\/jorgezanoni.com.br\/2019\/wp-content\/uploads\/2021\/04\/IMG_1737-2.jpg\" alt=\"\" width=\"800\" height=\"516\" srcset=\"https:\/\/jorgezanoni.com.br\/2019\/wp-content\/uploads\/2021\/04\/IMG_1737-2.jpg 800w, https:\/\/jorgezanoni.com.br\/2019\/wp-content\/uploads\/2021\/04\/IMG_1737-2-300x194.jpg 300w, https:\/\/jorgezanoni.com.br\/2019\/wp-content\/uploads\/2021\/04\/IMG_1737-2-768x495.jpg 768w, https:\/\/jorgezanoni.com.br\/2019\/wp-content\/uploads\/2021\/04\/IMG_1737-2-696x449.jpg 696w, https:\/\/jorgezanoni.com.br\/2019\/wp-content\/uploads\/2021\/04\/IMG_1737-2-651x420.jpg 651w\" sizes=\"auto, (max-width: 800px) 100vw, 800px\" \/> <img loading=\"lazy\" decoding=\"async\" class=\"alignnone size-full wp-image-45835\" src=\"https:\/\/jorgezanoni.com.br\/2019\/wp-content\/uploads\/2021\/04\/IMG_1741-2.jpg\" alt=\"\" width=\"800\" height=\"527\" srcset=\"https:\/\/jorgezanoni.com.br\/2019\/wp-content\/uploads\/2021\/04\/IMG_1741-2.jpg 800w, https:\/\/jorgezanoni.com.br\/2019\/wp-content\/uploads\/2021\/04\/IMG_1741-2-300x198.jpg 300w, https:\/\/jorgezanoni.com.br\/2019\/wp-content\/uploads\/2021\/04\/IMG_1741-2-768x506.jpg 768w, https:\/\/jorgezanoni.com.br\/2019\/wp-content\/uploads\/2021\/04\/IMG_1741-2-696x458.jpg 696w, https:\/\/jorgezanoni.com.br\/2019\/wp-content\/uploads\/2021\/04\/IMG_1741-2-638x420.jpg 638w\" sizes=\"auto, (max-width: 800px) 100vw, 800px\" \/><img loading=\"lazy\" decoding=\"async\" class=\"alignnone size-full wp-image-45836\" src=\"https:\/\/jorgezanoni.com.br\/2019\/wp-content\/uploads\/2021\/04\/IMG_1744-2.jpg\" alt=\"\" width=\"800\" height=\"923\" srcset=\"https:\/\/jorgezanoni.com.br\/2019\/wp-content\/uploads\/2021\/04\/IMG_1744-2.jpg 800w, https:\/\/jorgezanoni.com.br\/2019\/wp-content\/uploads\/2021\/04\/IMG_1744-2-260x300.jpg 260w, https:\/\/jorgezanoni.com.br\/2019\/wp-content\/uploads\/2021\/04\/IMG_1744-2-768x886.jpg 768w, https:\/\/jorgezanoni.com.br\/2019\/wp-content\/uploads\/2021\/04\/IMG_1744-2-696x803.jpg 696w, https:\/\/jorgezanoni.com.br\/2019\/wp-content\/uploads\/2021\/04\/IMG_1744-2-364x420.jpg 364w\" sizes=\"auto, (max-width: 800px) 100vw, 800px\" \/>Diretores Edgard (Ticha) e o filho Hugo.<\/p>\n<p style=\"text-align: justify;\">SERVI\u00c7O: A f\u00e1brica da Telas Conc\u00f3rdia, est\u00e1 estrategicamente localizada na Rua Ipiranga, 2560, bairro Jardim Jussara, em Dracena\/SP., pr\u00f3ximo \u00e0 Rodovia Comandante Jo\u00e3o Ribeiro de Barros e atende atrav\u00e9s do fone: 3821 1890<\/p>\n<p>Jorge Zanoni<\/p>\n<h2><\/h2>\n<p>&nbsp;<\/p>\n<p>&nbsp;<\/p>\n","protected":false},"excerpt":{"rendered":"<p>&#8220;Dificilmente existir\u00e1 alguma coisa neste mundo, que algu\u00e9m n\u00e3o possa fazer um pouco pior e vender um pouco pior e vender um pouco mais barato. E, as pessoas que consideram pre\u00e7o somente, s\u00e3o suas merecidas v\u00edtimas.&#8221; (JOHN RUSKIN \u2013 Fil\u00f3sofo ingl\u00eas). Diretor Edgar (Ticha) fala dos 34 anos da empresa. (veja o v\u00eddeo) A empresa [&hellip;]<\/p>\n","protected":false},"author":1,"featured_media":45827,"comment_status":"closed","ping_status":"open","sticky":false,"template":"","format":"video","meta":{"footnotes":""},"categories":[114,110,169],"tags":[],"class_list":["post-45823","post","type-post","status-publish","format-video","has-post-thumbnail","hentry","category-geralecomercio","category-noticiasdestaque","category-videos","post_format-post-format-video"],"_links":{"self":[{"href":"https:\/\/jorgezanoni.com.br\/2019\/wp-json\/wp\/v2\/posts\/45823","targetHints":{"allow":["GET"]}}],"collection":[{"href":"https:\/\/jorgezanoni.com.br\/2019\/wp-json\/wp\/v2\/posts"}],"about":[{"href":"https:\/\/jorgezanoni.com.br\/2019\/wp-json\/wp\/v2\/types\/post"}],"author":[{"embeddable":true,"href":"https:\/\/jorgezanoni.com.br\/2019\/wp-json\/wp\/v2\/users\/1"}],"replies":[{"embeddable":true,"href":"https:\/\/jorgezanoni.com.br\/2019\/wp-json\/wp\/v2\/comments?post=45823"}],"version-history":[{"count":0,"href":"https:\/\/jorgezanoni.com.br\/2019\/wp-json\/wp\/v2\/posts\/45823\/revisions"}],"wp:featuredmedia":[{"embeddable":true,"href":"https:\/\/jorgezanoni.com.br\/2019\/wp-json\/wp\/v2\/media\/45827"}],"wp:attachment":[{"href":"https:\/\/jorgezanoni.com.br\/2019\/wp-json\/wp\/v2\/media?parent=45823"}],"wp:term":[{"taxonomy":"category","embeddable":true,"href":"https:\/\/jorgezanoni.com.br\/2019\/wp-json\/wp\/v2\/categories?post=45823"},{"taxonomy":"post_tag","embeddable":true,"href":"https:\/\/jorgezanoni.com.br\/2019\/wp-json\/wp\/v2\/tags?post=45823"}],"curies":[{"name":"wp","href":"https:\/\/api.w.org\/{rel}","templated":true}]}}