{"id":45817,"date":"2021-04-06T23:38:10","date_gmt":"2021-04-06T23:38:10","guid":{"rendered":"https:\/\/jorgezanoni.com.br\/2019\/?p=45817"},"modified":"2021-04-06T23:38:10","modified_gmt":"2021-04-06T23:38:10","slug":"vigilancia-sanitaria-de-dracena-apreende-grande-quantidade-de-mercadorias-vencidas-e-ate-sem-prazo-de-vencimento","status":"publish","type":"post","link":"https:\/\/jorgezanoni.com.br\/2019\/vigilancia-sanitaria-de-dracena-apreende-grande-quantidade-de-mercadorias-vencidas-e-ate-sem-prazo-de-vencimento\/","title":{"rendered":"Vigil\u00e2ncia Sanit\u00e1ria de Dracena apreende grande quantidade de mercadorias vencidas e at\u00e9 sem prazo de vencimento"},"content":{"rendered":"<p style=\"text-align: justify;\">Hoje, 6, a Vigil\u00e2ncia Sanit\u00e1ria de Dracena, ap\u00f3s den\u00fancia, apreendeu cerca de 600 produtos, com prazo de validade expirado ou sem prazo de validade em um mercado.<\/p>\n<p style=\"text-align: justify;\">A diretora de Vigil\u00e2ncia em Sa\u00fade, Aline Andrade informou que ap\u00f3s a constata\u00e7\u00e3o, os produtos foram apreendidos e o estabelecimento autuado. O propriet\u00e1rio ter\u00e1 10 dias para apresentar recurso.<\/p>\n<p style=\"text-align: justify;\">Ser\u00e1 lavrado auto de infra\u00e7\u00e3o e multa e as mercadorias ser\u00e3o descartadas.<\/p>\n<p><img loading=\"lazy\" decoding=\"async\" class=\"alignnone size-full wp-image-45818\" src=\"https:\/\/jorgezanoni.com.br\/2019\/wp-content\/uploads\/2021\/04\/VIGIL\u00c2NCIA-SANIT\u00c1RIA-1.jpg\" alt=\"\" width=\"768\" height=\"1024\" srcset=\"https:\/\/jorgezanoni.com.br\/2019\/wp-content\/uploads\/2021\/04\/VIGIL\u00c2NCIA-SANIT\u00c1RIA-1.jpg 768w, https:\/\/jorgezanoni.com.br\/2019\/wp-content\/uploads\/2021\/04\/VIGIL\u00c2NCIA-SANIT\u00c1RIA-1-225x300.jpg 225w, https:\/\/jorgezanoni.com.br\/2019\/wp-content\/uploads\/2021\/04\/VIGIL\u00c2NCIA-SANIT\u00c1RIA-1-696x928.jpg 696w, https:\/\/jorgezanoni.com.br\/2019\/wp-content\/uploads\/2021\/04\/VIGIL\u00c2NCIA-SANIT\u00c1RIA-1-315x420.jpg 315w\" sizes=\"auto, (max-width: 768px) 100vw, 768px\" \/> <img loading=\"lazy\" decoding=\"async\" class=\"alignnone size-full wp-image-45819\" src=\"https:\/\/jorgezanoni.com.br\/2019\/wp-content\/uploads\/2021\/04\/VIGIL\u00c2NCIA-SANIT\u00c1RIA-3.jpg\" alt=\"\" width=\"768\" height=\"1024\" srcset=\"https:\/\/jorgezanoni.com.br\/2019\/wp-content\/uploads\/2021\/04\/VIGIL\u00c2NCIA-SANIT\u00c1RIA-3.jpg 768w, https:\/\/jorgezanoni.com.br\/2019\/wp-content\/uploads\/2021\/04\/VIGIL\u00c2NCIA-SANIT\u00c1RIA-3-225x300.jpg 225w, https:\/\/jorgezanoni.com.br\/2019\/wp-content\/uploads\/2021\/04\/VIGIL\u00c2NCIA-SANIT\u00c1RIA-3-696x928.jpg 696w, https:\/\/jorgezanoni.com.br\/2019\/wp-content\/uploads\/2021\/04\/VIGIL\u00c2NCIA-SANIT\u00c1RIA-3-315x420.jpg 315w\" sizes=\"auto, (max-width: 768px) 100vw, 768px\" \/> <img loading=\"lazy\" decoding=\"async\" class=\"alignnone size-full wp-image-45821\" src=\"https:\/\/jorgezanoni.com.br\/2019\/wp-content\/uploads\/2021\/04\/VIGIL\u00c2NCIA-SANIT\u00c1RIA-5-2.jpg\" alt=\"\" width=\"768\" height=\"1024\" srcset=\"https:\/\/jorgezanoni.com.br\/2019\/wp-content\/uploads\/2021\/04\/VIGIL\u00c2NCIA-SANIT\u00c1RIA-5-2.jpg 768w, https:\/\/jorgezanoni.com.br\/2019\/wp-content\/uploads\/2021\/04\/VIGIL\u00c2NCIA-SANIT\u00c1RIA-5-2-225x300.jpg 225w, https:\/\/jorgezanoni.com.br\/2019\/wp-content\/uploads\/2021\/04\/VIGIL\u00c2NCIA-SANIT\u00c1RIA-5-2-696x928.jpg 696w, https:\/\/jorgezanoni.com.br\/2019\/wp-content\/uploads\/2021\/04\/VIGIL\u00c2NCIA-SANIT\u00c1RIA-5-2-315x420.jpg 315w\" sizes=\"auto, (max-width: 768px) 100vw, 768px\" \/><\/p>\n<p>&nbsp;<\/p>\n<p>Fonte: Diretoria de Comunica\u00e7\u00e3o<\/p>\n<p>Fotos: cedida\/Vigil\u00e2ncia Sanit\u00e1ria<\/p>\n<p>&nbsp;<\/p>\n","protected":false},"excerpt":{"rendered":"<p>Hoje, 6, a Vigil\u00e2ncia Sanit\u00e1ria de Dracena, ap\u00f3s den\u00fancia, apreendeu cerca de 600 produtos, com prazo de validade expirado ou sem prazo de validade em um mercado. A diretora de Vigil\u00e2ncia em Sa\u00fade, Aline Andrade informou que ap\u00f3s a constata\u00e7\u00e3o, os produtos foram apreendidos e o estabelecimento autuado. O propriet\u00e1rio ter\u00e1 10 dias para apresentar [&hellip;]<\/p>\n","protected":false},"author":1,"featured_media":45820,"comment_status":"closed","ping_status":"open","sticky":false,"template":"","format":"standard","meta":{"footnotes":""},"categories":[110,116],"tags":[],"class_list":["post-45817","post","type-post","status-publish","format-standard","has-post-thumbnail","hentry","category-noticiasdestaque","category-politicaeeconomia"],"_links":{"self":[{"href":"https:\/\/jorgezanoni.com.br\/2019\/wp-json\/wp\/v2\/posts\/45817","targetHints":{"allow":["GET"]}}],"collection":[{"href":"https:\/\/jorgezanoni.com.br\/2019\/wp-json\/wp\/v2\/posts"}],"about":[{"href":"https:\/\/jorgezanoni.com.br\/2019\/wp-json\/wp\/v2\/types\/post"}],"author":[{"embeddable":true,"href":"https:\/\/jorgezanoni.com.br\/2019\/wp-json\/wp\/v2\/users\/1"}],"replies":[{"embeddable":true,"href":"https:\/\/jorgezanoni.com.br\/2019\/wp-json\/wp\/v2\/comments?post=45817"}],"version-history":[{"count":0,"href":"https:\/\/jorgezanoni.com.br\/2019\/wp-json\/wp\/v2\/posts\/45817\/revisions"}],"wp:featuredmedia":[{"embeddable":true,"href":"https:\/\/jorgezanoni.com.br\/2019\/wp-json\/wp\/v2\/media\/45820"}],"wp:attachment":[{"href":"https:\/\/jorgezanoni.com.br\/2019\/wp-json\/wp\/v2\/media?parent=45817"}],"wp:term":[{"taxonomy":"category","embeddable":true,"href":"https:\/\/jorgezanoni.com.br\/2019\/wp-json\/wp\/v2\/categories?post=45817"},{"taxonomy":"post_tag","embeddable":true,"href":"https:\/\/jorgezanoni.com.br\/2019\/wp-json\/wp\/v2\/tags?post=45817"}],"curies":[{"name":"wp","href":"https:\/\/api.w.org\/{rel}","templated":true}]}}