{"id":45812,"date":"2021-04-06T14:43:42","date_gmt":"2021-04-06T14:43:42","guid":{"rendered":"https:\/\/jorgezanoni.com.br\/2019\/?p=45812"},"modified":"2021-04-06T14:43:42","modified_gmt":"2021-04-06T14:43:42","slug":"prefeito-andre-lemos-encaminha-a-camara-projeto-de-lei-para-refis-2021","status":"publish","type":"post","link":"https:\/\/jorgezanoni.com.br\/2019\/prefeito-andre-lemos-encaminha-a-camara-projeto-de-lei-para-refis-2021\/","title":{"rendered":"Prefeito Andr\u00e9 Lemos encaminha \u00e0 C\u00e2mara Projeto de Lei para REFIS 2021"},"content":{"rendered":"<p style=\"text-align: justify;\"><strong>O chefe do executivo informou que ser\u00e1 o programa de renegocia\u00e7\u00e3o de d\u00edvidas mais atrativo que a cidade que j\u00e1 teve.<\/strong><strong>\u00a0<\/strong><\/p>\n<p style=\"text-align: justify;\">O prefeito Andr\u00e9 Lemos, de Dracena atendeu reivindica\u00e7\u00e3o dos vereadores e da popula\u00e7\u00e3o e elaborou projeto de lei para promover o Refis 2021, programa de renegocia\u00e7\u00e3o de d\u00edvidas de contribuintes com o munic\u00edpio.<\/p>\n<p style=\"text-align: justify;\">Andr\u00e9 se reuniu na tarde desta segunda-feira, com representantes do Legislativo, cujo presidente \u00e9 o vereador Claudinei Milan Pessoa (Mel\u00e3o), e entregou uma c\u00f3pia do projeto de lei.<\/p>\n<p style=\"text-align: justify;\">O chefe do Executivo informou que a inten\u00e7\u00e3o \u00e9 realizar apenas este Refis durante todo o per\u00edodo do mandato (2021\/2024). \u201cNossa proposta \u00e9 sem d\u00favida a mais atrativa e mais acess\u00edvel, se comparada a todas renegocia\u00e7\u00f5es que j\u00e1 foram promovidas nas administra\u00e7\u00f5es municipais anteriores, e por isso ser\u00e1 feita apenas uma vez durante os 4 anos de nosso mandato\u201d.<\/p>\n<p style=\"text-align: justify;\">Andr\u00e9 explicou que tamb\u00e9m est\u00e1 sendo elaborado projeto para premiar os bons pagadores do IPTU (Imposto Predial e Territorial Urbano) que ser\u00e1 denominado IPTU Premiado.<\/p>\n<p><img loading=\"lazy\" decoding=\"async\" class=\"alignnone size-full wp-image-45814\" src=\"https:\/\/jorgezanoni.com.br\/2019\/wp-content\/uploads\/2021\/04\/REFIS-2.jpg\" alt=\"\" width=\"1280\" height=\"720\" srcset=\"https:\/\/jorgezanoni.com.br\/2019\/wp-content\/uploads\/2021\/04\/REFIS-2.jpg 1280w, https:\/\/jorgezanoni.com.br\/2019\/wp-content\/uploads\/2021\/04\/REFIS-2-300x169.jpg 300w, https:\/\/jorgezanoni.com.br\/2019\/wp-content\/uploads\/2021\/04\/REFIS-2-1024x576.jpg 1024w, https:\/\/jorgezanoni.com.br\/2019\/wp-content\/uploads\/2021\/04\/REFIS-2-768x432.jpg 768w, https:\/\/jorgezanoni.com.br\/2019\/wp-content\/uploads\/2021\/04\/REFIS-2-696x392.jpg 696w, https:\/\/jorgezanoni.com.br\/2019\/wp-content\/uploads\/2021\/04\/REFIS-2-1068x601.jpg 1068w, https:\/\/jorgezanoni.com.br\/2019\/wp-content\/uploads\/2021\/04\/REFIS-2-747x420.jpg 747w\" sizes=\"auto, (max-width: 1280px) 100vw, 1280px\" \/><\/p>\n<p style=\"text-align: justify;\">Fonte: Diretoria de Comunica\u00e7\u00e3o<\/p>\n<p>&nbsp;<\/p>\n<p>&nbsp;<\/p>\n<p>&nbsp;<\/p>\n","protected":false},"excerpt":{"rendered":"<p>O chefe do executivo informou que ser\u00e1 o programa de renegocia\u00e7\u00e3o de d\u00edvidas mais atrativo que a cidade que j\u00e1 teve.\u00a0 O prefeito Andr\u00e9 Lemos, de Dracena atendeu reivindica\u00e7\u00e3o dos vereadores e da popula\u00e7\u00e3o e elaborou projeto de lei para promover o Refis 2021, programa de renegocia\u00e7\u00e3o de d\u00edvidas de contribuintes com o munic\u00edpio. Andr\u00e9 [&hellip;]<\/p>\n","protected":false},"author":1,"featured_media":45813,"comment_status":"closed","ping_status":"open","sticky":false,"template":"","format":"standard","meta":{"footnotes":""},"categories":[179,184,110],"tags":[],"class_list":["post-45812","post","type-post","status-publish","format-standard","has-post-thumbnail","hentry","category-cidadeseregiao","category-dracena","category-noticiasdestaque"],"_links":{"self":[{"href":"https:\/\/jorgezanoni.com.br\/2019\/wp-json\/wp\/v2\/posts\/45812","targetHints":{"allow":["GET"]}}],"collection":[{"href":"https:\/\/jorgezanoni.com.br\/2019\/wp-json\/wp\/v2\/posts"}],"about":[{"href":"https:\/\/jorgezanoni.com.br\/2019\/wp-json\/wp\/v2\/types\/post"}],"author":[{"embeddable":true,"href":"https:\/\/jorgezanoni.com.br\/2019\/wp-json\/wp\/v2\/users\/1"}],"replies":[{"embeddable":true,"href":"https:\/\/jorgezanoni.com.br\/2019\/wp-json\/wp\/v2\/comments?post=45812"}],"version-history":[{"count":0,"href":"https:\/\/jorgezanoni.com.br\/2019\/wp-json\/wp\/v2\/posts\/45812\/revisions"}],"wp:featuredmedia":[{"embeddable":true,"href":"https:\/\/jorgezanoni.com.br\/2019\/wp-json\/wp\/v2\/media\/45813"}],"wp:attachment":[{"href":"https:\/\/jorgezanoni.com.br\/2019\/wp-json\/wp\/v2\/media?parent=45812"}],"wp:term":[{"taxonomy":"category","embeddable":true,"href":"https:\/\/jorgezanoni.com.br\/2019\/wp-json\/wp\/v2\/categories?post=45812"},{"taxonomy":"post_tag","embeddable":true,"href":"https:\/\/jorgezanoni.com.br\/2019\/wp-json\/wp\/v2\/tags?post=45812"}],"curies":[{"name":"wp","href":"https:\/\/api.w.org\/{rel}","templated":true}]}}