{"id":45803,"date":"2021-04-06T14:08:56","date_gmt":"2021-04-06T14:08:56","guid":{"rendered":"https:\/\/jorgezanoni.com.br\/2019\/?p=45803"},"modified":"2021-04-06T14:08:56","modified_gmt":"2021-04-06T14:08:56","slug":"dracena-e-o-odio-bolsonarista-por-vladimir-de-mattos","status":"publish","type":"post","link":"https:\/\/jorgezanoni.com.br\/2019\/dracena-e-o-odio-bolsonarista-por-vladimir-de-mattos\/","title":{"rendered":"Dracena e o \u00f3dio bolsonarista (por Vladimir de Mattos)"},"content":{"rendered":"<p style=\"text-align: justify;\"><strong>DRACENA E O \u00d3DIO BOLSONARISTA<\/strong><\/p>\n<p style=\"text-align: justify;\">Recentemente, uma m\u00e9dica dracenense foi v\u00edtima de um v\u00eddeo criminoso postado nas redes sociais por um bolsonarista chamado Jackson Villar da Silva.<\/p>\n<p style=\"text-align: justify;\">Ao fazer ila\u00e7\u00f5es desairosas contra a profissional de Dracena, o autor do v\u00eddeo cometeu, em tese, diversos crimes previstos na legisla\u00e7\u00e3o penal vigente.<\/p>\n<p style=\"text-align: justify;\">At\u00e9 a\u00ed nenhuma novidade, pois propagar o \u00f3dio e atacar gratuitamente as pessoas parece ser o que de melhor alguns bolsonaristas radicais sabem fazer.<\/p>\n<p style=\"text-align: justify;\">Mas afinal de contas, quem \u00e9 esse tal de Jackson Villar?<\/p>\n<p style=\"text-align: justify;\">Pois bem, o sujeito em quest\u00e3o \u00e9 natural de Calote da Rocha (PB), se apresenta como \u201ccomerciante\/empres\u00e1rio e pastor\u201d, \u00e9 casado, possui o ensino m\u00e9dio completo e tem 43 anos. Um verdadeiro \u201cbolsonarista-raiz\u201d!<\/p>\n<p style=\"text-align: justify;\">Al\u00e9m disso, consta que ele foi candidato a deputado federal pelo PROS no Estado de SP nas elei\u00e7\u00f5es de 2018, obtendo expressivos 1.824 votos.<\/p>\n<p style=\"text-align: justify;\">Mas a verdadeira \u201cespecialidade\u201d do dito cujo parece ser outra: atacar pol\u00edticos e pessoas.<\/p>\n<p style=\"text-align: justify;\">No \u00faltimo m\u00eas de mar\u00e7o, ele foi intimado para prestar depoimento no 47\u00ba DP (Cap\u00e3o Redondo), na Zona Sul de S\u00e3o Paulo, por ter sido um dos organizadores das manifesta\u00e7\u00f5es feitas defronte a casa do governador paulista Jo\u00e3o D\u00f3ria, o que for\u00e7ou o pol\u00edtico e sua fam\u00edlia a se mudarem, \u00e0s pressas, para o Pal\u00e1cio dos Bandeirantes por motivos de seguran\u00e7a.<\/p>\n<p style=\"text-align: justify;\">Tamb\u00e9m em mar\u00e7o passado, esse mesmo indiv\u00edduo apareceu em um v\u00eddeo, na companhia de outro empres\u00e1rio, amea\u00e7ando pol\u00edticos que atuam em Santa Cruz do Capibaribe e em Pernambuco como um todo.<\/p>\n<p style=\"text-align: justify;\">Posto o resumo das atividades midi\u00e1ticas do valente bolsonarista que insinua ser amigo da tresloucada ministra Damares &#8220;Jesus-na-goiabeira\u201d Alves, uma pergunta \u00e9 inevit\u00e1vel: <strong>O que difere o referido cidad\u00e3o de alguns dracenenses que desfilaram pelas ruas da cidade protestando e destilando \u00f3dio contra o governador paulista?<\/strong><\/p>\n<p style=\"text-align: justify;\">Outra pergunta: <strong>O que o presidente Bolsonaro fez por Dracena at\u00e9 agora na \u00e1rea da sa\u00fade?<\/strong> Segundo consta, os respiradores, os leitos extras de UTI e as demais conquistas dracenenses vieram por iniciativa do governador de S\u00e3o Paulo, Jo\u00e3o D\u00f3ria.<\/p>\n<p style=\"text-align: justify;\">\u00daltima pergunta: <strong>Qual a contribui\u00e7\u00e3o que alguns renomados m\u00e9dicos locais est\u00e3o dando na linha de frente do tratamento da Covid-19, visto que a obstinada m\u00e9dica atacada aparenta estar extenuada de tanto trabalho prestado nesse sentido? <\/strong><\/p>\n<p style=\"text-align: justify;\">A sociedade dracenense espera por respostas!<\/p>\n<p style=\"text-align: justify;\">Enfim, a inevit\u00e1vel conclus\u00e3o \u00e9 de que o cidad\u00e3o em quest\u00e3o n\u00e3o encontrou apenas \u201ceco\u201d na cidade de Dracena, mas seguran\u00e7a suficiente para atacar quem quer que seja. Afinal de contas, Bolsonaro recebeu nada menos que 80,25% dos votos da popula\u00e7\u00e3o dracenense nas elei\u00e7\u00f5es de 2018, lembrando que a outra op\u00e7\u00e3o de voto era um professor da USP, a maior universidade da Am\u00e9rica Latina.<\/p>\n<p style=\"text-align: justify;\">Infelizmente, o que se colhe hoje em Dracena s\u00e3o apenas os frutos amargos dessa brincadeira de mau gosto que foi a de votar no \u00f3dio, no negacionismo, na morte, na mentira, na desonestidade, na incompet\u00eancia, no fascismo, no genoc\u00eddio e no que havia de pior e de mais deplor\u00e1vel na pol\u00edtica nacional. Se o fruto do pecado \u00e9 a morte, o fruto do analfabetismo pol\u00edtico \u00e9 o sofrimento do povo.<\/p>\n<p style=\"text-align: justify;\">Por fim, para n\u00e3o cansar o leitor e a fim de se evitar maiores delongas, reproduz-se abaixo, para fins de reflex\u00e3o, o texto de um promotor p\u00fablico de Goi\u00e1s recentemente postado nas redes sociais: <em>\u201cO bolsonarismo \u00e9 um apanhado de fracassados, de marginais, seres vazios de esp\u00edrito. Uma manada cuja exist\u00eancia carecia de um significado. Gentalha ressentida, apodrecida, sem voz, que encontrou um representante \u00e0 altura\u201d.<\/em> (Paulo Brondi, promotor p\u00fablico de Goi\u00e1s).<\/p>\n<p style=\"text-align: justify;\">Fontes: <a href=\"https:\/\/noticias.r7.com\/sao-paulo\/comerciante-que-protestou-contra-doria-e-chamado-para-depor-em-sp-16032021\">https:\/\/noticias.r7.com\/sao-paulo\/comerciante-que-protestou-contra-doria-e-chamado-para-depor-em-sp-16032021<\/a>; <a href=\"https:\/\/blogdobrunomuniz.com.br\/2021\/03\/empresario-que-ameacou-dar-surra-em-politicos-de-santa-cruz-foi-candidato-a-deputado-federal-em-2018-e-obteve-votacao-pifia.html\">https:\/\/blogdobrunomuniz.com.br\/2021\/03\/empresario-que-ameacou-dar-surra-em-politicos-de-santa-cruz-foi-candidato-a-deputado-federal-em-2018-e-obteve-votacao-pifia.html<\/a>; <a href=\"https:\/\/eleicoes.poder360.com.br\/candidato\/1496310#2018\">https:\/\/eleicoes.poder360.com.br\/candidato\/1496310#2018<\/a>; <a href=\"https:\/\/especiais.gazetadopovo.com.br\/eleicoes\/2018\/resultados\/municipios-sao-paulo\/dracena-sp\/presidente\/\">https:\/\/especiais.gazetadopovo.com.br\/eleicoes\/2018\/resultados\/municipios-sao-paulo\/dracena-sp\/presidente\/<\/a>.<\/p>\n<p style=\"text-align: justify;\"><a href=\"mailto:vladimirdemattos@hotmail.com\">vladimirdemattos@hotmail.com<\/a><\/p>\n","protected":false},"excerpt":{"rendered":"<p>DRACENA E O \u00d3DIO BOLSONARISTA Recentemente, uma m\u00e9dica dracenense foi v\u00edtima de um v\u00eddeo criminoso postado nas redes sociais por um bolsonarista chamado Jackson Villar da Silva. Ao fazer ila\u00e7\u00f5es desairosas contra a profissional de Dracena, o autor do v\u00eddeo cometeu, em tese, diversos crimes previstos na legisla\u00e7\u00e3o penal vigente. At\u00e9 a\u00ed nenhuma novidade, pois [&hellip;]<\/p>\n","protected":false},"author":1,"featured_media":45804,"comment_status":"closed","ping_status":"open","sticky":false,"template":"","format":"standard","meta":{"footnotes":""},"categories":[175],"tags":[],"class_list":["post-45803","post","type-post","status-publish","format-standard","has-post-thumbnail","hentry","category-artigos"],"_links":{"self":[{"href":"https:\/\/jorgezanoni.com.br\/2019\/wp-json\/wp\/v2\/posts\/45803","targetHints":{"allow":["GET"]}}],"collection":[{"href":"https:\/\/jorgezanoni.com.br\/2019\/wp-json\/wp\/v2\/posts"}],"about":[{"href":"https:\/\/jorgezanoni.com.br\/2019\/wp-json\/wp\/v2\/types\/post"}],"author":[{"embeddable":true,"href":"https:\/\/jorgezanoni.com.br\/2019\/wp-json\/wp\/v2\/users\/1"}],"replies":[{"embeddable":true,"href":"https:\/\/jorgezanoni.com.br\/2019\/wp-json\/wp\/v2\/comments?post=45803"}],"version-history":[{"count":0,"href":"https:\/\/jorgezanoni.com.br\/2019\/wp-json\/wp\/v2\/posts\/45803\/revisions"}],"wp:featuredmedia":[{"embeddable":true,"href":"https:\/\/jorgezanoni.com.br\/2019\/wp-json\/wp\/v2\/media\/45804"}],"wp:attachment":[{"href":"https:\/\/jorgezanoni.com.br\/2019\/wp-json\/wp\/v2\/media?parent=45803"}],"wp:term":[{"taxonomy":"category","embeddable":true,"href":"https:\/\/jorgezanoni.com.br\/2019\/wp-json\/wp\/v2\/categories?post=45803"},{"taxonomy":"post_tag","embeddable":true,"href":"https:\/\/jorgezanoni.com.br\/2019\/wp-json\/wp\/v2\/tags?post=45803"}],"curies":[{"name":"wp","href":"https:\/\/api.w.org\/{rel}","templated":true}]}}