{"id":45778,"date":"2021-04-05T23:21:57","date_gmt":"2021-04-05T23:21:57","guid":{"rendered":"https:\/\/jorgezanoni.com.br\/2019\/?p=45778"},"modified":"2021-04-05T23:21:57","modified_gmt":"2021-04-05T23:21:57","slug":"boletim-atualizado-da-covid-19-da-secretaria-municipal-de-saude-de-dracena-05-04-21","status":"publish","type":"post","link":"https:\/\/jorgezanoni.com.br\/2019\/boletim-atualizado-da-covid-19-da-secretaria-municipal-de-saude-de-dracena-05-04-21\/","title":{"rendered":"Boletim atualizado da COVID-19 da Secretaria Municipal de Sa\u00fade de Dracena 05\/04\/21"},"content":{"rendered":"<div class=\"kvgmc6g5 cxmmr5t8 oygrvhab hcukyx3x c1et5uql ii04i59q\">\n<div dir=\"auto\">BOLETIM EPIDEMIOL\u00d3GICO COVID 19<\/div>\n<div dir=\"auto\">Segunda-feira 5\/04<\/div>\n<\/div>\n<div class=\"o9v6fnle cxmmr5t8 oygrvhab hcukyx3x c1et5uql ii04i59q\">\n<div dir=\"auto\">Suspeitos: 25<\/div>\n<div dir=\"auto\">Suspeitos Domiciliar: 25<\/div>\n<div dir=\"auto\">Suspeitos Hospitalar: 0<\/div>\n<div dir=\"auto\">Confirmados: 4.023<\/div>\n<div dir=\"auto\">Curados: 3.784<\/div>\n<div dir=\"auto\">Isolamento domiciliar: 49<\/div>\n<div dir=\"auto\">Tratamento Hospitalar: 17<\/div>\n<div dir=\"auto\">\u00d3bitos: 173<\/div>\n<\/div>\n<div class=\"o9v6fnle cxmmr5t8 oygrvhab hcukyx3x c1et5uql ii04i59q\">\n<div dir=\"auto\">ALERTA<\/div>\n<div dir=\"auto\">De quarta-feira que passou para hoje foram confirmados 45 novos casos<\/div>\n<div dir=\"auto\">No mesmo per\u00edodo o n\u00famero de curados subiu para 120.<\/div>\n<div dir=\"auto\"><\/div>\n<div dir=\"auto\">Fonte: https:\/\/www.facebook.com\/prefeituradracena<\/div>\n<\/div>\n","protected":false},"excerpt":{"rendered":"<p>BOLETIM EPIDEMIOL\u00d3GICO COVID 19 Segunda-feira 5\/04 Suspeitos: 25 Suspeitos Domiciliar: 25 Suspeitos Hospitalar: 0 Confirmados: 4.023 Curados: 3.784 Isolamento domiciliar: 49 Tratamento Hospitalar: 17 \u00d3bitos: 173 ALERTA De quarta-feira que passou para hoje foram confirmados 45 novos casos No mesmo per\u00edodo o n\u00famero de curados subiu para 120. Fonte: https:\/\/www.facebook.com\/prefeituradracena<\/p>\n","protected":false},"author":1,"featured_media":45779,"comment_status":"closed","ping_status":"open","sticky":false,"template":"","format":"standard","meta":{"footnotes":""},"categories":[179,184,110],"tags":[],"class_list":["post-45778","post","type-post","status-publish","format-standard","has-post-thumbnail","hentry","category-cidadeseregiao","category-dracena","category-noticiasdestaque"],"_links":{"self":[{"href":"https:\/\/jorgezanoni.com.br\/2019\/wp-json\/wp\/v2\/posts\/45778","targetHints":{"allow":["GET"]}}],"collection":[{"href":"https:\/\/jorgezanoni.com.br\/2019\/wp-json\/wp\/v2\/posts"}],"about":[{"href":"https:\/\/jorgezanoni.com.br\/2019\/wp-json\/wp\/v2\/types\/post"}],"author":[{"embeddable":true,"href":"https:\/\/jorgezanoni.com.br\/2019\/wp-json\/wp\/v2\/users\/1"}],"replies":[{"embeddable":true,"href":"https:\/\/jorgezanoni.com.br\/2019\/wp-json\/wp\/v2\/comments?post=45778"}],"version-history":[{"count":0,"href":"https:\/\/jorgezanoni.com.br\/2019\/wp-json\/wp\/v2\/posts\/45778\/revisions"}],"wp:featuredmedia":[{"embeddable":true,"href":"https:\/\/jorgezanoni.com.br\/2019\/wp-json\/wp\/v2\/media\/45779"}],"wp:attachment":[{"href":"https:\/\/jorgezanoni.com.br\/2019\/wp-json\/wp\/v2\/media?parent=45778"}],"wp:term":[{"taxonomy":"category","embeddable":true,"href":"https:\/\/jorgezanoni.com.br\/2019\/wp-json\/wp\/v2\/categories?post=45778"},{"taxonomy":"post_tag","embeddable":true,"href":"https:\/\/jorgezanoni.com.br\/2019\/wp-json\/wp\/v2\/tags?post=45778"}],"curies":[{"name":"wp","href":"https:\/\/api.w.org\/{rel}","templated":true}]}}