{"id":45772,"date":"2021-04-05T15:45:17","date_gmt":"2021-04-05T15:45:17","guid":{"rendered":"https:\/\/jorgezanoni.com.br\/2019\/?p=45772"},"modified":"2021-04-05T15:45:17","modified_gmt":"2021-04-05T15:45:17","slug":"faleceu-amilton-ribeiro-da-silva-um-dos-mais-antigos-colaboradores-a-reges","status":"publish","type":"post","link":"https:\/\/jorgezanoni.com.br\/2019\/faleceu-amilton-ribeiro-da-silva-um-dos-mais-antigos-colaboradores-a-reges\/","title":{"rendered":"Faleceu Am\u00edlton Ribeiro da Silva, um dos mais antigos colaboradores a REGES"},"content":{"rendered":"<p style=\"text-align: justify;\">A Rede Gonzaga de Ensino Superior (REGES) lamenta o falecimento de um de seus mais antigos funcion\u00e1rios, o contador Am\u00edlton Ribeiro da Silva, que tinha 73 anos. Ele estava na institui\u00e7\u00e3o h\u00e1 mais de 30 anos e era amigo pessoal do professor Jos\u00e9 Gonzaga da Silva Neto desde que se conheceram em Jales.<\/p>\n<p style=\"text-align: justify;\">Am\u00edlton trabalhava e residia na Faculdade Reges de Dracena e era muito querido por todos os funcion\u00e1rios e diretores.<\/p>\n<p style=\"text-align: justify;\">Am\u00edlton faleceu ap\u00f3s acidente na Rodovia Raposo Tavares, domingo, em Presidente Bernardes.\u00a0\u00a0A caminhonete que ele dirigia atingiu a traseira de um caminh\u00e3o por motivos a serem esclarecidos. Am\u00edlton chegou a ser socorrido ao Hospital Regional de Presidente Prudente, onde faleceu na madrugada desta segunda-feira. O sepultamento deve ocorrer em Jales<\/p>\n<p style=\"text-align: justify;\">A REGES externa seus sentimentos aos amigos e familiares.<\/p>\n<p>Fonte: Bastidores da Not\u00edcia<\/p>\n","protected":false},"excerpt":{"rendered":"<p>A Rede Gonzaga de Ensino Superior (REGES) lamenta o falecimento de um de seus mais antigos funcion\u00e1rios, o contador Am\u00edlton Ribeiro da Silva, que tinha 73 anos. Ele estava na institui\u00e7\u00e3o h\u00e1 mais de 30 anos e era amigo pessoal do professor Jos\u00e9 Gonzaga da Silva Neto desde que se conheceram em Jales. Am\u00edlton trabalhava [&hellip;]<\/p>\n","protected":false},"author":1,"featured_media":45773,"comment_status":"closed","ping_status":"open","sticky":false,"template":"","format":"standard","meta":{"footnotes":""},"categories":[178,110],"tags":[],"class_list":["post-45772","post","type-post","status-publish","format-standard","has-post-thumbnail","hentry","category-notadefalecimento","category-noticiasdestaque"],"_links":{"self":[{"href":"https:\/\/jorgezanoni.com.br\/2019\/wp-json\/wp\/v2\/posts\/45772","targetHints":{"allow":["GET"]}}],"collection":[{"href":"https:\/\/jorgezanoni.com.br\/2019\/wp-json\/wp\/v2\/posts"}],"about":[{"href":"https:\/\/jorgezanoni.com.br\/2019\/wp-json\/wp\/v2\/types\/post"}],"author":[{"embeddable":true,"href":"https:\/\/jorgezanoni.com.br\/2019\/wp-json\/wp\/v2\/users\/1"}],"replies":[{"embeddable":true,"href":"https:\/\/jorgezanoni.com.br\/2019\/wp-json\/wp\/v2\/comments?post=45772"}],"version-history":[{"count":0,"href":"https:\/\/jorgezanoni.com.br\/2019\/wp-json\/wp\/v2\/posts\/45772\/revisions"}],"wp:featuredmedia":[{"embeddable":true,"href":"https:\/\/jorgezanoni.com.br\/2019\/wp-json\/wp\/v2\/media\/45773"}],"wp:attachment":[{"href":"https:\/\/jorgezanoni.com.br\/2019\/wp-json\/wp\/v2\/media?parent=45772"}],"wp:term":[{"taxonomy":"category","embeddable":true,"href":"https:\/\/jorgezanoni.com.br\/2019\/wp-json\/wp\/v2\/categories?post=45772"},{"taxonomy":"post_tag","embeddable":true,"href":"https:\/\/jorgezanoni.com.br\/2019\/wp-json\/wp\/v2\/tags?post=45772"}],"curies":[{"name":"wp","href":"https:\/\/api.w.org\/{rel}","templated":true}]}}