{"id":45766,"date":"2021-04-05T15:30:56","date_gmt":"2021-04-05T15:30:56","guid":{"rendered":"https:\/\/jorgezanoni.com.br\/2019\/?p=45766"},"modified":"2021-04-05T15:31:34","modified_gmt":"2021-04-05T15:31:34","slug":"morador-de-dracena-homem-morre-apos-bater-caminhonete-na-traseira-de-caminhao-na-rodovia-raposo-tavares","status":"publish","type":"post","link":"https:\/\/jorgezanoni.com.br\/2019\/morador-de-dracena-homem-morre-apos-bater-caminhonete-na-traseira-de-caminhao-na-rodovia-raposo-tavares\/","title":{"rendered":"MORADOR DE DRACENA: Homem morre ap\u00f3s bater caminhonete na traseira de caminh\u00e3o na Rodovia Raposo Tavares"},"content":{"rendered":"<h2 class=\"content-head__subtitle\" style=\"text-align: justify;\"><strong>Acidente foi registrado na noite deste domingo (4), no trecho de Presidente Bernardes. V\u00edtima chegou a ser socorrida e levada ao Hospital Regional de Presidente Prudente, mas n\u00e3o resistiu.<\/strong><\/h2>\n<div class=\"mc-column content-text active-extra-styles \" data-block-type=\"unstyled\" data-block-weight=\"26\" data-block-id=\"2\">\n<p class=\"content-text__container \" style=\"text-align: justify;\" data-track-category=\"Link no Texto\" data-track-links=\"\">Um homem de 73 anos morreu ap\u00f3s ficar gravemente ferido em um acidente de tr\u00e2nsito na Rodovia Raposo Tavares (SP-270), em\u00a0<a href=\"https:\/\/g1.globo.com\/sp\/presidente-prudente-regiao\/cidade\/presidente-bernardes-sp\/\">Presidente Bernardes<\/a>, neste domingo (4).<\/p>\n<\/div>\n<div class=\"wall protected-content\">\n<div class=\"mc-column content-text active-extra-styles \" style=\"text-align: justify;\" data-block-type=\"unstyled\" data-block-weight=\"38\" data-block-id=\"3\">\n<p class=\"content-text__container \" data-track-category=\"Link no Texto\" data-track-links=\"\">Conforme a Pol\u00edcia Militar Rodovi\u00e1ria, ele conduzia uma caminhonete que, por motivos a serem esclarecidos, bateu na traseira de um caminh\u00e3o. A colis\u00e3o foi por volta das 20h, no km 586. Ele estava sozinho no momento do acidente.<\/p>\n<\/div>\n<div class=\"mc-column content-text active-extra-styles \" style=\"text-align: justify;\" data-block-type=\"unstyled\" data-block-weight=\"29\" data-block-id=\"4\">\n<p class=\"content-text__container \" data-track-category=\"Link no Texto\" data-track-links=\"\">Ainda segundo a corpora\u00e7\u00e3o, os dois ve\u00edculos seguiam sentido a Presidente Epit\u00e1cio. O Corpo de Bombeiros socorreu o idoso, que foi encaminhado para o Hospital Regional de Presidente Prudente.<\/p>\n<\/div>\n<div class=\"mc-column content-text active-extra-styles \" style=\"text-align: justify;\" data-block-type=\"unstyled\" data-block-weight=\"28\" data-block-id=\"5\">\n<p class=\"content-text__container \" data-track-category=\"Link no Texto\" data-track-links=\"\">De acordo com o HR, o idoso deu entrada no pronto-socorro da unidade na noite deste domingo (4) e &#8220;recebeu prontamente os cuidados da equipe m\u00e9dica e multiprofissional&#8221;.<\/p>\n<\/div>\n<div class=\"mc-column content-text active-extra-styles \" style=\"text-align: justify;\" data-block-type=\"unstyled\" data-block-weight=\"21\" data-block-id=\"6\">\n<p class=\"content-text__container \" data-track-category=\"Link no Texto\" data-track-links=\"\">&#8220;Devido \u00e0 gravidade do seu quadro cl\u00ednico, evoluiu a \u00f3bito \u00e0s 3h desta segunda-feira (5)&#8221;, afirmou o Hospital Regional ao\u00a0<strong>G1<\/strong>.<\/p>\n<\/div>\n<div class=\"row medium-uncollapsed content-media content-photo\" data-block-type=\"backstage-photo\" data-block-id=\"7\">\n<div class=\"mc-column content-media__container\">\n<div class=\"content-media-container glb-skeleton-box\" style=\"text-align: justify;\">\n<figure class=\"content-media-figure\"><img decoding=\"async\" class=\"i-amphtml-fill-content i-amphtml-replaced-content\" src=\"https:\/\/s2.glbimg.com\/OmPpvdfyydAf5ZxIQWntzjqGGqA=\/0x0:1280x1280\/984x0\/smart\/filters:strip_icc()\/i.s3.glbimg.com\/v1\/AUTH_59edd422c0c84a879bd37670ae4f538a\/internal_photos\/bs\/2021\/z\/n\/ou8uIkTZCaWAjOMgBHwg\/whatsapp-image-2021-04-05-at-07.44.14.jpeg\" sizes=\"(max-width: 1366px) 648px, 100vw\" srcset=\"https:\/\/s2.glbimg.com\/9pfXMaVzkf8BNv56GprgKqQIt04=\/0x0:1280x1280\/1000x0\/smart\/filters:strip_icc()\/i.s3.glbimg.com\/v1\/AUTH_59edd422c0c84a879bd37670ae4f538a\/internal_photos\/bs\/2021\/z\/n\/ou8uIkTZCaWAjOMgBHwg\/whatsapp-image-2021-04-05-at-07.44.14.jpeg 1000w, https:\/\/s2.glbimg.com\/OmPpvdfyydAf5ZxIQWntzjqGGqA=\/0x0:1280x1280\/984x0\/smart\/filters:strip_icc()\/i.s3.glbimg.com\/v1\/AUTH_59edd422c0c84a879bd37670ae4f538a\/internal_photos\/bs\/2021\/z\/n\/ou8uIkTZCaWAjOMgBHwg\/whatsapp-image-2021-04-05-at-07.44.14.jpeg 984w, https:\/\/s2.glbimg.com\/h6WormEcVBfMUhOYaINS-6-hYYs=\/0x0:1280x1280\/640x0\/smart\/filters:strip_icc()\/i.s3.glbimg.com\/v1\/AUTH_59edd422c0c84a879bd37670ae4f538a\/internal_photos\/bs\/2021\/z\/n\/ou8uIkTZCaWAjOMgBHwg\/whatsapp-image-2021-04-05-at-07.44.14.jpeg 640w, https:\/\/s2.glbimg.com\/M1hn309skhMbjrt5MEm6vfSqES0=\/0x0:1280x1280\/600x0\/smart\/filters:strip_icc()\/i.s3.glbimg.com\/v1\/AUTH_59edd422c0c84a879bd37670ae4f538a\/internal_photos\/bs\/2021\/z\/n\/ou8uIkTZCaWAjOMgBHwg\/whatsapp-image-2021-04-05-at-07.44.14.jpeg 600w\" alt=\"Caminhonete bateu na traseira do caminh\u00e3o \u2014 Foto: Pol\u00edcia Rodovi\u00e1ria\" \/><\/figure>\n<\/div>\n<p class=\"content-media__description \" style=\"text-align: justify;\">Caminhonete bateu na traseira do caminh\u00e3o \u2014 Foto: Pol\u00edcia Rodovi\u00e1ria<\/p>\n<p style=\"text-align: justify;\">Fonte: G1<\/p>\n<p>NOTA: A vitima fatal trata-se de Amilton Ribeiro da Silva, contador da Faculdade REGES, funcion\u00e1rio h\u00e1 mais de 30 anos, que morava em Dracena.<\/p>\n<p><img loading=\"lazy\" decoding=\"async\" class=\"alignnone size-full wp-image-45767\" src=\"https:\/\/jorgezanoni.com.br\/2019\/wp-content\/uploads\/2021\/04\/Amilton.jpg\" alt=\"\" width=\"285\" height=\"380\" srcset=\"https:\/\/jorgezanoni.com.br\/2019\/wp-content\/uploads\/2021\/04\/Amilton.jpg 285w, https:\/\/jorgezanoni.com.br\/2019\/wp-content\/uploads\/2021\/04\/Amilton-225x300.jpg 225w\" sizes=\"auto, (max-width: 285px) 100vw, 285px\" \/><\/p>\n<p>Fonte: Bastidores da Not\u00edcia<\/p>\n<h3 class=\"post-title entry-title\"><\/h3>\n<\/div>\n<\/div>\n<\/div>\n","protected":false},"excerpt":{"rendered":"<p>Acidente foi registrado na noite deste domingo (4), no trecho de Presidente Bernardes. V\u00edtima chegou a ser socorrida e levada ao Hospital Regional de Presidente Prudente, mas n\u00e3o resistiu. Um homem de 73 anos morreu ap\u00f3s ficar gravemente ferido em um acidente de tr\u00e2nsito na Rodovia Raposo Tavares (SP-270), em\u00a0Presidente Bernardes, neste domingo (4). Conforme [&hellip;]<\/p>\n","protected":false},"author":1,"featured_media":45768,"comment_status":"closed","ping_status":"open","sticky":false,"template":"","format":"standard","meta":{"footnotes":""},"categories":[170,110],"tags":[],"class_list":["post-45766","post","type-post","status-publish","format-standard","has-post-thumbnail","hentry","category-acidentes","category-noticiasdestaque"],"_links":{"self":[{"href":"https:\/\/jorgezanoni.com.br\/2019\/wp-json\/wp\/v2\/posts\/45766","targetHints":{"allow":["GET"]}}],"collection":[{"href":"https:\/\/jorgezanoni.com.br\/2019\/wp-json\/wp\/v2\/posts"}],"about":[{"href":"https:\/\/jorgezanoni.com.br\/2019\/wp-json\/wp\/v2\/types\/post"}],"author":[{"embeddable":true,"href":"https:\/\/jorgezanoni.com.br\/2019\/wp-json\/wp\/v2\/users\/1"}],"replies":[{"embeddable":true,"href":"https:\/\/jorgezanoni.com.br\/2019\/wp-json\/wp\/v2\/comments?post=45766"}],"version-history":[{"count":0,"href":"https:\/\/jorgezanoni.com.br\/2019\/wp-json\/wp\/v2\/posts\/45766\/revisions"}],"wp:featuredmedia":[{"embeddable":true,"href":"https:\/\/jorgezanoni.com.br\/2019\/wp-json\/wp\/v2\/media\/45768"}],"wp:attachment":[{"href":"https:\/\/jorgezanoni.com.br\/2019\/wp-json\/wp\/v2\/media?parent=45766"}],"wp:term":[{"taxonomy":"category","embeddable":true,"href":"https:\/\/jorgezanoni.com.br\/2019\/wp-json\/wp\/v2\/categories?post=45766"},{"taxonomy":"post_tag","embeddable":true,"href":"https:\/\/jorgezanoni.com.br\/2019\/wp-json\/wp\/v2\/tags?post=45766"}],"curies":[{"name":"wp","href":"https:\/\/api.w.org\/{rel}","templated":true}]}}