{"id":45735,"date":"2021-04-04T22:27:33","date_gmt":"2021-04-04T22:27:33","guid":{"rendered":"https:\/\/jorgezanoni.com.br\/2019\/?p=45735"},"modified":"2021-04-05T12:55:57","modified_gmt":"2021-04-05T12:55:57","slug":"morre-o-adolescente-jose-guilherme-outi","status":"publish","type":"post","link":"https:\/\/jorgezanoni.com.br\/2019\/morre-o-adolescente-jose-guilherme-outi\/","title":{"rendered":"Morre o adolescente Jos\u00e9 Guilherme Outi"},"content":{"rendered":"<p style=\"text-align: justify;\">Comunicamos com o pesar o falecimento de Jos\u00e9 Guilherme Outi de 17 anos. Era aluno do Col\u00e9gio Objetivo de Dracena.<\/p>\n<p style=\"text-align: justify;\">Deixa os pais Alessandro Outi, a m\u00e3e Dra. K\u00e1tia De Marco e uma irm\u00e3.<\/p>\n<p style=\"text-align: justify;\">\u00c9 neto do Prefeito de Panorama Dr. Carlos Outi e da av\u00f3 paterna Alba Rocha.<\/p>\n<p style=\"text-align: justify;\">Jorge Zanoni<\/p>\n<p><img loading=\"lazy\" decoding=\"async\" class=\"alignnone size-full wp-image-45760\" src=\"https:\/\/jorgezanoni.com.br\/2019\/wp-content\/uploads\/2021\/04\/Jose.jpg\" alt=\"\" width=\"1280\" height=\"1279\" srcset=\"https:\/\/jorgezanoni.com.br\/2019\/wp-content\/uploads\/2021\/04\/Jose.jpg 1280w, https:\/\/jorgezanoni.com.br\/2019\/wp-content\/uploads\/2021\/04\/Jose-300x300.jpg 300w, https:\/\/jorgezanoni.com.br\/2019\/wp-content\/uploads\/2021\/04\/Jose-1024x1024.jpg 1024w, https:\/\/jorgezanoni.com.br\/2019\/wp-content\/uploads\/2021\/04\/Jose-150x150.jpg 150w, https:\/\/jorgezanoni.com.br\/2019\/wp-content\/uploads\/2021\/04\/Jose-768x767.jpg 768w, https:\/\/jorgezanoni.com.br\/2019\/wp-content\/uploads\/2021\/04\/Jose-696x695.jpg 696w, https:\/\/jorgezanoni.com.br\/2019\/wp-content\/uploads\/2021\/04\/Jose-1068x1067.jpg 1068w, https:\/\/jorgezanoni.com.br\/2019\/wp-content\/uploads\/2021\/04\/Jose-420x420.jpg 420w\" sizes=\"auto, (max-width: 1280px) 100vw, 1280px\" \/><\/p>\n<p>&nbsp;<\/p>\n","protected":false},"excerpt":{"rendered":"<p>Comunicamos com o pesar o falecimento de Jos\u00e9 Guilherme Outi de 17 anos. Era aluno do Col\u00e9gio Objetivo de Dracena. Deixa os pais Alessandro Outi, a m\u00e3e Dra. K\u00e1tia De Marco e uma irm\u00e3. \u00c9 neto do Prefeito de Panorama Dr. Carlos Outi e da av\u00f3 paterna Alba Rocha. Jorge Zanoni &nbsp;<\/p>\n","protected":false},"author":1,"featured_media":45736,"comment_status":"closed","ping_status":"open","sticky":false,"template":"","format":"standard","meta":{"footnotes":""},"categories":[178,110],"tags":[],"class_list":["post-45735","post","type-post","status-publish","format-standard","has-post-thumbnail","hentry","category-notadefalecimento","category-noticiasdestaque"],"_links":{"self":[{"href":"https:\/\/jorgezanoni.com.br\/2019\/wp-json\/wp\/v2\/posts\/45735","targetHints":{"allow":["GET"]}}],"collection":[{"href":"https:\/\/jorgezanoni.com.br\/2019\/wp-json\/wp\/v2\/posts"}],"about":[{"href":"https:\/\/jorgezanoni.com.br\/2019\/wp-json\/wp\/v2\/types\/post"}],"author":[{"embeddable":true,"href":"https:\/\/jorgezanoni.com.br\/2019\/wp-json\/wp\/v2\/users\/1"}],"replies":[{"embeddable":true,"href":"https:\/\/jorgezanoni.com.br\/2019\/wp-json\/wp\/v2\/comments?post=45735"}],"version-history":[{"count":0,"href":"https:\/\/jorgezanoni.com.br\/2019\/wp-json\/wp\/v2\/posts\/45735\/revisions"}],"wp:featuredmedia":[{"embeddable":true,"href":"https:\/\/jorgezanoni.com.br\/2019\/wp-json\/wp\/v2\/media\/45736"}],"wp:attachment":[{"href":"https:\/\/jorgezanoni.com.br\/2019\/wp-json\/wp\/v2\/media?parent=45735"}],"wp:term":[{"taxonomy":"category","embeddable":true,"href":"https:\/\/jorgezanoni.com.br\/2019\/wp-json\/wp\/v2\/categories?post=45735"},{"taxonomy":"post_tag","embeddable":true,"href":"https:\/\/jorgezanoni.com.br\/2019\/wp-json\/wp\/v2\/tags?post=45735"}],"curies":[{"name":"wp","href":"https:\/\/api.w.org\/{rel}","templated":true}]}}