{"id":4572,"date":"2019-08-23T21:35:06","date_gmt":"2019-08-23T21:35:06","guid":{"rendered":"https:\/\/jorgezanoni.com.br\/2019\/?p=4572"},"modified":"2019-08-23T21:35:06","modified_gmt":"2019-08-23T21:35:06","slug":"veiculo-e-moto-batem-em-esquina-da-magid-zacharias","status":"publish","type":"post","link":"https:\/\/jorgezanoni.com.br\/2019\/veiculo-e-moto-batem-em-esquina-da-magid-zacharias\/","title":{"rendered":"Ve\u00edculo e Moto batem em esquina da Magid Zacharias"},"content":{"rendered":"<p><img loading=\"lazy\" decoding=\"async\" class=\"alignnone size-full wp-image-4573\" src=\"https:\/\/jorgezanoni.com.br\/2019\/wp-content\/uploads\/2019\/08\/IMG_8012-2.jpg\" alt=\"\" width=\"900\" height=\"599\" srcset=\"https:\/\/jorgezanoni.com.br\/2019\/wp-content\/uploads\/2019\/08\/IMG_8012-2.jpg 900w, https:\/\/jorgezanoni.com.br\/2019\/wp-content\/uploads\/2019\/08\/IMG_8012-2-300x200.jpg 300w, https:\/\/jorgezanoni.com.br\/2019\/wp-content\/uploads\/2019\/08\/IMG_8012-2-768x511.jpg 768w, https:\/\/jorgezanoni.com.br\/2019\/wp-content\/uploads\/2019\/08\/IMG_8012-2-696x463.jpg 696w, https:\/\/jorgezanoni.com.br\/2019\/wp-content\/uploads\/2019\/08\/IMG_8012-2-631x420.jpg 631w\" sizes=\"auto, (max-width: 900px) 100vw, 900px\" \/><\/p>\n<p style=\"text-align: justify;\">Por volta de 15 Hs. desta sexta-feira (23), a Pol\u00edcia Militar registrou um acidente de tr\u00e2nsito na esquina das ruas Monte Castelo e Magid Zacharias.<\/p>\n<p><img loading=\"lazy\" decoding=\"async\" class=\"alignnone size-full wp-image-4574\" src=\"https:\/\/jorgezanoni.com.br\/2019\/wp-content\/uploads\/2019\/08\/IMG_8013.jpg\" alt=\"\" width=\"900\" height=\"599\" srcset=\"https:\/\/jorgezanoni.com.br\/2019\/wp-content\/uploads\/2019\/08\/IMG_8013.jpg 900w, https:\/\/jorgezanoni.com.br\/2019\/wp-content\/uploads\/2019\/08\/IMG_8013-300x200.jpg 300w, https:\/\/jorgezanoni.com.br\/2019\/wp-content\/uploads\/2019\/08\/IMG_8013-768x511.jpg 768w, https:\/\/jorgezanoni.com.br\/2019\/wp-content\/uploads\/2019\/08\/IMG_8013-696x463.jpg 696w, https:\/\/jorgezanoni.com.br\/2019\/wp-content\/uploads\/2019\/08\/IMG_8013-631x420.jpg 631w\" sizes=\"auto, (max-width: 900px) 100vw, 900px\" \/><\/p>\n<p style=\"text-align: justify;\">Segundo informa\u00e7\u00f5es obtidas no local pela reportagem do Site JZ, um ve\u00edculo Fiat Toro placas de Dracena dirigida por um homem, fazia o sentido Jos\u00e9 Bonif\u00e1cio a Washington Luiz pela Magid Zacharias. A Moto placa de Dracena, fazia o sentido bairro-centro pela Monte Castelo.<\/p>\n<p><img loading=\"lazy\" decoding=\"async\" class=\"alignnone size-full wp-image-4575\" src=\"https:\/\/jorgezanoni.com.br\/2019\/wp-content\/uploads\/2019\/08\/IMG_8020.jpg\" alt=\"\" width=\"900\" height=\"599\" srcset=\"https:\/\/jorgezanoni.com.br\/2019\/wp-content\/uploads\/2019\/08\/IMG_8020.jpg 900w, https:\/\/jorgezanoni.com.br\/2019\/wp-content\/uploads\/2019\/08\/IMG_8020-300x200.jpg 300w, https:\/\/jorgezanoni.com.br\/2019\/wp-content\/uploads\/2019\/08\/IMG_8020-768x511.jpg 768w, https:\/\/jorgezanoni.com.br\/2019\/wp-content\/uploads\/2019\/08\/IMG_8020-696x463.jpg 696w, https:\/\/jorgezanoni.com.br\/2019\/wp-content\/uploads\/2019\/08\/IMG_8020-631x420.jpg 631w\" sizes=\"auto, (max-width: 900px) 100vw, 900px\" \/><\/p>\n<p style=\"text-align: justify;\">O motorista informou que se adiantou um pouco no sinal de pare por conta de uma carreta estacionada e quando viu a moto acelerou para que ela passasse por tr\u00e1s do ve\u00edculo, por\u00e9m n\u00e3o deu tempo e a mesma acabou batendo pr\u00f3ximo do para-choque traseiro do ve\u00edculo.<\/p>\n<p><img loading=\"lazy\" decoding=\"async\" class=\"alignnone size-full wp-image-4576\" src=\"https:\/\/jorgezanoni.com.br\/2019\/wp-content\/uploads\/2019\/08\/IMG_8021.jpg\" alt=\"\" width=\"900\" height=\"599\" srcset=\"https:\/\/jorgezanoni.com.br\/2019\/wp-content\/uploads\/2019\/08\/IMG_8021.jpg 900w, https:\/\/jorgezanoni.com.br\/2019\/wp-content\/uploads\/2019\/08\/IMG_8021-300x200.jpg 300w, https:\/\/jorgezanoni.com.br\/2019\/wp-content\/uploads\/2019\/08\/IMG_8021-768x511.jpg 768w, https:\/\/jorgezanoni.com.br\/2019\/wp-content\/uploads\/2019\/08\/IMG_8021-696x463.jpg 696w, https:\/\/jorgezanoni.com.br\/2019\/wp-content\/uploads\/2019\/08\/IMG_8021-631x420.jpg 631w\" sizes=\"auto, (max-width: 900px) 100vw, 900px\" \/><\/p>\n<p style=\"text-align: justify;\">O motorista n\u00e3o sofreu ferimentos, j\u00e1 o motociclista e uma mo\u00e7a que estava na garupa foram socorridos pela Unidade de Resgate do Corpo de Bombeiros at\u00e9 o Pronto Atendimento Municipal. Aparentemente com ferimentos de natureza leve. A Pol\u00edcia T\u00e9cnica compareceu ao local para registro dos fatos.<\/p>\n<p><img loading=\"lazy\" decoding=\"async\" class=\"alignnone size-full wp-image-4577\" src=\"https:\/\/jorgezanoni.com.br\/2019\/wp-content\/uploads\/2019\/08\/IMG_8018.jpg\" alt=\"\" width=\"900\" height=\"599\" srcset=\"https:\/\/jorgezanoni.com.br\/2019\/wp-content\/uploads\/2019\/08\/IMG_8018.jpg 900w, https:\/\/jorgezanoni.com.br\/2019\/wp-content\/uploads\/2019\/08\/IMG_8018-300x200.jpg 300w, https:\/\/jorgezanoni.com.br\/2019\/wp-content\/uploads\/2019\/08\/IMG_8018-768x511.jpg 768w, https:\/\/jorgezanoni.com.br\/2019\/wp-content\/uploads\/2019\/08\/IMG_8018-696x463.jpg 696w, https:\/\/jorgezanoni.com.br\/2019\/wp-content\/uploads\/2019\/08\/IMG_8018-631x420.jpg 631w\" sizes=\"auto, (max-width: 900px) 100vw, 900px\" \/><\/p>\n<p style=\"text-align: justify;\">Jorge Zanoni<\/p>\n","protected":false},"excerpt":{"rendered":"<p>Por volta de 15 Hs. desta sexta-feira (23), a Pol\u00edcia Militar registrou um acidente de tr\u00e2nsito na esquina das ruas Monte Castelo e Magid Zacharias. Segundo informa\u00e7\u00f5es obtidas no local pela reportagem do Site JZ, um ve\u00edculo Fiat Toro placas de Dracena dirigida por um homem, fazia o sentido Jos\u00e9 Bonif\u00e1cio a Washington Luiz pela [&hellip;]<\/p>\n","protected":false},"author":1,"featured_media":4578,"comment_status":"closed","ping_status":"open","sticky":false,"template":"","format":"standard","meta":{"footnotes":""},"categories":[170,110],"tags":[],"class_list":["post-4572","post","type-post","status-publish","format-standard","has-post-thumbnail","hentry","category-acidentes","category-noticiasdestaque"],"_links":{"self":[{"href":"https:\/\/jorgezanoni.com.br\/2019\/wp-json\/wp\/v2\/posts\/4572","targetHints":{"allow":["GET"]}}],"collection":[{"href":"https:\/\/jorgezanoni.com.br\/2019\/wp-json\/wp\/v2\/posts"}],"about":[{"href":"https:\/\/jorgezanoni.com.br\/2019\/wp-json\/wp\/v2\/types\/post"}],"author":[{"embeddable":true,"href":"https:\/\/jorgezanoni.com.br\/2019\/wp-json\/wp\/v2\/users\/1"}],"replies":[{"embeddable":true,"href":"https:\/\/jorgezanoni.com.br\/2019\/wp-json\/wp\/v2\/comments?post=4572"}],"version-history":[{"count":0,"href":"https:\/\/jorgezanoni.com.br\/2019\/wp-json\/wp\/v2\/posts\/4572\/revisions"}],"wp:featuredmedia":[{"embeddable":true,"href":"https:\/\/jorgezanoni.com.br\/2019\/wp-json\/wp\/v2\/media\/4578"}],"wp:attachment":[{"href":"https:\/\/jorgezanoni.com.br\/2019\/wp-json\/wp\/v2\/media?parent=4572"}],"wp:term":[{"taxonomy":"category","embeddable":true,"href":"https:\/\/jorgezanoni.com.br\/2019\/wp-json\/wp\/v2\/categories?post=4572"},{"taxonomy":"post_tag","embeddable":true,"href":"https:\/\/jorgezanoni.com.br\/2019\/wp-json\/wp\/v2\/tags?post=4572"}],"curies":[{"name":"wp","href":"https:\/\/api.w.org\/{rel}","templated":true}]}}