{"id":45702,"date":"2021-04-03T21:46:19","date_gmt":"2021-04-03T21:46:19","guid":{"rendered":"https:\/\/jorgezanoni.com.br\/2019\/?p=45702"},"modified":"2021-04-03T21:54:15","modified_gmt":"2021-04-03T21:54:15","slug":"mulher-capota-veiculo-na-vicinal-que-liga-dracena-a-jacipora","status":"publish","type":"post","link":"https:\/\/jorgezanoni.com.br\/2019\/mulher-capota-veiculo-na-vicinal-que-liga-dracena-a-jacipora\/","title":{"rendered":"Mulher capota ve\u00edculo na vicinal que liga Dracena a Jacipor\u00e3"},"content":{"rendered":"<p style=\"text-align: justify;\"><strong>Informa\u00e7\u00f5es de populares s\u00e3o de que a condutora sofreu apenas escoria\u00e7\u00f5es.<\/strong><\/p>\n<p style=\"text-align: justify;\">H\u00e1 poucos instantes, foi registrado um acidente de tr\u00e2nsito na vicinal Marcelo Lozenzetti pr\u00f3ximo ao bairro Sete Casas.<\/p>\n<p style=\"text-align: justify;\">Segundo informa\u00e7\u00f5es obtidas pela reportagem do Site JZ, um ve\u00edculo Corsa prata, placas de Dracena, dirigido por uma mulher capotou. A condutora que estava sozinha sofreu aparentemente, ferimentos de natureza leve.<\/p>\n<p style=\"text-align: justify;\">A Pol\u00edcia Militar de Dracena, Pol\u00edcia T\u00e9cnica e Corpo de Bombeiros compareceram no local.<\/p>\n<p><img loading=\"lazy\" decoding=\"async\" class=\"alignnone size-full wp-image-45704\" src=\"https:\/\/jorgezanoni.com.br\/2019\/wp-content\/uploads\/2021\/04\/jaci1-2.jpg\" alt=\"\" width=\"1063\" height=\"877\" srcset=\"https:\/\/jorgezanoni.com.br\/2019\/wp-content\/uploads\/2021\/04\/jaci1-2.jpg 1063w, https:\/\/jorgezanoni.com.br\/2019\/wp-content\/uploads\/2021\/04\/jaci1-2-300x248.jpg 300w, https:\/\/jorgezanoni.com.br\/2019\/wp-content\/uploads\/2021\/04\/jaci1-2-1024x845.jpg 1024w, https:\/\/jorgezanoni.com.br\/2019\/wp-content\/uploads\/2021\/04\/jaci1-2-768x634.jpg 768w, https:\/\/jorgezanoni.com.br\/2019\/wp-content\/uploads\/2021\/04\/jaci1-2-696x574.jpg 696w, https:\/\/jorgezanoni.com.br\/2019\/wp-content\/uploads\/2021\/04\/jaci1-2-509x420.jpg 509w\" sizes=\"auto, (max-width: 1063px) 100vw, 1063px\" \/><\/p>\n<p style=\"text-align: justify;\">Jorge Zanoni<\/p>\n<p>&nbsp;<\/p>\n<p style=\"text-align: justify;\">\n","protected":false},"excerpt":{"rendered":"<p>Informa\u00e7\u00f5es de populares s\u00e3o de que a condutora sofreu apenas escoria\u00e7\u00f5es. H\u00e1 poucos instantes, foi registrado um acidente de tr\u00e2nsito na vicinal Marcelo Lozenzetti pr\u00f3ximo ao bairro Sete Casas. Segundo informa\u00e7\u00f5es obtidas pela reportagem do Site JZ, um ve\u00edculo Corsa prata, placas de Dracena, dirigido por uma mulher capotou. A condutora que estava sozinha sofreu [&hellip;]<\/p>\n","protected":false},"author":1,"featured_media":45703,"comment_status":"closed","ping_status":"open","sticky":false,"template":"","format":"standard","meta":{"footnotes":""},"categories":[170,110],"tags":[],"class_list":["post-45702","post","type-post","status-publish","format-standard","has-post-thumbnail","hentry","category-acidentes","category-noticiasdestaque"],"_links":{"self":[{"href":"https:\/\/jorgezanoni.com.br\/2019\/wp-json\/wp\/v2\/posts\/45702","targetHints":{"allow":["GET"]}}],"collection":[{"href":"https:\/\/jorgezanoni.com.br\/2019\/wp-json\/wp\/v2\/posts"}],"about":[{"href":"https:\/\/jorgezanoni.com.br\/2019\/wp-json\/wp\/v2\/types\/post"}],"author":[{"embeddable":true,"href":"https:\/\/jorgezanoni.com.br\/2019\/wp-json\/wp\/v2\/users\/1"}],"replies":[{"embeddable":true,"href":"https:\/\/jorgezanoni.com.br\/2019\/wp-json\/wp\/v2\/comments?post=45702"}],"version-history":[{"count":0,"href":"https:\/\/jorgezanoni.com.br\/2019\/wp-json\/wp\/v2\/posts\/45702\/revisions"}],"wp:featuredmedia":[{"embeddable":true,"href":"https:\/\/jorgezanoni.com.br\/2019\/wp-json\/wp\/v2\/media\/45703"}],"wp:attachment":[{"href":"https:\/\/jorgezanoni.com.br\/2019\/wp-json\/wp\/v2\/media?parent=45702"}],"wp:term":[{"taxonomy":"category","embeddable":true,"href":"https:\/\/jorgezanoni.com.br\/2019\/wp-json\/wp\/v2\/categories?post=45702"},{"taxonomy":"post_tag","embeddable":true,"href":"https:\/\/jorgezanoni.com.br\/2019\/wp-json\/wp\/v2\/tags?post=45702"}],"curies":[{"name":"wp","href":"https:\/\/api.w.org\/{rel}","templated":true}]}}