{"id":45699,"date":"2021-04-03T21:18:03","date_gmt":"2021-04-03T21:18:03","guid":{"rendered":"https:\/\/jorgezanoni.com.br\/2019\/?p=45699"},"modified":"2021-04-03T21:18:03","modified_gmt":"2021-04-03T21:18:03","slug":"dracena-chega-aos-72-anos-de-emancipacao-politico-administrativa","status":"publish","type":"post","link":"https:\/\/jorgezanoni.com.br\/2019\/dracena-chega-aos-72-anos-de-emancipacao-politico-administrativa\/","title":{"rendered":"Dracena chega aos 72 anos de emancipa\u00e7\u00e3o pol\u00edtico-administrativa"},"content":{"rendered":"<p style=\"text-align: justify;\">Amanh\u00e3, 4, o munic\u00edpio de Dracena completa 72 anos de emancipa\u00e7\u00e3o pol\u00edtico-administrativa. A data marca o ano de 1949 quando o primeiro prefeito da cidade \u00cdrio Spinardi e os 13 vereadores liderados por Messias Ferreira da Palma (presidente da C\u00e2mara), assumiram seus cargos frente aos poderes Executivo e Legislativo.<\/p>\n<p style=\"text-align: justify;\">O prefeito Andr\u00e9 Lemos reunir\u00e1 autoridades municipais, civis e militares, neste domingo, \u00e0s 10h, na Pra\u00e7a Arthur Pagnozzi, para lembrar a data com o hasteamento de bandeiras.<\/p>\n<p style=\"text-align: justify;\">Fonte: Diretoria de Comunica\u00e7\u00e3o<\/p>\n<p>Foto Arquivo<\/p>\n","protected":false},"excerpt":{"rendered":"<p>Amanh\u00e3, 4, o munic\u00edpio de Dracena completa 72 anos de emancipa\u00e7\u00e3o pol\u00edtico-administrativa. A data marca o ano de 1949 quando o primeiro prefeito da cidade \u00cdrio Spinardi e os 13 vereadores liderados por Messias Ferreira da Palma (presidente da C\u00e2mara), assumiram seus cargos frente aos poderes Executivo e Legislativo. O prefeito Andr\u00e9 Lemos reunir\u00e1 autoridades [&hellip;]<\/p>\n","protected":false},"author":1,"featured_media":45700,"comment_status":"closed","ping_status":"open","sticky":false,"template":"","format":"standard","meta":{"footnotes":""},"categories":[179,184,110],"tags":[],"class_list":["post-45699","post","type-post","status-publish","format-standard","has-post-thumbnail","hentry","category-cidadeseregiao","category-dracena","category-noticiasdestaque"],"_links":{"self":[{"href":"https:\/\/jorgezanoni.com.br\/2019\/wp-json\/wp\/v2\/posts\/45699","targetHints":{"allow":["GET"]}}],"collection":[{"href":"https:\/\/jorgezanoni.com.br\/2019\/wp-json\/wp\/v2\/posts"}],"about":[{"href":"https:\/\/jorgezanoni.com.br\/2019\/wp-json\/wp\/v2\/types\/post"}],"author":[{"embeddable":true,"href":"https:\/\/jorgezanoni.com.br\/2019\/wp-json\/wp\/v2\/users\/1"}],"replies":[{"embeddable":true,"href":"https:\/\/jorgezanoni.com.br\/2019\/wp-json\/wp\/v2\/comments?post=45699"}],"version-history":[{"count":0,"href":"https:\/\/jorgezanoni.com.br\/2019\/wp-json\/wp\/v2\/posts\/45699\/revisions"}],"wp:featuredmedia":[{"embeddable":true,"href":"https:\/\/jorgezanoni.com.br\/2019\/wp-json\/wp\/v2\/media\/45700"}],"wp:attachment":[{"href":"https:\/\/jorgezanoni.com.br\/2019\/wp-json\/wp\/v2\/media?parent=45699"}],"wp:term":[{"taxonomy":"category","embeddable":true,"href":"https:\/\/jorgezanoni.com.br\/2019\/wp-json\/wp\/v2\/categories?post=45699"},{"taxonomy":"post_tag","embeddable":true,"href":"https:\/\/jorgezanoni.com.br\/2019\/wp-json\/wp\/v2\/tags?post=45699"}],"curies":[{"name":"wp","href":"https:\/\/api.w.org\/{rel}","templated":true}]}}