{"id":45696,"date":"2021-04-03T20:31:39","date_gmt":"2021-04-03T20:31:39","guid":{"rendered":"https:\/\/jorgezanoni.com.br\/2019\/?p=45696"},"modified":"2021-04-03T20:31:39","modified_gmt":"2021-04-03T20:31:39","slug":"agnaldo-timoteo-morre-no-rio-de-covid-aos-84-anos","status":"publish","type":"post","link":"https:\/\/jorgezanoni.com.br\/2019\/agnaldo-timoteo-morre-no-rio-de-covid-aos-84-anos\/","title":{"rendered":"Agnaldo Tim\u00f3teo morre no Rio de Covid aos 84 anos"},"content":{"rendered":"<h2 class=\"content-head__subtitle\" style=\"text-align: justify;\"><strong>Cantor, uma das vozes mais conhecidas da m\u00fasica rom\u00e2ntica brasileira estava internado desde o dia 17 de mar\u00e7o. M\u00e9dicos acreditam que o artista de 84 anos contraiu o coronav\u00edrus no intervalo entre a primeira e a segunda dose da vacina.<\/strong><\/h2>\n<div class=\"mc-column content-text active-extra-styles \" data-block-type=\"unstyled\" data-block-weight=\"30\" data-block-id=\"2\">\n<p class=\"content-text__container \" style=\"text-align: justify;\" data-track-category=\"Link no Texto\" data-track-links=\"\">O cantor\u00a0<a href=\"https:\/\/g1.globo.com\/tudo-sobre\/agnaldo-timoteo\/\">Agnaldo Tim\u00f3teo<\/a>, uma das vozes mais conhecidas da m\u00fasica rom\u00e2ntica brasileira, morreu de Covid, ap\u00f3s 21 dias de interna\u00e7\u00e3o, neste s\u00e1bado (3) no Rio. Ele tinha 84 anos.<\/p>\n<\/div>\n<div class=\"wall protected-content\">\n<div class=\"mc-column content-text active-extra-styles\" style=\"text-align: justify;\" data-block-type=\"raw\" data-block-weight=\"31\" data-block-id=\"3\">\n<ul class=\"content-unordered-list\">\n<li><strong>FOTOS<\/strong>:<a href=\"https:\/\/g1.globo.com\/pop-arte\/noticia\/2021\/04\/03\/agnaldo-timoteo-fotos.ghtml\">\u00a0a trajet\u00f3ria de Agnaldo Tim\u00f3teo<\/a><\/li>\n<li><strong>V\u00cdDEOS<\/strong>:\u00a0<a href=\"https:\/\/g1.globo.com\/pop-arte\/playlist\/videos-relembre-a-carreira-de-agnaldo-timoteo.ghtml\">a carreira do cantor<\/a><\/li>\n<li><strong>REPERCUSS\u00c3O<\/strong>:\u00a0<a href=\"https:\/\/g1.globo.com\/pop-arte\/noticia\/2021\/04\/03\/agnaldo-timoteo-artistas-lamentam-a-morte-do-cantor.ghtml\">artistas lamentam<\/a><\/li>\n<li><strong>\u00daLTIMO \u00c1LBUM<\/strong><a href=\"https:\/\/g1.globo.com\/pop-arte\/musica\/blog\/mauro-ferreira\/post\/2021\/03\/29\/agnaldo-timoteo-comecou-a-gravar-album-em-tributo-a-angela-maria-duas-semanas-antes-de-ser-internado-com-covid-19.ghtml\">:\u00a0<\/a><a href=\"https:\/\/g1.globo.com\/pop-arte\/musica\/blog\/mauro-ferreira\/post\/2021\/03\/29\/agnaldo-timoteo-comecou-a-gravar-album-em-tributo-a-angela-maria-duas-semanas-antes-de-ser-internado-com-covid-19.ghtml\">cantor come\u00e7ou a gravar semanas antes de ser internado<\/a><\/li>\n<li><strong>FILME<\/strong><a href=\"https:\/\/g1.globo.com\/pop-arte\/musica\/blog\/mauro-ferreira\/post\/2021\/03\/29\/agnaldo-timoteo-comecou-a-gravar-album-em-tributo-a-angela-maria-duas-semanas-antes-de-ser-internado-com-covid-19.ghtml\">:<\/a><a href=\"http:\/\/g1.globo.com\/musica\/blog\/mauro-ferreira\/post\/filme-expoe-galeria-de-desamores-fracassos-e-contradicoes-de-timoteo.html\">\u00a0document\u00e1rio de 2017 retratou Tim\u00f3teo<\/a><\/li>\n<\/ul>\n<\/div>\n<div class=\"mc-column content-text active-extra-styles \" style=\"text-align: justify;\" data-block-type=\"unstyled\" data-block-weight=\"32\" data-block-id=\"4\">\n<p class=\"content-text__container \" data-track-category=\"Link no Texto\" data-track-links=\"\">O cantor iniciou a carreira na d\u00e9cada de 1960 e se consolidou com can\u00e7\u00f5es rom\u00e2nticas. Na pol\u00edtica, teve mandatos como deputado federal e vereador em S\u00e3o Paulo e no Rio de Janeiro.<\/p>\n<\/div>\n<div class=\"row medium-uncollapsed content-media content-photo\" style=\"text-align: justify;\" data-block-type=\"backstage-photo\" data-block-id=\"5\">\n<div class=\"mc-column content-media__container\">\n<div class=\"content-media-container glb-skeleton-box\">\n<figure class=\"content-media-figure\"><img decoding=\"async\" class=\"i-amphtml-fill-content i-amphtml-replaced-content\" src=\"https:\/\/s2.glbimg.com\/-xgFbPaD504-RCGqaPHPjvz_YaQ=\/0x0:2953x1969\/984x0\/smart\/filters:strip_icc()\/i.s3.glbimg.com\/v1\/AUTH_59edd422c0c84a879bd37670ae4f538a\/internal_photos\/bs\/2017\/q\/S\/i4IcBlR2yG7NzEhZlztg\/10.2017-musica-agnaldo-timoteo-canta-obrigado-cauby.jpg\" sizes=\"(max-width: 1366px) 648px, 100vw\" srcset=\"https:\/\/s2.glbimg.com\/RePEIB-cYdz2r_O5VOXFEHfRoKs=\/0x0:2953x1969\/1000x0\/smart\/filters:strip_icc()\/i.s3.glbimg.com\/v1\/AUTH_59edd422c0c84a879bd37670ae4f538a\/internal_photos\/bs\/2017\/q\/S\/i4IcBlR2yG7NzEhZlztg\/10.2017-musica-agnaldo-timoteo-canta-obrigado-cauby.jpg 1000w, https:\/\/s2.glbimg.com\/-xgFbPaD504-RCGqaPHPjvz_YaQ=\/0x0:2953x1969\/984x0\/smart\/filters:strip_icc()\/i.s3.glbimg.com\/v1\/AUTH_59edd422c0c84a879bd37670ae4f538a\/internal_photos\/bs\/2017\/q\/S\/i4IcBlR2yG7NzEhZlztg\/10.2017-musica-agnaldo-timoteo-canta-obrigado-cauby.jpg 984w, https:\/\/s2.glbimg.com\/avcI7XaDRZMMoIysGnbtqVvE_Wg=\/0x0:2953x1969\/640x0\/smart\/filters:strip_icc()\/i.s3.glbimg.com\/v1\/AUTH_59edd422c0c84a879bd37670ae4f538a\/internal_photos\/bs\/2017\/q\/S\/i4IcBlR2yG7NzEhZlztg\/10.2017-musica-agnaldo-timoteo-canta-obrigado-cauby.jpg 640w, https:\/\/s2.glbimg.com\/BrqFwK0W0r8qRsLIB4yOiHFtq3M=\/0x0:2953x1969\/600x0\/smart\/filters:strip_icc()\/i.s3.glbimg.com\/v1\/AUTH_59edd422c0c84a879bd37670ae4f538a\/internal_photos\/bs\/2017\/q\/S\/i4IcBlR2yG7NzEhZlztg\/10.2017-musica-agnaldo-timoteo-canta-obrigado-cauby.jpg 600w\" alt=\"Agnaldo Tim\u00f3teo \u2014 Foto: Sesc Piracicaba\/Divulga\u00e7\u00e3o\" \/><\/figure>\n<\/div>\n<p class=\"content-media__description \">Agnaldo Tim\u00f3teo \u2014 Foto: Sesc Piracicaba\/Divulga\u00e7\u00e3o<\/p>\n<\/div>\n<\/div>\n<div class=\"mc-column content-text active-extra-styles \" style=\"text-align: justify;\" data-block-type=\"unstyled\" data-block-weight=\"44\" data-block-id=\"6\">\n<p class=\"content-text__container \" data-track-category=\"Link no Texto\" data-track-links=\"\">Agnaldo estava\u00a0<a href=\"https:\/\/g1.globo.com\/rj\/rio-de-janeiro\/noticia\/2021\/03\/17\/cantor-agnaldo-timoteo-e-internado-em-uti-com-covid-19-no-rio.ghtml\">internado desde o dia 17 de mar\u00e7o<\/a>\u00a0na UTI do Hospital Casa S\u00e3o Bernardo, na Zona Oeste do Rio. M\u00e9dicos acreditam que o artista de 84 anos contraiu o coronav\u00edrus no intervalo entre a primeira e a segunda dose da vacina.<\/p>\n<\/div>\n<div class=\"content-ads content-ads--reveal\" style=\"text-align: justify;\" data-block-type=\"ads\" data-block-id=\"7\"><\/div>\n<div class=\"mc-column content-text active-extra-styles \" data-block-type=\"unstyled\" data-block-weight=\"21\" data-block-id=\"8\">\n<p class=\"content-text__container \" style=\"text-align: justify;\" data-track-category=\"Link no Texto\" data-track-links=\"\">No \u00faltimo dia 27, Agnaldo\u00a0<a href=\"https:\/\/g1.globo.com\/rj\/rio-de-janeiro\/noticia\/2021\/03\/27\/agnaldo-timoteo-internado-com-covid-19-e-intubado.ghtml\">precisou ser intubado<\/a>\u00a0para &#8220;ser tratado de forma mais segura&#8221; contra a doen\u00e7a, segundo a fam\u00edlia.<\/p>\n<p style=\"text-align: justify;\" data-track-category=\"Link no Texto\" data-track-links=\"\">Fonte: https:\/\/g1.globo.com\/rj\/rio-de-janeiro\/noticia\/2021\/04\/03\/agnaldo-timoteo-morre-no-rio.ghtml<\/p>\n<\/div>\n<\/div>\n","protected":false},"excerpt":{"rendered":"<p>Cantor, uma das vozes mais conhecidas da m\u00fasica rom\u00e2ntica brasileira estava internado desde o dia 17 de mar\u00e7o. M\u00e9dicos acreditam que o artista de 84 anos contraiu o coronav\u00edrus no intervalo entre a primeira e a segunda dose da vacina. O cantor\u00a0Agnaldo Tim\u00f3teo, uma das vozes mais conhecidas da m\u00fasica rom\u00e2ntica brasileira, morreu de Covid, [&hellip;]<\/p>\n","protected":false},"author":1,"featured_media":45697,"comment_status":"closed","ping_status":"open","sticky":false,"template":"","format":"standard","meta":{"footnotes":""},"categories":[183,178,110],"tags":[],"class_list":["post-45696","post","type-post","status-publish","format-standard","has-post-thumbnail","hentry","category-musicaeturismo","category-notadefalecimento","category-noticiasdestaque"],"_links":{"self":[{"href":"https:\/\/jorgezanoni.com.br\/2019\/wp-json\/wp\/v2\/posts\/45696","targetHints":{"allow":["GET"]}}],"collection":[{"href":"https:\/\/jorgezanoni.com.br\/2019\/wp-json\/wp\/v2\/posts"}],"about":[{"href":"https:\/\/jorgezanoni.com.br\/2019\/wp-json\/wp\/v2\/types\/post"}],"author":[{"embeddable":true,"href":"https:\/\/jorgezanoni.com.br\/2019\/wp-json\/wp\/v2\/users\/1"}],"replies":[{"embeddable":true,"href":"https:\/\/jorgezanoni.com.br\/2019\/wp-json\/wp\/v2\/comments?post=45696"}],"version-history":[{"count":0,"href":"https:\/\/jorgezanoni.com.br\/2019\/wp-json\/wp\/v2\/posts\/45696\/revisions"}],"wp:featuredmedia":[{"embeddable":true,"href":"https:\/\/jorgezanoni.com.br\/2019\/wp-json\/wp\/v2\/media\/45697"}],"wp:attachment":[{"href":"https:\/\/jorgezanoni.com.br\/2019\/wp-json\/wp\/v2\/media?parent=45696"}],"wp:term":[{"taxonomy":"category","embeddable":true,"href":"https:\/\/jorgezanoni.com.br\/2019\/wp-json\/wp\/v2\/categories?post=45696"},{"taxonomy":"post_tag","embeddable":true,"href":"https:\/\/jorgezanoni.com.br\/2019\/wp-json\/wp\/v2\/tags?post=45696"}],"curies":[{"name":"wp","href":"https:\/\/api.w.org\/{rel}","templated":true}]}}