{"id":45693,"date":"2021-04-03T17:28:41","date_gmt":"2021-04-03T17:28:41","guid":{"rendered":"https:\/\/jorgezanoni.com.br\/2019\/?p=45693"},"modified":"2021-04-03T17:28:41","modified_gmt":"2021-04-03T17:28:41","slug":"grave-acidente-deixa-mae-e-filha-feridas-em-vicinal","status":"publish","type":"post","link":"https:\/\/jorgezanoni.com.br\/2019\/grave-acidente-deixa-mae-e-filha-feridas-em-vicinal\/","title":{"rendered":"Grave acidente deixa m\u00e3e e filha feridas em vicinal"},"content":{"rendered":"<div class=\"o9v6fnle cxmmr5t8 oygrvhab hcukyx3x c1et5uql ii04i59q\">\n<div dir=\"auto\" style=\"text-align: justify;\">Na manh\u00e3 deste s\u00e1bado (03), foi registrado um capotamento de ve\u00edculo, na estrada vicinal que liga o munic\u00edpio de Osvaldo Cruz a Sagres e deixou duas pessoas feridas com gravidade.<\/div>\n<div dir=\"auto\"><\/div>\n<\/div>\n<div class=\"o9v6fnle cxmmr5t8 oygrvhab hcukyx3x c1et5uql ii04i59q\" style=\"text-align: justify;\">\n<div dir=\"auto\">\n<p>Segundo informa\u00e7\u00f5es da Pol\u00edcia Rodovi\u00e1ria e da Pol\u00edcia Militar de Sagres e Osvaldo cruz, trata-se de um ve\u00edculo Citroen Aircross, que transitava sentido Osvaldo Cruz a Sagres, quando, pr\u00f3ximo ao bairro Tr\u00eas Casas, por motivos ainda a serem esclarecidos, a condutora perdeu o controle da dire\u00e7\u00e3o, o ve\u00edculo saiu da pista e capotou ao lado da via.<\/p>\n<\/div>\n<\/div>\n<div class=\"o9v6fnle cxmmr5t8 oygrvhab hcukyx3x c1et5uql ii04i59q\" style=\"text-align: justify;\">\n<div dir=\"auto\">\n<p>No local, do lado da estrada, existem diversas \u00e1rvores de m\u00e9dio e grande porte, onde o ve\u00edculo acabou parando, ap\u00f3s capotar.<\/p>\n<p><img loading=\"lazy\" decoding=\"async\" class=\"aligncenter lazy loaded\" src=\"https:\/\/scontent.fmii3-1.fna.fbcdn.net\/v\/t1.6435-9\/168349402_136128605179906_6832005943461215611_n.jpg?_nc_cat=109&amp;ccb=1-3&amp;_nc_sid=8bfeb9&amp;_nc_ohc=iLiBkH4QmuMAX9khGi6&amp;_nc_ht=scontent.fmii3-1.fna&amp;oh=26c331084088f60e2fdf588ebfc3188d&amp;oe=608EFDE0\" alt=\"Pode ser uma imagem de ao ar livre\" width=\"650\" height=\"486\" data-src=\"https:\/\/scontent.fmii3-1.fna.fbcdn.net\/v\/t1.6435-9\/168349402_136128605179906_6832005943461215611_n.jpg?_nc_cat=109&amp;ccb=1-3&amp;_nc_sid=8bfeb9&amp;_nc_ohc=iLiBkH4QmuMAX9khGi6&amp;_nc_ht=scontent.fmii3-1.fna&amp;oh=26c331084088f60e2fdf588ebfc3188d&amp;oe=608EFDE0\" data-was-processed=\"true\" \/><\/p>\n<\/div>\n<\/div>\n<div class=\"o9v6fnle cxmmr5t8 oygrvhab hcukyx3x c1et5uql ii04i59q\" style=\"text-align: justify;\">\n<div dir=\"auto\">\n<p>A condutora do ve\u00edculo foi socorrida pela Unidade de Resgate do Corpo de Bombeiros de Osvaldo Cruz, para a Santa Casa local e a segunda v\u00edtima, uma crian\u00e7a, uma menina aparentando idade de 5 anos, foi socorrida pela viatura da concession\u00e1ria Eixo, para o mesmo hospital.<\/p>\n<\/div>\n<\/div>\n<div class=\"o9v6fnle cxmmr5t8 oygrvhab hcukyx3x c1et5uql ii04i59q\">\n<div dir=\"auto\">\n<p style=\"text-align: justify;\">Atenderam a ocorr\u00eancia no local, a Pol\u00edcia Rodovi\u00e1ria, base de Adamantina, equipe da concession\u00e1ria Eixo, Pol\u00edcia Militar de Sagres e de Osvaldo Cruz e equipes do setor de tr\u00e2nsito do munic\u00edpio de Osvaldo Cruz, onde foi feito o trabalho de sinaliza\u00e7\u00e3o da via para evitar novos acidentes.<\/p>\n<p style=\"text-align: justify;\">Fonte: CN News \/ Cristiano Nascimento<\/p>\n<\/div>\n<\/div>\n","protected":false},"excerpt":{"rendered":"<p>Na manh\u00e3 deste s\u00e1bado (03), foi registrado um capotamento de ve\u00edculo, na estrada vicinal que liga o munic\u00edpio de Osvaldo Cruz a Sagres e deixou duas pessoas feridas com gravidade. Segundo informa\u00e7\u00f5es da Pol\u00edcia Rodovi\u00e1ria e da Pol\u00edcia Militar de Sagres e Osvaldo cruz, trata-se de um ve\u00edculo Citroen Aircross, que transitava sentido Osvaldo Cruz [&hellip;]<\/p>\n","protected":false},"author":1,"featured_media":45694,"comment_status":"closed","ping_status":"open","sticky":false,"template":"","format":"standard","meta":{"footnotes":""},"categories":[170,110],"tags":[],"class_list":["post-45693","post","type-post","status-publish","format-standard","has-post-thumbnail","hentry","category-acidentes","category-noticiasdestaque"],"_links":{"self":[{"href":"https:\/\/jorgezanoni.com.br\/2019\/wp-json\/wp\/v2\/posts\/45693","targetHints":{"allow":["GET"]}}],"collection":[{"href":"https:\/\/jorgezanoni.com.br\/2019\/wp-json\/wp\/v2\/posts"}],"about":[{"href":"https:\/\/jorgezanoni.com.br\/2019\/wp-json\/wp\/v2\/types\/post"}],"author":[{"embeddable":true,"href":"https:\/\/jorgezanoni.com.br\/2019\/wp-json\/wp\/v2\/users\/1"}],"replies":[{"embeddable":true,"href":"https:\/\/jorgezanoni.com.br\/2019\/wp-json\/wp\/v2\/comments?post=45693"}],"version-history":[{"count":0,"href":"https:\/\/jorgezanoni.com.br\/2019\/wp-json\/wp\/v2\/posts\/45693\/revisions"}],"wp:featuredmedia":[{"embeddable":true,"href":"https:\/\/jorgezanoni.com.br\/2019\/wp-json\/wp\/v2\/media\/45694"}],"wp:attachment":[{"href":"https:\/\/jorgezanoni.com.br\/2019\/wp-json\/wp\/v2\/media?parent=45693"}],"wp:term":[{"taxonomy":"category","embeddable":true,"href":"https:\/\/jorgezanoni.com.br\/2019\/wp-json\/wp\/v2\/categories?post=45693"},{"taxonomy":"post_tag","embeddable":true,"href":"https:\/\/jorgezanoni.com.br\/2019\/wp-json\/wp\/v2\/tags?post=45693"}],"curies":[{"name":"wp","href":"https:\/\/api.w.org\/{rel}","templated":true}]}}