{"id":45656,"date":"2021-04-02T19:12:56","date_gmt":"2021-04-02T19:12:56","guid":{"rendered":"https:\/\/jorgezanoni.com.br\/2019\/?p=45656"},"modified":"2021-04-02T19:12:56","modified_gmt":"2021-04-02T19:12:56","slug":"mulher-e-morta-a-pauladas-e-irma-fica-ferida-em-briga-com-inquilino","status":"publish","type":"post","link":"https:\/\/jorgezanoni.com.br\/2019\/mulher-e-morta-a-pauladas-e-irma-fica-ferida-em-briga-com-inquilino\/","title":{"rendered":"Mulher \u00e9 morta a pauladas e irm\u00e3 fica ferida em briga com inquilino"},"content":{"rendered":"<p style=\"text-align: justify;\">No final da manh\u00e3 desta sexta-feira um homem em um ve\u00edculo \u00d4nix acabou capotando o carro em um estrada vicinal em Parapu\u00e3. As primeiras pessoas que chegaram no local perceberam que o homem estava com v\u00e1rias marcas de sangue pelo corpo, mas n\u00e3o apresentava ferimentos.<\/p>\n<p style=\"text-align: justify;\">Deste modo a Pol\u00edcia Militar de Parapu\u00e3 foi acionada, e o homem acabou afirmando para populares que havia matado duas mulheres em um s\u00edtio.<\/p>\n<p style=\"text-align: justify;\">Com a chegada dos policiais militares o caso come\u00e7ou a ser esclarecido. Imediatamente uma equipe da Pol\u00edcia Militar foi at\u00e9 a ch\u00e1cara onde o motorista do carro havia \u201cmatado\u201d as duas mulheres. Chegando no local foram encontradas duas irm\u00e3s com v\u00e1rios ferimentos, e rapidamente foi acionada uma ambul\u00e2ncia para prestar socorro \u00e0s v\u00edtimas.<\/p>\n<p style=\"text-align: justify;\">Dando in\u00edcio ao trabalho de esclarecimento dos fatos a Pol\u00edcia Militar conseguiu apurar que, o homem era inquilino na ch\u00e1cara e que as irm\u00e3s foram at\u00e9 o local para que ele deixasse o im\u00f3vel, no entanto houve uma discuss\u00e3o, e ele atacou as duas a pauladas. Segundo informa\u00e7\u00f5es preliminares j\u00e1 existia um boletim de ocorr\u00eancia registrado para que ele deixasse o local.<\/p>\n<p style=\"text-align: justify;\">Ap\u00f3s as v\u00edtimas n\u00e3o terem mais rea\u00e7\u00e3o ele pegou o carro de uma delas e fugiu, at\u00e9 perder o controle e capotar o ve\u00edculo.<\/p>\n<p style=\"text-align: justify;\"><a href=\"https:\/\/i0.wp.com\/ifolharegional.com.br\/wp-content\/uploads\/2021\/04\/WhatsApp-Image-2021-04-02-at-12.50.05.jpeg?ssl=1\"><img loading=\"lazy\" decoding=\"async\" class=\"aligncenter wp-image-36107 lazy loaded\" src=\"https:\/\/i0.wp.com\/ifolharegional.com.br\/wp-content\/uploads\/2021\/04\/WhatsApp-Image-2021-04-02-at-12.50.05.jpeg?resize=550%2C309&amp;ssl=1\" sizes=\"auto, (max-width: 550px) 100vw, 550px\" srcset=\"https:\/\/i0.wp.com\/ifolharegional.com.br\/wp-content\/uploads\/2021\/04\/WhatsApp-Image-2021-04-02-at-12.50.05.jpeg?resize=1024%2C576&amp;ssl=1 1024w, https:\/\/i0.wp.com\/ifolharegional.com.br\/wp-content\/uploads\/2021\/04\/WhatsApp-Image-2021-04-02-at-12.50.05.jpeg?resize=300%2C169&amp;ssl=1 300w, https:\/\/i0.wp.com\/ifolharegional.com.br\/wp-content\/uploads\/2021\/04\/WhatsApp-Image-2021-04-02-at-12.50.05.jpeg?resize=768%2C432&amp;ssl=1 768w, https:\/\/i0.wp.com\/ifolharegional.com.br\/wp-content\/uploads\/2021\/04\/WhatsApp-Image-2021-04-02-at-12.50.05.jpeg?w=1280&amp;ssl=1 1280w\" alt=\"\" width=\"550\" height=\"309\" data-attachment-id=\"36107\" data-permalink=\"https:\/\/ifolharegional.com.br\/2021\/04\/02\/mulher-e-morta-a-pauladas-e-irma-fica-ferida-em-briga-com-inquilino\/whatsapp-image-2021-04-02-at-12-50-05\/\" data-orig-file=\"https:\/\/i0.wp.com\/ifolharegional.com.br\/wp-content\/uploads\/2021\/04\/WhatsApp-Image-2021-04-02-at-12.50.05.jpeg?fit=1280%2C720&amp;ssl=1\" data-orig-size=\"1280,720\" data-comments-opened=\"0\" data-image-meta=\"{&quot;aperture&quot;:&quot;0&quot;,&quot;credit&quot;:&quot;&quot;,&quot;camera&quot;:&quot;&quot;,&quot;caption&quot;:&quot;&quot;,&quot;created_timestamp&quot;:&quot;0&quot;,&quot;copyright&quot;:&quot;&quot;,&quot;focal_length&quot;:&quot;0&quot;,&quot;iso&quot;:&quot;0&quot;,&quot;shutter_speed&quot;:&quot;0&quot;,&quot;title&quot;:&quot;&quot;,&quot;orientation&quot;:&quot;0&quot;}\" data-image-title=\"WhatsApp Image 2021-04-02 at 12.50.05\" data-image-description=\"\" data-medium-file=\"https:\/\/i0.wp.com\/ifolharegional.com.br\/wp-content\/uploads\/2021\/04\/WhatsApp-Image-2021-04-02-at-12.50.05.jpeg?fit=300%2C169&amp;ssl=1\" data-large-file=\"https:\/\/i0.wp.com\/ifolharegional.com.br\/wp-content\/uploads\/2021\/04\/WhatsApp-Image-2021-04-02-at-12.50.05.jpeg?fit=740%2C416&amp;ssl=1\" data-src=\"https:\/\/i0.wp.com\/ifolharegional.com.br\/wp-content\/uploads\/2021\/04\/WhatsApp-Image-2021-04-02-at-12.50.05.jpeg?resize=550%2C309&amp;ssl=1\" data-srcset=\"https:\/\/i0.wp.com\/ifolharegional.com.br\/wp-content\/uploads\/2021\/04\/WhatsApp-Image-2021-04-02-at-12.50.05.jpeg?resize=1024%2C576&amp;ssl=1 1024w, https:\/\/i0.wp.com\/ifolharegional.com.br\/wp-content\/uploads\/2021\/04\/WhatsApp-Image-2021-04-02-at-12.50.05.jpeg?resize=300%2C169&amp;ssl=1 300w, https:\/\/i0.wp.com\/ifolharegional.com.br\/wp-content\/uploads\/2021\/04\/WhatsApp-Image-2021-04-02-at-12.50.05.jpeg?resize=768%2C432&amp;ssl=1 768w, https:\/\/i0.wp.com\/ifolharegional.com.br\/wp-content\/uploads\/2021\/04\/WhatsApp-Image-2021-04-02-at-12.50.05.jpeg?w=1280&amp;ssl=1 1280w\" data-sizes=\"(max-width: 550px) 100vw, 550px\" data-was-processed=\"true\" \/><\/a><\/p>\n<p style=\"text-align: justify;\">Infelizmente a taxista Valeria Molina Catirce Okubi, de 46 anos n\u00e3o resistiu aos ferimentos e morreu ap\u00f3s dar entrada no Hospital de Parapu\u00e3. A outra v\u00edtima foi transferida para Santa Casa de Osvaldo Cruz e seu estado \u00e9 considerado grave.<\/p>\n<p style=\"text-align: justify;\">O autor das agress\u00f5es foi preso pela Pol\u00edcia Militar, e deve responder pelos crimes de homic\u00eddio, tentativa de homic\u00eddio e furto. A ocorr\u00eancia ainda est\u00e1 em andamento.<\/p>\n<p style=\"text-align: justify;\">Fonte: Mais Tup\u00e3 \/ Diego Pereira &#8211; Colaborou Cristiano Nascimento \/ CN News<\/p>\n","protected":false},"excerpt":{"rendered":"<p>No final da manh\u00e3 desta sexta-feira um homem em um ve\u00edculo \u00d4nix acabou capotando o carro em um estrada vicinal em Parapu\u00e3. As primeiras pessoas que chegaram no local perceberam que o homem estava com v\u00e1rias marcas de sangue pelo corpo, mas n\u00e3o apresentava ferimentos. Deste modo a Pol\u00edcia Militar de Parapu\u00e3 foi acionada, e [&hellip;]<\/p>\n","protected":false},"author":1,"featured_media":45657,"comment_status":"closed","ping_status":"open","sticky":false,"template":"","format":"standard","meta":{"footnotes":""},"categories":[110,2],"tags":[],"class_list":["post-45656","post","type-post","status-publish","format-standard","has-post-thumbnail","hentry","category-noticiasdestaque","category-policial"],"_links":{"self":[{"href":"https:\/\/jorgezanoni.com.br\/2019\/wp-json\/wp\/v2\/posts\/45656","targetHints":{"allow":["GET"]}}],"collection":[{"href":"https:\/\/jorgezanoni.com.br\/2019\/wp-json\/wp\/v2\/posts"}],"about":[{"href":"https:\/\/jorgezanoni.com.br\/2019\/wp-json\/wp\/v2\/types\/post"}],"author":[{"embeddable":true,"href":"https:\/\/jorgezanoni.com.br\/2019\/wp-json\/wp\/v2\/users\/1"}],"replies":[{"embeddable":true,"href":"https:\/\/jorgezanoni.com.br\/2019\/wp-json\/wp\/v2\/comments?post=45656"}],"version-history":[{"count":0,"href":"https:\/\/jorgezanoni.com.br\/2019\/wp-json\/wp\/v2\/posts\/45656\/revisions"}],"wp:featuredmedia":[{"embeddable":true,"href":"https:\/\/jorgezanoni.com.br\/2019\/wp-json\/wp\/v2\/media\/45657"}],"wp:attachment":[{"href":"https:\/\/jorgezanoni.com.br\/2019\/wp-json\/wp\/v2\/media?parent=45656"}],"wp:term":[{"taxonomy":"category","embeddable":true,"href":"https:\/\/jorgezanoni.com.br\/2019\/wp-json\/wp\/v2\/categories?post=45656"},{"taxonomy":"post_tag","embeddable":true,"href":"https:\/\/jorgezanoni.com.br\/2019\/wp-json\/wp\/v2\/tags?post=45656"}],"curies":[{"name":"wp","href":"https:\/\/api.w.org\/{rel}","templated":true}]}}