{"id":45652,"date":"2021-04-02T15:51:19","date_gmt":"2021-04-02T15:51:19","guid":{"rendered":"https:\/\/jorgezanoni.com.br\/2019\/?p=45652"},"modified":"2021-04-02T15:51:19","modified_gmt":"2021-04-02T15:51:19","slug":"trafego-de-veiculos-esta-bem-abaixo-dos-feriados-normais-e-volume-diario-diz-policia-rodoviaria","status":"publish","type":"post","link":"https:\/\/jorgezanoni.com.br\/2019\/trafego-de-veiculos-esta-bem-abaixo-dos-feriados-normais-e-volume-diario-diz-policia-rodoviaria\/","title":{"rendered":"Tr\u00e1fego de Ve\u00edculos est\u00e1 bem abaixo dos feriados normais e volume di\u00e1rio diz Pol\u00edcia Rodovi\u00e1ria"},"content":{"rendered":"<p style=\"text-align: justify;\">Excelente dia a todos.<\/p>\n<p style=\"text-align: justify;\">Apenas a t\u00edtulo de subs\u00eddio de informa\u00e7\u00f5es, constatado que o tr\u00e1fego de ve\u00edculos nas rodovias das nossas regi\u00f5es est\u00e1 bem abaixo dos feriados do per\u00edodo de pandemia e tamb\u00e9m abaixo do volume di\u00e1rio m\u00e9dio durante a semana.<br \/>\nVamos prosseguir &#8220;sempre alerta e vigilantes&#8221;, por\u00e9m, s\u00e3o as primeiras impress\u00f5es deste feriado.<\/p>\n<p style=\"text-align: justify;\">Aproveito a oportunidade para refor\u00e7ar que a seguran\u00e7a e preven\u00e7\u00e3o s\u00e3o as melhores medidas nesse per\u00edodo, sendo que \u00e9 melhor fazermos uma viagem se realmente necess\u00e1rio e, se for acessar a rodovia, fa\u00e7a com seu ve\u00edculo com manuten\u00e7\u00f5es em dia e respeite a legisla\u00e7\u00e3o de tr\u00e2nsito.<\/p>\n<p style=\"text-align: justify;\">At\u00e9 o momento, de relevante, foi a ocorr\u00eancia do dia anterior que foi postado aqui no grupo.<\/p>\n<p style=\"text-align: justify;\">Contem conosco<\/p>\n<p style=\"text-align: justify;\">Tenente Daniel Martins &#8211; Cmt da 2\u00aa Cia de Pol\u00edcia Rodovi\u00e1ria<\/p>\n<p><img loading=\"lazy\" decoding=\"async\" class=\"alignnone size-full wp-image-45653\" src=\"https:\/\/jorgezanoni.com.br\/2019\/wp-content\/uploads\/2021\/04\/rodo.jpg\" alt=\"\" width=\"607\" height=\"1080\" srcset=\"https:\/\/jorgezanoni.com.br\/2019\/wp-content\/uploads\/2021\/04\/rodo.jpg 607w, https:\/\/jorgezanoni.com.br\/2019\/wp-content\/uploads\/2021\/04\/rodo-169x300.jpg 169w, https:\/\/jorgezanoni.com.br\/2019\/wp-content\/uploads\/2021\/04\/rodo-576x1024.jpg 576w, https:\/\/jorgezanoni.com.br\/2019\/wp-content\/uploads\/2021\/04\/rodo-236x420.jpg 236w\" sizes=\"auto, (max-width: 607px) 100vw, 607px\" \/><\/p>\n","protected":false},"excerpt":{"rendered":"<p>Excelente dia a todos. Apenas a t\u00edtulo de subs\u00eddio de informa\u00e7\u00f5es, constatado que o tr\u00e1fego de ve\u00edculos nas rodovias das nossas regi\u00f5es est\u00e1 bem abaixo dos feriados do per\u00edodo de pandemia e tamb\u00e9m abaixo do volume di\u00e1rio m\u00e9dio durante a semana. Vamos prosseguir &#8220;sempre alerta e vigilantes&#8221;, por\u00e9m, s\u00e3o as primeiras impress\u00f5es deste feriado. Aproveito [&hellip;]<\/p>\n","protected":false},"author":1,"featured_media":45654,"comment_status":"closed","ping_status":"open","sticky":false,"template":"","format":"standard","meta":{"footnotes":""},"categories":[180,110],"tags":[],"class_list":["post-45652","post","type-post","status-publish","format-standard","has-post-thumbnail","hentry","category-estradastransitoveiculos","category-noticiasdestaque"],"_links":{"self":[{"href":"https:\/\/jorgezanoni.com.br\/2019\/wp-json\/wp\/v2\/posts\/45652","targetHints":{"allow":["GET"]}}],"collection":[{"href":"https:\/\/jorgezanoni.com.br\/2019\/wp-json\/wp\/v2\/posts"}],"about":[{"href":"https:\/\/jorgezanoni.com.br\/2019\/wp-json\/wp\/v2\/types\/post"}],"author":[{"embeddable":true,"href":"https:\/\/jorgezanoni.com.br\/2019\/wp-json\/wp\/v2\/users\/1"}],"replies":[{"embeddable":true,"href":"https:\/\/jorgezanoni.com.br\/2019\/wp-json\/wp\/v2\/comments?post=45652"}],"version-history":[{"count":0,"href":"https:\/\/jorgezanoni.com.br\/2019\/wp-json\/wp\/v2\/posts\/45652\/revisions"}],"wp:featuredmedia":[{"embeddable":true,"href":"https:\/\/jorgezanoni.com.br\/2019\/wp-json\/wp\/v2\/media\/45654"}],"wp:attachment":[{"href":"https:\/\/jorgezanoni.com.br\/2019\/wp-json\/wp\/v2\/media?parent=45652"}],"wp:term":[{"taxonomy":"category","embeddable":true,"href":"https:\/\/jorgezanoni.com.br\/2019\/wp-json\/wp\/v2\/categories?post=45652"},{"taxonomy":"post_tag","embeddable":true,"href":"https:\/\/jorgezanoni.com.br\/2019\/wp-json\/wp\/v2\/tags?post=45652"}],"curies":[{"name":"wp","href":"https:\/\/api.w.org\/{rel}","templated":true}]}}