{"id":45646,"date":"2021-04-02T14:13:40","date_gmt":"2021-04-02T14:13:40","guid":{"rendered":"https:\/\/jorgezanoni.com.br\/2019\/?p=45646"},"modified":"2021-04-02T14:13:40","modified_gmt":"2021-04-02T14:13:40","slug":"dia-mundial-da-conscientizacao-do-autismo","status":"publish","type":"post","link":"https:\/\/jorgezanoni.com.br\/2019\/dia-mundial-da-conscientizacao-do-autismo\/","title":{"rendered":"Dia Mundial da conscientiza\u00e7\u00e3o do Autismo"},"content":{"rendered":"<p style=\"text-align: justify;\">A APAE de Dracena atende aproximadamente 213 pessoas com Defici\u00eancia Intelectual, M\u00faltipla e Transtorno do Espectro Autista (TEA), nas \u00e1reas de Sa\u00fade, Educa\u00e7\u00e3o e Assist\u00eancia Social. Desse total de pessoas atendidas em nossa entidade, <strong>39<\/strong> s\u00e3o diagnosticadas com o <strong>Transtorno do Espectro Autista (TEA).<\/strong><\/p>\n<p style=\"text-align: justify;\">No dia 02 de abril \u00e9 comemorado o <strong>Dia Mundial da Conscientiza\u00e7\u00e3o do Autismo, <\/strong>cujo tema central desse ano \u00e9 <strong>\u201cCompreender para entender\u201d.<\/strong><\/p>\n<p style=\"text-align: justify;\">Nesse sentido a APAE de Dracena desenvolve um trabalho s\u00e9rio e qualificado, sabendo que \u00e9 preciso compreender, acolher e, acima de tudo, apoiar as pessoas diagnosticadas com TEA e suas fam\u00edlias.<\/p>\n<p style=\"text-align: justify;\">O Autismo, ou Transtorno do Espectro Autista (TEA), \u00e9 um transtorno do neurodesenvolvimento cujos sintomas come\u00e7am a se manifestar nos primeiros anos de vida da crian\u00e7a, antes dos tr\u00eas anos de idade.<\/p>\n<p style=\"text-align: justify;\">A falta de conhecimento sobre os sintomas do TEA faz com que muitas crian\u00e7as n\u00e3o tenham acesso a um diagn\u00f3stico e tratamento adequados. A interven\u00e7\u00e3o precoce est\u00e1 diretamente relacionada ao melhor progn\u00f3stico, podendo ajudar a reduzir sintomas e aumentar a chance da crian\u00e7a atingir melhores resultados e, consequentemente, uma vida mais independente.<\/p>\n<p style=\"text-align: justify;\">Para identificar os sinais do autismo \u00e9 preciso conhecer. Os primeiros sinais s\u00e3o geralmente percebidos pelos familiares, mas nem sempre eles t\u00eam informa\u00e7\u00f5es suficientes para procurar a ajuda necess\u00e1ria. Esses sinais <strong>s\u00e3o: atraso ou aus\u00eancia de fala; n\u00e3o reage ao que est\u00e1 a sua volta; dificuldade de interagir socialmente; n\u00e3o atende quando chamado pelo nome; dificuldade em olhar nos olhos; apresentam movimentos corporais repetitivos; dificuldade em expressar vontades verbalmente; separar e organizar objetos repetitivamente e sem fun\u00e7\u00e3o aparente; desconforto com mudan\u00e7as simples de rotina; sensibilidade a luzes fortes e barulhos.<\/strong><\/p>\n<p style=\"text-align: justify;\">Existem n\u00edveis de severidade baseados nos preju\u00edzos da comunica\u00e7\u00e3o social e padr\u00f5es de comportamento restritos, podendo ser leve, moderado ou grave.<\/p>\n<p style=\"text-align: justify;\">O pediatra \u00e9 o primeiro profissional a entrar em contato com essas crian\u00e7as, pois \u00e9 dele a responsabilidade dos cuidados prim\u00e1rios. Ele deve estar capacitado para identificar os sintomas do TEA e, a partir disso, encaminhar para Neuropediatras ou Psiquiatras Infantis, que passar\u00e3o instru\u00e7\u00f5es e direcionamentos para que o tratamento possa ser iniciado.<\/p>\n<p style=\"text-align: justify;\">Levando-se em considera\u00e7\u00e3o a import\u00e2ncia de se compreender para entender, a APAE de Dracena fez um v\u00eddeo como o relato volunt\u00e1rio e espont\u00e2neo de cinco m\u00e3es de autistas que recebem atendimento em nossa entidade. Esse v\u00eddeo est\u00e1 dispon\u00edvel na nossa p\u00e1gina do Facebook.<\/p>\n<p style=\"text-align: justify;\">A APAE conta com uma equipe interdisciplinar de sa\u00fade composta por: pedagogas, psic\u00f3logas, fonoaudi\u00f3logas, fisioterapeutas, terapeutas ocupacionais, assistentes sociais, nutricionista, coordenadora de sa\u00fade e m\u00e9dico psiquiatra para atender nossos destinat\u00e1rios\/alunos e suas fam\u00edlias.<\/p>\n<p style=\"text-align: justify;\">\u00c9 oportuno lembrar que no dia 17 de novembro de 2020 foi sancionada e promulgada a lei municipal n\u00ba 4.830 onde foi criada a Carteira de Identifica\u00e7\u00e3o da Pessoa com Defici\u00eancia. Uma conquista dos Pais e Amigos dos Autistas e familiares da pessoa com Defici\u00eancia junto com a Prefeitura Municipal de Dracena.<\/p>\n<p style=\"text-align: justify;\">A APAE de Dracena tem como Presidente o Senhor Paulo Roberto de Mendon\u00e7a Sampaio.<\/p>\n<p style=\"text-align: justify;\">Fonte: APAE Dracena<\/p>\n","protected":false},"excerpt":{"rendered":"<p>A APAE de Dracena atende aproximadamente 213 pessoas com Defici\u00eancia Intelectual, M\u00faltipla e Transtorno do Espectro Autista (TEA), nas \u00e1reas de Sa\u00fade, Educa\u00e7\u00e3o e Assist\u00eancia Social. Desse total de pessoas atendidas em nossa entidade, 39 s\u00e3o diagnosticadas com o Transtorno do Espectro Autista (TEA). No dia 02 de abril \u00e9 comemorado o Dia Mundial da [&hellip;]<\/p>\n","protected":false},"author":1,"featured_media":45647,"comment_status":"closed","ping_status":"open","sticky":false,"template":"","format":"standard","meta":{"footnotes":""},"categories":[114,110],"tags":[],"class_list":["post-45646","post","type-post","status-publish","format-standard","has-post-thumbnail","hentry","category-geralecomercio","category-noticiasdestaque"],"_links":{"self":[{"href":"https:\/\/jorgezanoni.com.br\/2019\/wp-json\/wp\/v2\/posts\/45646","targetHints":{"allow":["GET"]}}],"collection":[{"href":"https:\/\/jorgezanoni.com.br\/2019\/wp-json\/wp\/v2\/posts"}],"about":[{"href":"https:\/\/jorgezanoni.com.br\/2019\/wp-json\/wp\/v2\/types\/post"}],"author":[{"embeddable":true,"href":"https:\/\/jorgezanoni.com.br\/2019\/wp-json\/wp\/v2\/users\/1"}],"replies":[{"embeddable":true,"href":"https:\/\/jorgezanoni.com.br\/2019\/wp-json\/wp\/v2\/comments?post=45646"}],"version-history":[{"count":0,"href":"https:\/\/jorgezanoni.com.br\/2019\/wp-json\/wp\/v2\/posts\/45646\/revisions"}],"wp:featuredmedia":[{"embeddable":true,"href":"https:\/\/jorgezanoni.com.br\/2019\/wp-json\/wp\/v2\/media\/45647"}],"wp:attachment":[{"href":"https:\/\/jorgezanoni.com.br\/2019\/wp-json\/wp\/v2\/media?parent=45646"}],"wp:term":[{"taxonomy":"category","embeddable":true,"href":"https:\/\/jorgezanoni.com.br\/2019\/wp-json\/wp\/v2\/categories?post=45646"},{"taxonomy":"post_tag","embeddable":true,"href":"https:\/\/jorgezanoni.com.br\/2019\/wp-json\/wp\/v2\/tags?post=45646"}],"curies":[{"name":"wp","href":"https:\/\/api.w.org\/{rel}","templated":true}]}}