{"id":4561,"date":"2019-08-23T16:33:40","date_gmt":"2019-08-23T16:33:40","guid":{"rendered":"https:\/\/jorgezanoni.com.br\/2019\/?p=4561"},"modified":"2019-08-23T16:33:40","modified_gmt":"2019-08-23T16:33:40","slug":"prevencao-acao-da-policia-civil-contempla-alunos-do-colegio-anglo-cid-de-dracena-com-palestra-sobre-prevencao-ao-uso-de-drogas","status":"publish","type":"post","link":"https:\/\/jorgezanoni.com.br\/2019\/prevencao-acao-da-policia-civil-contempla-alunos-do-colegio-anglo-cid-de-dracena-com-palestra-sobre-prevencao-ao-uso-de-drogas\/","title":{"rendered":"Preven\u00e7\u00e3o: A\u00e7\u00e3o da Policia Civil contempla alunos do Col\u00e9gio Anglo Cid de Dracena com palestra sobre preven\u00e7\u00e3o ao uso de drogas"},"content":{"rendered":"<p><img loading=\"lazy\" decoding=\"async\" class=\"alignnone size-full wp-image-4563\" src=\"https:\/\/jorgezanoni.com.br\/2019\/wp-content\/uploads\/2019\/08\/civil1-1.jpg\" alt=\"\" width=\"1076\" height=\"720\" srcset=\"https:\/\/jorgezanoni.com.br\/2019\/wp-content\/uploads\/2019\/08\/civil1-1.jpg 1076w, https:\/\/jorgezanoni.com.br\/2019\/wp-content\/uploads\/2019\/08\/civil1-1-300x201.jpg 300w, https:\/\/jorgezanoni.com.br\/2019\/wp-content\/uploads\/2019\/08\/civil1-1-768x514.jpg 768w, https:\/\/jorgezanoni.com.br\/2019\/wp-content\/uploads\/2019\/08\/civil1-1-1024x685.jpg 1024w, https:\/\/jorgezanoni.com.br\/2019\/wp-content\/uploads\/2019\/08\/civil1-1-696x466.jpg 696w, https:\/\/jorgezanoni.com.br\/2019\/wp-content\/uploads\/2019\/08\/civil1-1-1068x715.jpg 1068w, https:\/\/jorgezanoni.com.br\/2019\/wp-content\/uploads\/2019\/08\/civil1-1-628x420.jpg 628w\" sizes=\"auto, (max-width: 1076px) 100vw, 1076px\" \/><\/p>\n<p style=\"text-align: justify;\">A Pol\u00edcia Civil, por interm\u00e9dio da Delegacia Seccional de Pol\u00edcia de Dracena, realizou hoje (23), no Col\u00e9gio Anglo Cid, de Dracena, mais a\u00e7\u00e3o prevencionista para cerca de 40 alunos do 3\u00ba ano do ensino m\u00e9dio, com o objetivo de discutir formas de preven\u00e7\u00e3o e elaborar estrat\u00e9gias para o enfrentamento ao uso nocivo de drogas.<br \/>\nA palestra foi ministrada pelo agente policial Reginaldo Rosa, atendendo \u00e0 solicita\u00e7\u00e3o da dire\u00e7\u00e3o de ensino do col\u00e9gio, que discursou sobre os problemas causados pelo uso de drogas l\u00edcitas e il\u00edcitas e suas complica\u00e7\u00f5es sociais. O tema posteriormente ser\u00e1 debatido em sala de aula, como complemento do conte\u00fado escolar.<\/p>\n<p><img loading=\"lazy\" decoding=\"async\" class=\"alignnone size-full wp-image-4564\" src=\"https:\/\/jorgezanoni.com.br\/2019\/wp-content\/uploads\/2019\/08\/civil2.jpg\" alt=\"\" width=\"1152\" height=\"674\" srcset=\"https:\/\/jorgezanoni.com.br\/2019\/wp-content\/uploads\/2019\/08\/civil2.jpg 1152w, https:\/\/jorgezanoni.com.br\/2019\/wp-content\/uploads\/2019\/08\/civil2-300x176.jpg 300w, https:\/\/jorgezanoni.com.br\/2019\/wp-content\/uploads\/2019\/08\/civil2-768x449.jpg 768w, https:\/\/jorgezanoni.com.br\/2019\/wp-content\/uploads\/2019\/08\/civil2-1024x599.jpg 1024w, https:\/\/jorgezanoni.com.br\/2019\/wp-content\/uploads\/2019\/08\/civil2-696x407.jpg 696w, https:\/\/jorgezanoni.com.br\/2019\/wp-content\/uploads\/2019\/08\/civil2-1068x625.jpg 1068w, https:\/\/jorgezanoni.com.br\/2019\/wp-content\/uploads\/2019\/08\/civil2-718x420.jpg 718w\" sizes=\"auto, (max-width: 1152px) 100vw, 1152px\" \/><\/p>\n<p style=\"text-align: justify;\">Fonte: Com. Social Pol\u00edcia Civil<\/p>\n","protected":false},"excerpt":{"rendered":"<p>A Pol\u00edcia Civil, por interm\u00e9dio da Delegacia Seccional de Pol\u00edcia de Dracena, realizou hoje (23), no Col\u00e9gio Anglo Cid, de Dracena, mais a\u00e7\u00e3o prevencionista para cerca de 40 alunos do 3\u00ba ano do ensino m\u00e9dio, com o objetivo de discutir formas de preven\u00e7\u00e3o e elaborar estrat\u00e9gias para o enfrentamento ao uso nocivo de drogas. A [&hellip;]<\/p>\n","protected":false},"author":1,"featured_media":4565,"comment_status":"closed","ping_status":"open","sticky":false,"template":"","format":"standard","meta":{"footnotes":""},"categories":[110,2],"tags":[],"class_list":["post-4561","post","type-post","status-publish","format-standard","has-post-thumbnail","hentry","category-noticiasdestaque","category-policial"],"_links":{"self":[{"href":"https:\/\/jorgezanoni.com.br\/2019\/wp-json\/wp\/v2\/posts\/4561","targetHints":{"allow":["GET"]}}],"collection":[{"href":"https:\/\/jorgezanoni.com.br\/2019\/wp-json\/wp\/v2\/posts"}],"about":[{"href":"https:\/\/jorgezanoni.com.br\/2019\/wp-json\/wp\/v2\/types\/post"}],"author":[{"embeddable":true,"href":"https:\/\/jorgezanoni.com.br\/2019\/wp-json\/wp\/v2\/users\/1"}],"replies":[{"embeddable":true,"href":"https:\/\/jorgezanoni.com.br\/2019\/wp-json\/wp\/v2\/comments?post=4561"}],"version-history":[{"count":0,"href":"https:\/\/jorgezanoni.com.br\/2019\/wp-json\/wp\/v2\/posts\/4561\/revisions"}],"wp:featuredmedia":[{"embeddable":true,"href":"https:\/\/jorgezanoni.com.br\/2019\/wp-json\/wp\/v2\/media\/4565"}],"wp:attachment":[{"href":"https:\/\/jorgezanoni.com.br\/2019\/wp-json\/wp\/v2\/media?parent=4561"}],"wp:term":[{"taxonomy":"category","embeddable":true,"href":"https:\/\/jorgezanoni.com.br\/2019\/wp-json\/wp\/v2\/categories?post=4561"},{"taxonomy":"post_tag","embeddable":true,"href":"https:\/\/jorgezanoni.com.br\/2019\/wp-json\/wp\/v2\/tags?post=4561"}],"curies":[{"name":"wp","href":"https:\/\/api.w.org\/{rel}","templated":true}]}}