{"id":45564,"date":"2021-03-31T21:33:31","date_gmt":"2021-03-31T21:33:31","guid":{"rendered":"https:\/\/jorgezanoni.com.br\/2019\/?p=45564"},"modified":"2021-03-31T22:48:52","modified_gmt":"2021-03-31T22:48:52","slug":"novo-decreto-municipal-revoga-o-lockdown-artigo-12-em-dracena","status":"publish","type":"post","link":"https:\/\/jorgezanoni.com.br\/2019\/novo-decreto-municipal-revoga-o-lockdown-artigo-12-em-dracena\/","title":{"rendered":"Novo Decreto Municipal revoga o Lockdown &#8211; Artigo 12, em Dracena"},"content":{"rendered":"<p style=\"text-align: justify;\"><strong>FASE VERMELHA: PREFEITO ANDR\u00c9 LEMOS ALTERA DECRETO.<\/strong><\/p>\n<p style=\"text-align: justify;\">Em observ\u00e2ncia a decis\u00e3o liminar proferida pelo Tribunal de Justi\u00e7a, na ter\u00e7a-feira, 30, e com a finalidade de adequar o munic\u00edpio com as regras estabelecidas pelo Estado de Plano S\u00e3o Paulo, foi expedido um novo ato normativo que modificou o Decreto n.\u00ba 7.410 de 23 de mar\u00e7o de 2021.<\/p>\n<p style=\"text-align: justify;\">Passa a valer as seguintes regras:<\/p>\n<p style=\"text-align: justify;\">*Toque de recolher seguir\u00e1 o determinado das 20h \u00e0s 5h, conforme o decreto estadual, de segunda a segunda.<\/p>\n<p style=\"text-align: justify;\">*N\u00e3o haver\u00e1 mais o lockdown, aos s\u00e1bados e domingos.<\/p>\n<p style=\"text-align: justify;\">*Postos de gasolina poder\u00e3o funcionar at\u00e9 as 20h, de segunda a segunda.<\/p>\n<p style=\"text-align: justify;\">*Feira livre as quartas (como j\u00e1 ocorre) e aos domingos (voltar\u00e1), sem consumo no local.<\/p>\n<p style=\"text-align: justify;\">*Academias de esportes de todas as modalidades, centros de gin\u00e1sticas e pilates, n\u00e3o poder\u00e3o mais funcionar.<\/p>\n<p style=\"text-align: justify;\">*Sal\u00f5es de beleza, espa\u00e7os de beleza e est\u00e9tica, barbearias, pod\u00f3logo n\u00e3o poder\u00e3o funcionar.<\/p>\n<p style=\"text-align: justify;\">*Missas e cultos tamb\u00e9m n\u00e3o poder\u00e3o.<\/p>\n<p>Fonte: Diretoria de Comunica\u00e7\u00e3o da Prefeitura<\/p>\n<p style=\"text-align: justify;\"><strong>DECRETO N\u00ba 7.413 &#8211; DE 31 DE MAR\u00c7O DE 2021.<\/strong><\/p>\n<p style=\"text-align: justify;\">Disp\u00f5e sobre altera\u00e7\u00f5es no Decreto n\u00ba 7.410\/2021 e d\u00e1 outras provid\u00eancias.<\/p>\n<p style=\"text-align: justify;\">ANDR\u00c9 KOZAN LEMOS, Prefeito Municipal de Dracena, Estado de S\u00e3o\u00a0Paulo, usando das atribui\u00e7\u00f5es que lhe s\u00e3o conferidas por Lei,<\/p>\n<p style=\"text-align: justify;\">CONSIDERANDO a observ\u00e2ncia a liminar concedida na A\u00e7\u00e3o Direta de\u00a0Inconstitucionalidade, processo n\u00ba 2067243-92.2021.8.26.0000;<\/p>\n<p style=\"text-align: justify;\">CONSIDERANDO a exist\u00eancia de Decreto Estadual vigente;<\/p>\n<p style=\"text-align: justify;\">D E C R E T A:<\/p>\n<p style=\"text-align: justify;\">Art 1\u00ba &#8211; Fica revogado o inciso I doArt. 3\u00ba, do Decreto Municipal n\u00ba 7.410,\u00a0de 23 de mar\u00e7o de 2021.<\/p>\n<p style=\"text-align: justify;\">Art. 2\u00ba &#8211; Fica alterado o inciso IX, e revogado os par\u00e1grafos 1\u00ba, 4\u00ba e 5\u00ba, do\u00a0artigo 8\u00ba, do Decreto n\u00ba 7.410, de 23.03.2021, passando a vigorar com a seguinte\u00a0reda\u00e7\u00e3o:<\/p>\n<p style=\"text-align: justify;\">\u201cArt 8\u00ba &#8230;&#8230;&#8230;&#8230;&#8230;&#8230;&#8230;&#8230;<\/p>\n<p style=\"text-align: justify;\">IX \u2013 cl\u00ednicas de fisioterapia, com atendimento a pacientes de\u00a0reabilita\u00e7\u00e3o p\u00f3s-covid;<\/p>\n<ul style=\"text-align: justify;\">\n<li>1\u00ba &#8211; revogado .<\/li>\n<li>4\u00ba &#8211; revogado.<\/li>\n<li>5\u00ba &#8211; revogado.<\/li>\n<\/ul>\n<p style=\"text-align: justify;\">Art. 3\u00ba &#8211; O caput do art. 9\u00ba, do Decreto n\u00ba 7.410, de 23.03.2021, passa a\u00a0vigorar com a seguinte reda\u00e7\u00e3o:<\/p>\n<p style=\"text-align: justify;\">\u201cArt. 9\u00ba &#8211; Os cl\u00ednicas de sa\u00fade em geral, laborat\u00f3rios cl\u00ednicos, cl\u00ednicas\u00a0veterin\u00e1rias, casas de ra\u00e7\u00e3o e petshops dever\u00e3o adotar o sistema de\u00a0agendamento com espa\u00e7o de marca\u00e7\u00f5es para garantir um menor fluxo de\u00a0pessoas no local, vedado o consumo de bebidas e alimentos no\u00a0estabelecimento.\u201d<\/p>\n<p style=\"text-align: justify;\">Art. 4\u00ba &#8211; Fica revogado os artigos 10 e 14 do Decreto 7.410, de 23.03.2021.<\/p>\n<p style=\"text-align: justify;\">Art. 5\u00ba &#8211; Fica ainda revogado o \u00a72\u00ba do artigo 7\u00ba e os artigos 12 e 13 do\u00a0Decreto 7.410, de 23.03.2021.<\/p>\n<p style=\"text-align: justify;\">Art. 6\u00ba &#8211; No que se refere a forma e autoriza\u00e7\u00e3o de funcionamento, os\u00a0estabelecimentos previstos nos artigos revogados dever\u00e3o observar o tempo e modo\u00a0estabelecidos na legisla\u00e7\u00e3o estadual.<\/p>\n<p style=\"text-align: justify;\">Art. 7\u00ba -Este Decreto entra em vigor na data de sua publica\u00e7\u00e3o.<\/p>\n<p style=\"text-align: justify;\">Gabinete do Prefeito Municipal<\/p>\n<p style=\"text-align: justify;\">Dracena, 31 de mar\u00e7o de 2021<\/p>\n<p style=\"text-align: justify;\">ANDR\u00c9 KOZAN LEMOS<\/p>\n<p style=\"text-align: justify;\">Prefeito Municipal<\/p>\n","protected":false},"excerpt":{"rendered":"<p>FASE VERMELHA: PREFEITO ANDR\u00c9 LEMOS ALTERA DECRETO. Em observ\u00e2ncia a decis\u00e3o liminar proferida pelo Tribunal de Justi\u00e7a, na ter\u00e7a-feira, 30, e com a finalidade de adequar o munic\u00edpio com as regras estabelecidas pelo Estado de Plano S\u00e3o Paulo, foi expedido um novo ato normativo que modificou o Decreto n.\u00ba 7.410 de 23 de mar\u00e7o de [&hellip;]<\/p>\n","protected":false},"author":1,"featured_media":45565,"comment_status":"closed","ping_status":"open","sticky":false,"template":"","format":"standard","meta":{"footnotes":""},"categories":[179,184,110],"tags":[],"class_list":["post-45564","post","type-post","status-publish","format-standard","has-post-thumbnail","hentry","category-cidadeseregiao","category-dracena","category-noticiasdestaque"],"_links":{"self":[{"href":"https:\/\/jorgezanoni.com.br\/2019\/wp-json\/wp\/v2\/posts\/45564","targetHints":{"allow":["GET"]}}],"collection":[{"href":"https:\/\/jorgezanoni.com.br\/2019\/wp-json\/wp\/v2\/posts"}],"about":[{"href":"https:\/\/jorgezanoni.com.br\/2019\/wp-json\/wp\/v2\/types\/post"}],"author":[{"embeddable":true,"href":"https:\/\/jorgezanoni.com.br\/2019\/wp-json\/wp\/v2\/users\/1"}],"replies":[{"embeddable":true,"href":"https:\/\/jorgezanoni.com.br\/2019\/wp-json\/wp\/v2\/comments?post=45564"}],"version-history":[{"count":0,"href":"https:\/\/jorgezanoni.com.br\/2019\/wp-json\/wp\/v2\/posts\/45564\/revisions"}],"wp:featuredmedia":[{"embeddable":true,"href":"https:\/\/jorgezanoni.com.br\/2019\/wp-json\/wp\/v2\/media\/45565"}],"wp:attachment":[{"href":"https:\/\/jorgezanoni.com.br\/2019\/wp-json\/wp\/v2\/media?parent=45564"}],"wp:term":[{"taxonomy":"category","embeddable":true,"href":"https:\/\/jorgezanoni.com.br\/2019\/wp-json\/wp\/v2\/categories?post=45564"},{"taxonomy":"post_tag","embeddable":true,"href":"https:\/\/jorgezanoni.com.br\/2019\/wp-json\/wp\/v2\/tags?post=45564"}],"curies":[{"name":"wp","href":"https:\/\/api.w.org\/{rel}","templated":true}]}}