{"id":45561,"date":"2021-03-31T21:06:27","date_gmt":"2021-03-31T21:06:27","guid":{"rendered":"https:\/\/jorgezanoni.com.br\/2019\/?p=45561"},"modified":"2021-03-31T22:42:41","modified_gmt":"2021-03-31T22:42:41","slug":"empresario-renato-martins-e-fundacao-mario-covas-se-unem-para-gerar-empregos-na-regiao","status":"publish","type":"post","link":"https:\/\/jorgezanoni.com.br\/2019\/empresario-renato-martins-e-fundacao-mario-covas-se-unem-para-gerar-empregos-na-regiao\/","title":{"rendered":"Empres\u00e1rio Renato Martins e Funda\u00e7\u00e3o M\u00e1rio Covas se unem para gerar empregos na regi\u00e3o"},"content":{"rendered":"<p style=\"text-align: justify;\">O Diretor de Assuntos Empresarias da \u201cFunda\u00e7\u00e3o M\u00e1rio Covas\u201d no Brasil, Hugo Cenedese, esteve nesta quarta-feira (31\/03) na cidade de Panorama e, juntamente com o prefeito da cidade, Dr. Carlos Outi e o vice Tiquinho, ambos do PSDB, al\u00e9m de Jos\u00e9 Milanez J\u00fanior, popular Ting, ex-prefeito e assessor da prefeitura, quando juntamente com o empres\u00e1rio paulistano do setor da ind\u00fastria aliment\u00edcia Renato Martins empreendimento trataram de assuntos para gera\u00e7\u00e3o de empregos na regi\u00e3o<\/p>\n<p style=\"text-align: justify;\">No encontro ficou estabelecido que Renato Martins montar\u00e1 um centro de distribui\u00e7\u00e3o e uma f\u00e1brica de lingui\u00e7as artesanais para abastecer de Panorama \u00e0 Bauru.<\/p>\n<p style=\"text-align: justify;\">A expectativa, vem na contram\u00e3o da pandemia, pois poderemos ter, ao menos, cerca de 120 empregos diretos e indiretos, contemplando os trabalhadores da regi\u00e3o.<\/p>\n<p>Fone: Amorim Sangue Novo<\/p>\n","protected":false},"excerpt":{"rendered":"<p>O Diretor de Assuntos Empresarias da \u201cFunda\u00e7\u00e3o M\u00e1rio Covas\u201d no Brasil, Hugo Cenedese, esteve nesta quarta-feira (31\/03) na cidade de Panorama e, juntamente com o prefeito da cidade, Dr. Carlos Outi e o vice Tiquinho, ambos do PSDB, al\u00e9m de Jos\u00e9 Milanez J\u00fanior, popular Ting, ex-prefeito e assessor da prefeitura, quando juntamente com o empres\u00e1rio [&hellip;]<\/p>\n","protected":false},"author":1,"featured_media":45562,"comment_status":"closed","ping_status":"open","sticky":false,"template":"","format":"standard","meta":{"footnotes":""},"categories":[179,114,110,188],"tags":[],"class_list":["post-45561","post","type-post","status-publish","format-standard","has-post-thumbnail","hentry","category-cidadeseregiao","category-geralecomercio","category-noticiasdestaque","category-panorama"],"_links":{"self":[{"href":"https:\/\/jorgezanoni.com.br\/2019\/wp-json\/wp\/v2\/posts\/45561","targetHints":{"allow":["GET"]}}],"collection":[{"href":"https:\/\/jorgezanoni.com.br\/2019\/wp-json\/wp\/v2\/posts"}],"about":[{"href":"https:\/\/jorgezanoni.com.br\/2019\/wp-json\/wp\/v2\/types\/post"}],"author":[{"embeddable":true,"href":"https:\/\/jorgezanoni.com.br\/2019\/wp-json\/wp\/v2\/users\/1"}],"replies":[{"embeddable":true,"href":"https:\/\/jorgezanoni.com.br\/2019\/wp-json\/wp\/v2\/comments?post=45561"}],"version-history":[{"count":0,"href":"https:\/\/jorgezanoni.com.br\/2019\/wp-json\/wp\/v2\/posts\/45561\/revisions"}],"wp:featuredmedia":[{"embeddable":true,"href":"https:\/\/jorgezanoni.com.br\/2019\/wp-json\/wp\/v2\/media\/45562"}],"wp:attachment":[{"href":"https:\/\/jorgezanoni.com.br\/2019\/wp-json\/wp\/v2\/media?parent=45561"}],"wp:term":[{"taxonomy":"category","embeddable":true,"href":"https:\/\/jorgezanoni.com.br\/2019\/wp-json\/wp\/v2\/categories?post=45561"},{"taxonomy":"post_tag","embeddable":true,"href":"https:\/\/jorgezanoni.com.br\/2019\/wp-json\/wp\/v2\/tags?post=45561"}],"curies":[{"name":"wp","href":"https:\/\/api.w.org\/{rel}","templated":true}]}}