{"id":45554,"date":"2021-03-31T19:50:07","date_gmt":"2021-03-31T19:50:07","guid":{"rendered":"https:\/\/jorgezanoni.com.br\/2019\/?p=45554"},"modified":"2021-03-31T19:50:07","modified_gmt":"2021-03-31T19:50:07","slug":"primeiro-trimestre-este-ano-tem-reducao-de-93-dos-casos-de-dengue-em-dracena","status":"publish","type":"post","link":"https:\/\/jorgezanoni.com.br\/2019\/primeiro-trimestre-este-ano-tem-reducao-de-93-dos-casos-de-dengue-em-dracena\/","title":{"rendered":"Primeiro trimestre este ano tem redu\u00e7\u00e3o de 93% dos casos de Dengue em Dracena"},"content":{"rendered":"<p style=\"text-align: justify;\"><strong><em>A compara\u00e7\u00e3o \u00e9 quanto ao ano passado quando a cidade viveu pandemia da doen\u00e7a<\/em><\/strong><strong>\u00a0<\/strong><\/p>\n<p style=\"text-align: justify;\">O primeiro trimestre deste ano em rela\u00e7\u00e3o ao ano que passou teve uma redu\u00e7\u00e3o de 93% de casos de dengue no munic\u00edpio de Dracena. A informa\u00e7\u00e3o \u00e9 da diretora de Vigil\u00e2ncia em Sa\u00fade Aline Andrade.<\/p>\n<p style=\"text-align: justify;\">Ela informa que nos tr\u00eas primeiros meses de 2020 foram 1.875 casos da doen\u00e7a, a cidade viveu uma epidemia de dengue, com o registro de tr\u00eas \u00f3bitos.<\/p>\n<p style=\"text-align: justify;\">Neste ano, em janeiro, fevereiro e mar\u00e7o, foram 130 casos de dengue. At\u00e9 o momento n\u00e3o houve nenhuma morte em decorr\u00eancia da doen\u00e7a.<\/p>\n<p style=\"text-align: justify;\">O ano todo que passou atingiu 3.065 confirma\u00e7\u00f5es de dengue.<\/p>\n<p style=\"text-align: justify;\">Aline chamou a aten\u00e7\u00e3o para os sintomas da doen\u00e7a que muitas vezes pode at\u00e9 ser confundida com a covid 19 ou virose. \u201cCaso a pessoa tenha sintoma gripal deve procurar o Cemac, mas se tiver apenas dor no corpo \u00e0 recomenda\u00e7\u00e3o \u00e9 ir \u00e0 unidade de sa\u00fade mais pr\u00f3xima\u201d, informou.<\/p>\n<p style=\"text-align: justify;\">Alertou a popula\u00e7\u00e3o a manter os cuidados de preven\u00e7\u00e3o para que o mosquito <em>aedes aegypti<\/em> n\u00e3o procrie. Citou que os agentes est\u00e3o percorrendo os bairros, fazendo visitas e encontrando larvas nos domic\u00edlios visitados. Nestes casos, \u00e9 aplicada multa, sendo pessoas f\u00edsicas, corresponde a 5 UFM e pessoas jur\u00eddicas, 20 UFM. O valor unit\u00e1rio da UFM \u00e9 de R$ 30,71.<\/p>\n<p style=\"text-align: justify;\">Aline afirmou que quando h\u00e1 confirma\u00e7\u00e3o da doen\u00e7a em um setor \u00e9 feita a nebuliza\u00e7\u00e3o com veneno.<\/p>\n<p><img loading=\"lazy\" decoding=\"async\" class=\"alignnone size-full wp-image-45555\" src=\"https:\/\/jorgezanoni.com.br\/2019\/wp-content\/uploads\/2021\/03\/dengue.jpg\" alt=\"\" width=\"774\" height=\"1032\" srcset=\"https:\/\/jorgezanoni.com.br\/2019\/wp-content\/uploads\/2021\/03\/dengue.jpg 774w, https:\/\/jorgezanoni.com.br\/2019\/wp-content\/uploads\/2021\/03\/dengue-225x300.jpg 225w, https:\/\/jorgezanoni.com.br\/2019\/wp-content\/uploads\/2021\/03\/dengue-768x1024.jpg 768w, https:\/\/jorgezanoni.com.br\/2019\/wp-content\/uploads\/2021\/03\/dengue-696x928.jpg 696w, https:\/\/jorgezanoni.com.br\/2019\/wp-content\/uploads\/2021\/03\/dengue-315x420.jpg 315w\" sizes=\"auto, (max-width: 774px) 100vw, 774px\" \/> <img loading=\"lazy\" decoding=\"async\" class=\"alignnone size-full wp-image-45556\" src=\"https:\/\/jorgezanoni.com.br\/2019\/wp-content\/uploads\/2021\/03\/dengue1.jpg\" alt=\"\" width=\"720\" height=\"960\" srcset=\"https:\/\/jorgezanoni.com.br\/2019\/wp-content\/uploads\/2021\/03\/dengue1.jpg 720w, https:\/\/jorgezanoni.com.br\/2019\/wp-content\/uploads\/2021\/03\/dengue1-225x300.jpg 225w, https:\/\/jorgezanoni.com.br\/2019\/wp-content\/uploads\/2021\/03\/dengue1-696x928.jpg 696w, https:\/\/jorgezanoni.com.br\/2019\/wp-content\/uploads\/2021\/03\/dengue1-315x420.jpg 315w\" sizes=\"auto, (max-width: 720px) 100vw, 720px\" \/><\/p>\n<p>Fonte: Diretoria de Comunica\u00e7\u00e3o<\/p>\n<p>Fotos: Cedida\/VE<\/p>\n","protected":false},"excerpt":{"rendered":"<p>A compara\u00e7\u00e3o \u00e9 quanto ao ano passado quando a cidade viveu pandemia da doen\u00e7a\u00a0 O primeiro trimestre deste ano em rela\u00e7\u00e3o ao ano que passou teve uma redu\u00e7\u00e3o de 93% de casos de dengue no munic\u00edpio de Dracena. A informa\u00e7\u00e3o \u00e9 da diretora de Vigil\u00e2ncia em Sa\u00fade Aline Andrade. Ela informa que nos tr\u00eas primeiros [&hellip;]<\/p>\n","protected":false},"author":1,"featured_media":45558,"comment_status":"closed","ping_status":"open","sticky":false,"template":"","format":"standard","meta":{"footnotes":""},"categories":[179,184,110],"tags":[],"class_list":["post-45554","post","type-post","status-publish","format-standard","has-post-thumbnail","hentry","category-cidadeseregiao","category-dracena","category-noticiasdestaque"],"_links":{"self":[{"href":"https:\/\/jorgezanoni.com.br\/2019\/wp-json\/wp\/v2\/posts\/45554","targetHints":{"allow":["GET"]}}],"collection":[{"href":"https:\/\/jorgezanoni.com.br\/2019\/wp-json\/wp\/v2\/posts"}],"about":[{"href":"https:\/\/jorgezanoni.com.br\/2019\/wp-json\/wp\/v2\/types\/post"}],"author":[{"embeddable":true,"href":"https:\/\/jorgezanoni.com.br\/2019\/wp-json\/wp\/v2\/users\/1"}],"replies":[{"embeddable":true,"href":"https:\/\/jorgezanoni.com.br\/2019\/wp-json\/wp\/v2\/comments?post=45554"}],"version-history":[{"count":0,"href":"https:\/\/jorgezanoni.com.br\/2019\/wp-json\/wp\/v2\/posts\/45554\/revisions"}],"wp:featuredmedia":[{"embeddable":true,"href":"https:\/\/jorgezanoni.com.br\/2019\/wp-json\/wp\/v2\/media\/45558"}],"wp:attachment":[{"href":"https:\/\/jorgezanoni.com.br\/2019\/wp-json\/wp\/v2\/media?parent=45554"}],"wp:term":[{"taxonomy":"category","embeddable":true,"href":"https:\/\/jorgezanoni.com.br\/2019\/wp-json\/wp\/v2\/categories?post=45554"},{"taxonomy":"post_tag","embeddable":true,"href":"https:\/\/jorgezanoni.com.br\/2019\/wp-json\/wp\/v2\/tags?post=45554"}],"curies":[{"name":"wp","href":"https:\/\/api.w.org\/{rel}","templated":true}]}}