{"id":45551,"date":"2021-03-31T19:36:51","date_gmt":"2021-03-31T19:36:51","guid":{"rendered":"https:\/\/jorgezanoni.com.br\/2019\/?p=45551"},"modified":"2021-03-31T19:36:51","modified_gmt":"2021-03-31T19:36:51","slug":"emdaep-retomara-o-atendimento-normal-no-dia-5-de-abril","status":"publish","type":"post","link":"https:\/\/jorgezanoni.com.br\/2019\/emdaep-retomara-o-atendimento-normal-no-dia-5-de-abril\/","title":{"rendered":"EMDAEP retomar\u00e1 o atendimento normal no dia 5 de abril"},"content":{"rendered":"<p style=\"text-align: justify;\">A Empresa de Desenvolvimento, \u00c1gua, Esgoto e Pavimenta\u00e7\u00e3o de Dracena informa que a partir de segunda-feira (5 de abril) retomar\u00e1 o atendimento ao p\u00fablico das 8 \u00e0s 16 horas em sua sede da Rua Euclides da Cunha n\u00ba 98. A empresa n\u00e3o fecha no hor\u00e1rio de almo\u00e7o.<br \/>\nCom o hor\u00e1rio normal, a Emdaep visa evitar aglomera\u00e7\u00f5es na \u00e1rea de atendimento ao p\u00fablico e no caixa para pagamentos.<br \/>\nO consumidor pode ligar no telefone 3821-8383 para mais informa\u00e7\u00f5es sobre contas em atraso ou segunda via. Se tiver que ir na Emdaep, compare\u00e7a com m\u00e1scara e use o \u00e1lcool em gel e tapete sanitizante na entrada. Mantenha dist\u00e2ncia na fila.<\/p>\n<p>PLANT\u00c3O \u2013 Nesta quarta-feira (31) a Emdaep atende at\u00e9 13 horas. Haver\u00e1 plant\u00e3o no ponto facultativo, feriado e final de semana nos telefones 3821-1146 e 3821-4110.<\/p>\n<p>Ass.\u00a0Rela\u00e7\u00f5es\u00a0P\u00fablicas\u00a0da\u00a0Emdaep<\/p>\n","protected":false},"excerpt":{"rendered":"<p>A Empresa de Desenvolvimento, \u00c1gua, Esgoto e Pavimenta\u00e7\u00e3o de Dracena informa que a partir de segunda-feira (5 de abril) retomar\u00e1 o atendimento ao p\u00fablico das 8 \u00e0s 16 horas em sua sede da Rua Euclides da Cunha n\u00ba 98. A empresa n\u00e3o fecha no hor\u00e1rio de almo\u00e7o. Com o hor\u00e1rio normal, a Emdaep visa evitar [&hellip;]<\/p>\n","protected":false},"author":1,"featured_media":45552,"comment_status":"closed","ping_status":"open","sticky":false,"template":"","format":"standard","meta":{"footnotes":""},"categories":[179,184,110],"tags":[],"class_list":["post-45551","post","type-post","status-publish","format-standard","has-post-thumbnail","hentry","category-cidadeseregiao","category-dracena","category-noticiasdestaque"],"_links":{"self":[{"href":"https:\/\/jorgezanoni.com.br\/2019\/wp-json\/wp\/v2\/posts\/45551","targetHints":{"allow":["GET"]}}],"collection":[{"href":"https:\/\/jorgezanoni.com.br\/2019\/wp-json\/wp\/v2\/posts"}],"about":[{"href":"https:\/\/jorgezanoni.com.br\/2019\/wp-json\/wp\/v2\/types\/post"}],"author":[{"embeddable":true,"href":"https:\/\/jorgezanoni.com.br\/2019\/wp-json\/wp\/v2\/users\/1"}],"replies":[{"embeddable":true,"href":"https:\/\/jorgezanoni.com.br\/2019\/wp-json\/wp\/v2\/comments?post=45551"}],"version-history":[{"count":0,"href":"https:\/\/jorgezanoni.com.br\/2019\/wp-json\/wp\/v2\/posts\/45551\/revisions"}],"wp:featuredmedia":[{"embeddable":true,"href":"https:\/\/jorgezanoni.com.br\/2019\/wp-json\/wp\/v2\/media\/45552"}],"wp:attachment":[{"href":"https:\/\/jorgezanoni.com.br\/2019\/wp-json\/wp\/v2\/media?parent=45551"}],"wp:term":[{"taxonomy":"category","embeddable":true,"href":"https:\/\/jorgezanoni.com.br\/2019\/wp-json\/wp\/v2\/categories?post=45551"},{"taxonomy":"post_tag","embeddable":true,"href":"https:\/\/jorgezanoni.com.br\/2019\/wp-json\/wp\/v2\/tags?post=45551"}],"curies":[{"name":"wp","href":"https:\/\/api.w.org\/{rel}","templated":true}]}}