{"id":45548,"date":"2021-03-31T18:56:10","date_gmt":"2021-03-31T18:56:10","guid":{"rendered":"https:\/\/jorgezanoni.com.br\/2019\/?p=45548"},"modified":"2021-03-31T18:56:10","modified_gmt":"2021-03-31T18:56:10","slug":"unifadra-oferece-grupos-de-acolhimento-e-plantao-psicologico-para-profissionais-que-atuam-no-combate-a-covid-19","status":"publish","type":"post","link":"https:\/\/jorgezanoni.com.br\/2019\/unifadra-oferece-grupos-de-acolhimento-e-plantao-psicologico-para-profissionais-que-atuam-no-combate-a-covid-19\/","title":{"rendered":"Unifadra oferece grupos de acolhimento e plant\u00e3o psicol\u00f3gico para profissionais que atuam no combate \u00e0 Covid-19"},"content":{"rendered":"<p dir=\"ltr\" style=\"text-align: justify;\">A Unifadra\/Fundec de Dracena, por meio do departamento de Psicologia, est\u00e1 oferecendo gratuitamente para profissionais que atuam no combate \u00e0 Covid-19 duas modalidades de atendimento psicol\u00f3gico. Ambos os servi\u00e7os fazem parte do projeto &#8220;Cuidando de quem cuida na pandemia de Covid-19&#8221; e as atividades ser\u00e3o desenvolvidas pelos acad\u00eamicos do 10\u00ba termo do curso, com supervis\u00e3o direta de docentes da institui\u00e7\u00e3o, na Cl\u00ednica Psicol\u00f3gica da Unifadra.<\/p>\n<p dir=\"ltr\" style=\"text-align: justify;\">A primeira modalidade de atendimento trata de grupos de acolhimento que ser\u00e3o desenvolvidos de forma on-line, em diversos hor\u00e1rios da semana. Para isso, \u00e9 necess\u00e1ria a inscri\u00e7\u00e3o do interessado via formul\u00e1rio Google. Assim que composto o grupo (de 5 a 10 participantes), os acad\u00eamicos far\u00e3o contato e iniciar\u00e3o o processo de acolhimento. As inscri\u00e7\u00f5es podem ser feitas nos links:<\/p>\n<p dir=\"ltr\" style=\"text-align: justify;\">Equipe de Apoio &#8211; \u00e0s sextas-feiras &#8211; <a href=\"https:\/\/forms.gle\/HkrMcwhdncPTHDD19\" target=\"_blank\" rel=\"noopener noreferrer\">https:\/\/forms.gle\/HkrMcwhdncPTHDD19<\/a><\/p>\n<p dir=\"ltr\" style=\"text-align: justify;\">Equipe Multidisciplinar em Sa\u00fade &#8211; \u00e0s sextas-feiras &#8211; <a href=\"https:\/\/forms.gle\/4MwNvikwikupyHWr8\" target=\"_blank\" rel=\"noopener noreferrer\">https:\/\/forms.gle\/4MwNvikwikupyHWr8<\/a><\/p>\n<p dir=\"ltr\" style=\"text-align: justify;\">Equipe Administrativa &#8211; \u00e0s sextas-feiras &#8211; <a href=\"https:\/\/forms.gle\/mwZ5VdvigzDRNfQg9\" target=\"_blank\" rel=\"noopener noreferrer\">https:\/\/forms.gle\/mwZ5VdvigzDRNfQg9<\/a><\/p>\n<p dir=\"ltr\" style=\"text-align: justify;\">CEMAC &#8211; \u00e0s ter\u00e7as-feiras &#8211; <a href=\"https:\/\/forms.gle\/q2uUPrt4dEoU6TkY7\" target=\"_blank\" rel=\"noopener noreferrer\">https:\/\/forms.gle\/q2uUPrt4dEoU6TkY7<\/a><\/p>\n<p dir=\"ltr\" style=\"text-align: justify;\">CEMAC &#8211; \u00e0s quintas-feiras &#8211; <a href=\"https:\/\/forms.gle\/BBcypGjmnWpPTG7b7\" target=\"_blank\" rel=\"noopener noreferrer\">https:\/\/forms.gle\/BBcypGjmnWpPTG7b7<\/a><\/p>\n<p dir=\"ltr\" style=\"text-align: justify;\">PAM &#8211; \u00e0s quartas-feiras &#8211; <a href=\"https:\/\/forms.gle\/DCkTguy6GGFYG6ja9\" target=\"_blank\" rel=\"noopener noreferrer\">https:\/\/forms.gle\/DCkTguy6GGFYG6ja9<br \/>\n<\/a>Santa Casa \u00e0s sextas-feiras &#8211; <a href=\"https:\/\/forms.gle\/bfz21iUxQLBtXs3AA\" target=\"_blank\" rel=\"noopener noreferrer\">https:\/\/forms.gle\/bfz21iUxQLBtXs3AA<\/a><\/p>\n<p dir=\"ltr\" style=\"text-align: justify;\">Santa Casa &#8211; \u00e0s quintas-feiras &#8211; <a href=\"https:\/\/forms.gle\/CpxMRnDyubtguGak9\" target=\"_blank\" rel=\"noopener noreferrer\">https:\/\/forms.gle\/CpxMRnDyubtguGak9<\/a><\/p>\n<p dir=\"ltr\" style=\"text-align: justify;\">A segunda modalidade trata de plant\u00f5es psicol\u00f3gicos para esses profissionais. Os plant\u00f5es ser\u00e3o oferecidos, presencialmente, \u00e0s quartas (das 17h \u00e0s 19h) e \u00e0s quintas-feiras (das 7h \u00e0s 9h, das 15h \u00e0s 17h e das 18h \u00e0s 19h), n\u00e3o sendo preciso agendamento pr\u00e9vio, basta o interessado procurar diretamente a Cl\u00ednica Psicol\u00f3gica nestes hor\u00e1rios disponibilizados.<\/p>\n<p dir=\"ltr\" style=\"text-align: justify;\">A coordenadora do curso de Psicologia Profa. Ma. Andr\u00e9a Frizo afirma que &#8220;o psic\u00f3logo deve estar atento \u00e0s demandas sociais da comunidade em que est\u00e1 inserido, propondo e desenvolvendo pr\u00e1ticas que auxiliem nos cuidados com a sa\u00fade mental da popula\u00e7\u00e3o. Sabe-se que os profissionais que atuam direta ou indiretamente no combate \u00e0 Covid-19 s\u00e3o hoje uma das partes mais afetadas emocionalmente pela pandemia, pois est\u00e3o lidando diariamente com situa\u00e7\u00f5es adversas, mortes, sofrimento de pessoas e fam\u00edlias, o que o sobrecarrega emocionalmente. Desta forma, pretendemos oferecer espa\u00e7os de escuta e acolhimento, onde esses sentimentos poder\u00e3o ser expressados e cuidados, no coletivo ou individualmente.&#8221;<\/p>\n<p dir=\"ltr\" style=\"text-align: justify;\">O diretor da Unifadra Enio Garbelini ressalta que o servi\u00e7o de apoio psicol\u00f3gico \u00e9 muito importante nesse momento t\u00e3o cr\u00edtico pelo qual estamos passando, principalmente para os profissionais da sa\u00fade que atuam no combate \u00e0 Covid-19, que s\u00e3o um dos mais emocionalmente afetados pela pandemia.<\/p>\n<p dir=\"ltr\" style=\"text-align: justify;\"><span id=\"gmail-docs-internal-guid-2b9f4dba-7fff-0e5e-d7c7-4d10f16cebae\">A Cl\u00ednica Psicol\u00f3gica da Unifadra est\u00e1 localizada na Rua Bahia, 331, Bairro Metr\u00f3pole, em Dracena (SP), com o telefone de contato (18) 3821-9019. <\/span><\/p>\n<div class=\"gmail_signature\" dir=\"ltr\">\n<div dir=\"ltr\" style=\"text-align: justify;\">Carolina Colnago<br \/>\nAssistente de Comunica\u00e7\u00e3o<br \/>\nFunda\u00e7\u00e3o Dracenense de Educa\u00e7\u00e3o e Cultura<\/div>\n<\/div>\n","protected":false},"excerpt":{"rendered":"<p>A Unifadra\/Fundec de Dracena, por meio do departamento de Psicologia, est\u00e1 oferecendo gratuitamente para profissionais que atuam no combate \u00e0 Covid-19 duas modalidades de atendimento psicol\u00f3gico. Ambos os servi\u00e7os fazem parte do projeto &#8220;Cuidando de quem cuida na pandemia de Covid-19&#8221; e as atividades ser\u00e3o desenvolvidas pelos acad\u00eamicos do 10\u00ba termo do curso, com supervis\u00e3o [&hellip;]<\/p>\n","protected":false},"author":1,"featured_media":45549,"comment_status":"closed","ping_status":"open","sticky":false,"template":"","format":"standard","meta":{"footnotes":""},"categories":[122],"tags":[],"class_list":["post-45548","post","type-post","status-publish","format-standard","has-post-thumbnail","hentry","category-saudeeducacaoeconcurso"],"_links":{"self":[{"href":"https:\/\/jorgezanoni.com.br\/2019\/wp-json\/wp\/v2\/posts\/45548","targetHints":{"allow":["GET"]}}],"collection":[{"href":"https:\/\/jorgezanoni.com.br\/2019\/wp-json\/wp\/v2\/posts"}],"about":[{"href":"https:\/\/jorgezanoni.com.br\/2019\/wp-json\/wp\/v2\/types\/post"}],"author":[{"embeddable":true,"href":"https:\/\/jorgezanoni.com.br\/2019\/wp-json\/wp\/v2\/users\/1"}],"replies":[{"embeddable":true,"href":"https:\/\/jorgezanoni.com.br\/2019\/wp-json\/wp\/v2\/comments?post=45548"}],"version-history":[{"count":0,"href":"https:\/\/jorgezanoni.com.br\/2019\/wp-json\/wp\/v2\/posts\/45548\/revisions"}],"wp:featuredmedia":[{"embeddable":true,"href":"https:\/\/jorgezanoni.com.br\/2019\/wp-json\/wp\/v2\/media\/45549"}],"wp:attachment":[{"href":"https:\/\/jorgezanoni.com.br\/2019\/wp-json\/wp\/v2\/media?parent=45548"}],"wp:term":[{"taxonomy":"category","embeddable":true,"href":"https:\/\/jorgezanoni.com.br\/2019\/wp-json\/wp\/v2\/categories?post=45548"},{"taxonomy":"post_tag","embeddable":true,"href":"https:\/\/jorgezanoni.com.br\/2019\/wp-json\/wp\/v2\/tags?post=45548"}],"curies":[{"name":"wp","href":"https:\/\/api.w.org\/{rel}","templated":true}]}}