{"id":45540,"date":"2021-03-31T18:13:36","date_gmt":"2021-03-31T18:13:36","guid":{"rendered":"https:\/\/jorgezanoni.com.br\/2019\/?p=45540"},"modified":"2021-03-31T18:13:36","modified_gmt":"2021-03-31T18:13:36","slug":"alunos-de-medicina-da-unifadra-iniciam-internato-na-santa-casa-de-dracena","status":"publish","type":"post","link":"https:\/\/jorgezanoni.com.br\/2019\/alunos-de-medicina-da-unifadra-iniciam-internato-na-santa-casa-de-dracena\/","title":{"rendered":"Alunos de Medicina da Unifadra iniciam internato na Santa Casa de Dracena"},"content":{"rendered":"<p dir=\"ltr\" style=\"text-align: justify;\">Os alunos do 5\u00ba ano de Medicina da Faculdade Unifadra\/Fundec de Dracena iniciaram suas atividades de internato na Santa Casa de Dracena no dia 22 de mar\u00e7o. No in\u00edcio do m\u00eas, os estudantes tamb\u00e9m come\u00e7aram seu internato na Santa Casa de Presidente Venceslau, utilizando assim os dois maiores hospitais da DRS-11, depois do de Presidente Prudente.<\/p>\n<p dir=\"ltr\" style=\"text-align: justify;\">Em Dracena, o internato vai oferecer est\u00e1gio pr\u00e1tico para os alunos nas \u00e1reas de Cl\u00ednica M\u00e9dica, Cl\u00ednica Cir\u00fargica, Pediatria e Sa\u00fade da Mulher (Ginecologia e Obstetr\u00edcia).<br \/>\nO internato m\u00e9dico \u00e9 um est\u00e1gio obrigat\u00f3rio supervisionado, com carga hor\u00e1ria de 720 horas semestrais, realizado nos \u00faltimos dois anos do curso de Medicina, em parceria com hospitais, cl\u00ednicas e equipamentos p\u00fablicos de sa\u00fade, como as Unidades B\u00e1sicas de Sa\u00fade.<br \/>\nNo dia 19 de mar\u00e7o, representantes da Santa Casa de Dracena e da Unifadra\/Fundec participaram de uma reuni\u00e3o on-line com os alunos para apresenta\u00e7\u00e3o da diretoria do hospital e explica\u00e7\u00e3o de como as atividades de est\u00e1gio seriam desenvolvidas.<br \/>\nO superintendente da Santa Casa de Dracena, Alessandro Mendes, deu boas-vindas aos estudantes. &#8220;Sejam muito bem-vindos para inaugurarem na Santa Casa de Dracena um novo ciclo em suas vidas. Sentimo-nos honrados de fazer parte do seu futuro. Inicia-se aqui uma nova jornada da turma e, as melhores e mais significativas jornadas s\u00e3o aquelas que nos enriquecem por dentro, porque o poder de tornar sonhos em realidade est\u00e1 no interior de cada um de voc\u00eas. Desejamos-lhes que seus sonhos estejam sempre conectados com a VIDA, espalhando afeto e colhendo sorrisos. Continuem a construir a sua hist\u00f3ria, porque ela \u00e9 \u00fanica e somente sua&#8221;, completou o superintendente.<\/p>\n<p dir=\"ltr\" style=\"text-align: justify;\">Os alunos foram recebidos pelos representantes da Santa Casa de Dracena, al\u00e9m dos demais colaboradores da institui\u00e7\u00e3o. A coordenadora de Medicina da Unifadra Profa. Dra. Marilda Morgado de Abreu e a Profa. Aline Damasceno, coordenadora de internato, estiveram presentes na recep\u00e7\u00e3o deste primeiro dia de atividades pr\u00e1ticas.<br \/>\nO diretor de comunica\u00e7\u00e3o da Fundec e secret\u00e1rio assistente Fernando Nunes, representando a dire\u00e7\u00e3o executiva nesta recep\u00e7\u00e3o, destacou que o in\u00edcio do internato \u00e9 um momento hist\u00f3rico vivido pela Unifadra. &#8220;A Santa Casa de Dracena sempre esteve conosco em todos os passos que demos em busca do curso de Medicina, desde sua implanta\u00e7\u00e3o. \u00c9 um momento muito importante para os nossos alunos, que utilizar\u00e3o este campo de est\u00e1gio que \u00e9 de refer\u00eancia, uma vez que a Santa Casa de Dracena \u00e9 o maior hospital da regi\u00e3o depois de Presidente Prudente&#8221;, acrescentou Fernando Nunes.<\/p>\n<p dir=\"ltr\" style=\"text-align: justify;\">O Prof. Dr. Enio Garbelini destacou que a parceria entre a Santa Casa e a Unifadra proporcionar\u00e1 um importante campo de est\u00e1gio para os alunos, beneficiando tamb\u00e9m a popula\u00e7\u00e3o em geral.<span id=\"gmail-docs-internal-guid-3228c539-7fff-078b-a77f-6fae46c1b466\"><\/span><\/p>\n<div class=\"gmail_signature\" dir=\"ltr\">\n<div dir=\"ltr\" style=\"text-align: justify;\">Carolina Colnago<br \/>\nAssistente de Comunica\u00e7\u00e3o<br \/>\nFunda\u00e7\u00e3o Dracenense de Educa\u00e7\u00e3o e Cultura<\/div>\n<\/div>\n","protected":false},"excerpt":{"rendered":"<p>Os alunos do 5\u00ba ano de Medicina da Faculdade Unifadra\/Fundec de Dracena iniciaram suas atividades de internato na Santa Casa de Dracena no dia 22 de mar\u00e7o. No in\u00edcio do m\u00eas, os estudantes tamb\u00e9m come\u00e7aram seu internato na Santa Casa de Presidente Venceslau, utilizando assim os dois maiores hospitais da DRS-11, depois do de Presidente [&hellip;]<\/p>\n","protected":false},"author":1,"featured_media":45542,"comment_status":"closed","ping_status":"open","sticky":false,"template":"","format":"standard","meta":{"footnotes":""},"categories":[110,122],"tags":[],"class_list":["post-45540","post","type-post","status-publish","format-standard","has-post-thumbnail","hentry","category-noticiasdestaque","category-saudeeducacaoeconcurso"],"_links":{"self":[{"href":"https:\/\/jorgezanoni.com.br\/2019\/wp-json\/wp\/v2\/posts\/45540","targetHints":{"allow":["GET"]}}],"collection":[{"href":"https:\/\/jorgezanoni.com.br\/2019\/wp-json\/wp\/v2\/posts"}],"about":[{"href":"https:\/\/jorgezanoni.com.br\/2019\/wp-json\/wp\/v2\/types\/post"}],"author":[{"embeddable":true,"href":"https:\/\/jorgezanoni.com.br\/2019\/wp-json\/wp\/v2\/users\/1"}],"replies":[{"embeddable":true,"href":"https:\/\/jorgezanoni.com.br\/2019\/wp-json\/wp\/v2\/comments?post=45540"}],"version-history":[{"count":0,"href":"https:\/\/jorgezanoni.com.br\/2019\/wp-json\/wp\/v2\/posts\/45540\/revisions"}],"wp:featuredmedia":[{"embeddable":true,"href":"https:\/\/jorgezanoni.com.br\/2019\/wp-json\/wp\/v2\/media\/45542"}],"wp:attachment":[{"href":"https:\/\/jorgezanoni.com.br\/2019\/wp-json\/wp\/v2\/media?parent=45540"}],"wp:term":[{"taxonomy":"category","embeddable":true,"href":"https:\/\/jorgezanoni.com.br\/2019\/wp-json\/wp\/v2\/categories?post=45540"},{"taxonomy":"post_tag","embeddable":true,"href":"https:\/\/jorgezanoni.com.br\/2019\/wp-json\/wp\/v2\/tags?post=45540"}],"curies":[{"name":"wp","href":"https:\/\/api.w.org\/{rel}","templated":true}]}}