{"id":45532,"date":"2021-03-31T17:21:55","date_gmt":"2021-03-31T17:21:55","guid":{"rendered":"https:\/\/jorgezanoni.com.br\/2019\/?p=45532"},"modified":"2021-03-31T17:23:20","modified_gmt":"2021-03-31T17:23:20","slug":"de-um-lado-esta-o-dito-que-esqueceu-o-bene-do-benedito","status":"publish","type":"post","link":"https:\/\/jorgezanoni.com.br\/2019\/de-um-lado-esta-o-dito-que-esqueceu-o-bene-do-benedito\/","title":{"rendered":"De um lado est\u00e1 o DITO que esqueceu o BEN\u00ca do BENEDITO&#8230; (por S\u00e9rgio Barbosa)"},"content":{"rendered":"<p style=\"text-align: justify;\"><strong>De um lado est\u00e1 o DITO que esqueceu o BEN\u00ca do BENE<\/strong><strong>DITO&#8230;<\/strong><\/p>\n<p style=\"text-align: justify;\"><strong><em>\u201cN\u00e3o espere ocaso&#8230;proponha &#8216;O acaso&#8217;\u201d (<\/em><\/strong><a href=\"https:\/\/www.pensador.com\/autor\/carol_castro\/\"><strong><em>Carol Castro<\/em><\/strong><\/a><strong><em>)<\/em><\/strong><strong>\u00a0<\/strong><\/p>\n<p style=\"text-align: justify;\"><strong><em>S\u00e9rgio Barbosa (*)<\/em><\/strong><\/p>\n<p style=\"text-align: justify;\">Faz algum tempo que o BEN\u00ca que era aquele DITO sumiu sem mais e sem menos neste cen\u00e1rio um tanto quanto complicado para o mesmo, por\u00e9m, nada se pode esperar mais daquele outro lado que se perdeu sem querer voltar ao mesmo lugar comum de sempre&#8230;<\/p>\n<p style=\"text-align: justify;\">Por isso e mais aquilo, talvez possa existir alguma possibilidade para o DITO que deixou de ser BEN\u00ca por causa dos tais DITOS CUJOS que estavam sempre rodeando as suas coisas e deu no que deu para todos os lados&#8230;<\/p>\n<p style=\"text-align: justify;\">De que adiante ficar no mesmo lugar se nada mais existe para uma aproxima\u00e7\u00e3o entre os envolvidos nestas quest\u00f5es mediadas pelo DITO que n\u00e3o quer mais saber do tal do BEN\u00ca para isto ou aquilo&#8230;<\/p>\n<p style=\"text-align: justify;\">O mais interessante nestes desencontros silenciosos entre os dois lados, isso mesmo, tendo em vista que o DITO n\u00e3o quer mais saber do BEN\u00ca e vice-versa, todavia, como isso pode ser poss\u00edvel se s\u00e3o a mesma pessoa como BENEDITO&#8230;<\/p>\n<p style=\"text-align: justify;\">Tais desaforos acabam deixando sempre um dos mesmos sem respostas quanto a uma \u00fanica pergunta nestes ocasos de um talvez, ou seja, o que seria do BEN\u00ca se n\u00e3o fosse o DITO para uma conex\u00e3o com o BENEDITO&#8230;<\/p>\n<p style=\"text-align: justify;\">Deve ser este acento do tal CHAPEUZINHO que est\u00e1 marcando presen\u00e7a desde a separa\u00e7\u00e3o entre os dois lados, entretanto, n\u00e3o se pode esquecer que o DITO sempre esteve com o BEN\u00ca e ponto quase final&#8230;<\/p>\n<p style=\"text-align: justify;\">Mas, como tudo acaba ocorrendo de um jeito ou de outro para estes casos pendentes de separa\u00e7\u00e3o de nomes, pode-se afirmar que todas as escolhas intermediadas pelo BEN\u00ca estavam em desacordo com as esperan\u00e7as do DITO&#8230;<\/p>\n<p style=\"text-align: justify;\">Como tentar entender tudo isso com mais aquilo sem deixar de lado o BENEDITO e suas considera\u00e7\u00f5es sobre tal separa\u00e7\u00e3o entre o BEN\u00ca e o DITO, haja vista que tudo se resume no mesmo nome e assim, dizem, caminha a humanidade&#8230;<\/p>\n<p style=\"text-align: justify;\">Acredito que tais desaven\u00e7as entre ambos os lados se deve ao passado que ficou no outro tempo, por\u00e9m, como sempre acontece neste cen\u00e1rio um tanto quanto complicado para o DITO que n\u00e3o deseja mais ser BEN\u00ca, talvez o inusitado apare\u00e7a para dar um toque de ilus\u00e3o para o BENEDITO frente ao imposs\u00edvel&#8230;<\/p>\n<p style=\"text-align: justify;\">Cada um destes nomes deve saber onde est\u00e1 a resposta sem aquela pergunta de sempre para o BENEDITO, assim, a melhor op\u00e7\u00e3o para que os dois lados possam s entender est\u00e1 na busca daquilo que se perdeu para o BEN\u00ca sem o DITO saber os detalhes dos fatos&#8230;<\/p>\n<p style=\"text-align: justify;\">A tal da esperan\u00e7a continua marcando a estrada sem fim deste contexto nebuloso e tudo pode acabar de um jeito perturbador para um dos lados, mesmo assim, acredito que o DITO ainda vai se entender com o BEN\u00ca para que apenas o BENEDITO possa continuar vivendo a sua plenitude com aquele ponto e v\u00edrgula&#8230;<\/p>\n<p style=\"text-align: justify;\">S\u00d3 QUE CONHECEU O DITO PODE SABER DO BEN\u00ca SEM ESQUECER DO BENEDITO&#8230;<\/p>\n<p style=\"text-align: justify;\"><strong><em>_____________________________<\/em><\/strong><\/p>\n<p style=\"text-align: justify;\"><strong><em>(*) jornalista diplomado e professor universit\u00e1rio.<\/em><\/strong><\/p>\n<p style=\"text-align: justify;\"><strong><em>E-MAIL: barbosa.sebar@gmail.com <\/em><\/strong><\/p>\n<p>&nbsp;<\/p>\n<p>&nbsp;<\/p>\n<p>&nbsp;<\/p>\n<p>&nbsp;<\/p>\n<p>&nbsp;<\/p>\n<p>&nbsp;<\/p>\n<p>&nbsp;<\/p>\n<p>&nbsp;<\/p>\n","protected":false},"excerpt":{"rendered":"<p>De um lado est\u00e1 o DITO que esqueceu o BEN\u00ca do BENEDITO&#8230; \u201cN\u00e3o espere ocaso&#8230;proponha &#8216;O acaso&#8217;\u201d (Carol Castro)\u00a0 S\u00e9rgio Barbosa (*) Faz algum tempo que o BEN\u00ca que era aquele DITO sumiu sem mais e sem menos neste cen\u00e1rio um tanto quanto complicado para o mesmo, por\u00e9m, nada se pode esperar mais daquele outro [&hellip;]<\/p>\n","protected":false},"author":1,"featured_media":45533,"comment_status":"closed","ping_status":"open","sticky":false,"template":"","format":"standard","meta":{"footnotes":""},"categories":[175],"tags":[],"class_list":["post-45532","post","type-post","status-publish","format-standard","has-post-thumbnail","hentry","category-artigos"],"_links":{"self":[{"href":"https:\/\/jorgezanoni.com.br\/2019\/wp-json\/wp\/v2\/posts\/45532","targetHints":{"allow":["GET"]}}],"collection":[{"href":"https:\/\/jorgezanoni.com.br\/2019\/wp-json\/wp\/v2\/posts"}],"about":[{"href":"https:\/\/jorgezanoni.com.br\/2019\/wp-json\/wp\/v2\/types\/post"}],"author":[{"embeddable":true,"href":"https:\/\/jorgezanoni.com.br\/2019\/wp-json\/wp\/v2\/users\/1"}],"replies":[{"embeddable":true,"href":"https:\/\/jorgezanoni.com.br\/2019\/wp-json\/wp\/v2\/comments?post=45532"}],"version-history":[{"count":0,"href":"https:\/\/jorgezanoni.com.br\/2019\/wp-json\/wp\/v2\/posts\/45532\/revisions"}],"wp:featuredmedia":[{"embeddable":true,"href":"https:\/\/jorgezanoni.com.br\/2019\/wp-json\/wp\/v2\/media\/45533"}],"wp:attachment":[{"href":"https:\/\/jorgezanoni.com.br\/2019\/wp-json\/wp\/v2\/media?parent=45532"}],"wp:term":[{"taxonomy":"category","embeddable":true,"href":"https:\/\/jorgezanoni.com.br\/2019\/wp-json\/wp\/v2\/categories?post=45532"},{"taxonomy":"post_tag","embeddable":true,"href":"https:\/\/jorgezanoni.com.br\/2019\/wp-json\/wp\/v2\/tags?post=45532"}],"curies":[{"name":"wp","href":"https:\/\/api.w.org\/{rel}","templated":true}]}}