{"id":45524,"date":"2021-03-31T15:59:44","date_gmt":"2021-03-31T15:59:44","guid":{"rendered":"https:\/\/jorgezanoni.com.br\/2019\/?p=45524"},"modified":"2021-03-31T15:59:44","modified_gmt":"2021-03-31T15:59:44","slug":"viaturas-da-policia-civil-sao-danificadas-em-incendio-em-patio-de-delegacia-em-dracena","status":"publish","type":"post","link":"https:\/\/jorgezanoni.com.br\/2019\/viaturas-da-policia-civil-sao-danificadas-em-incendio-em-patio-de-delegacia-em-dracena\/","title":{"rendered":"Viaturas da Pol\u00edcia Civil s\u00e3o danificadas em inc\u00eandio em p\u00e1tio de delegacia em Dracena"},"content":{"rendered":"<h2 class=\"content-head__subtitle\" style=\"text-align: justify;\"><strong>Ve\u00edculos estavam estacionados e foram atingidos pelo fogo na madrugada desta quarta-feira (31). Caso ser\u00e1 apurado pela corpora\u00e7\u00e3o.<\/strong><\/h2>\n<div class=\"mc-column content-text active-extra-styles \" data-block-type=\"unstyled\" data-block-weight=\"32\" data-block-id=\"2\">\n<p class=\"content-text__container \" style=\"text-align: justify;\" data-track-category=\"Link no Texto\" data-track-links=\"\">Tr\u00eas viaturas da Pol\u00edcia Civil, sendo uma caracterizada e duas descaracterizadas, foram danificadas por um inc\u00eandio, na madrugada desta quarta-feira (31). Os ve\u00edculos estavam estacionados no P\u00e1tio da Delegacia de\u00a0<a href=\"http:\/\/g1.globo.com\/sp\/presidente-prudente-regiao\/cidade\/dracena.html\">Dracena (SP)<\/a>.<\/p>\n<\/div>\n<div class=\"wall protected-content\">\n<div class=\"mc-column content-text active-extra-styles \" style=\"text-align: justify;\" data-block-type=\"unstyled\" data-block-weight=\"37\" data-block-id=\"3\">\n<p class=\"content-text__container \" data-track-category=\"Link no Texto\" data-track-links=\"\">Por volta das 2h ocorreu um inc\u00eandio em uma viatura caracterizada, de S\u00e3o Jo\u00e3o do Pau d&#8217;Alho, que estava estacionada no p\u00e1tio do Plant\u00e3o Policial. Aparentemente, segundo o Corpo de Bombeiros, o fogo teria come\u00e7ado no motor.<\/p>\n<\/div>\n<div class=\"mc-column content-text active-extra-styles \" style=\"text-align: justify;\" data-block-type=\"unstyled\" data-block-weight=\"36\" data-block-id=\"4\">\n<p class=\"content-text__container \" data-track-category=\"Link no Texto\" data-track-links=\"\">O calor das chamas tamb\u00e9m atingiu a lateral dianteira esquerda e a frente de uma viatura descaracterizada, da Delegacia de Defesa da Mulher de Dracena, e a traseira de outra viatura descaracterizada da Delegacia de Dracena.<\/p>\n<\/div>\n<div class=\"row medium-uncollapsed content-media content-photo\" style=\"text-align: justify;\" data-block-type=\"backstage-photo\" data-block-id=\"5\">\n<div class=\"mc-column content-media__container\">\n<div class=\"content-media-container glb-skeleton-box\">\n<figure class=\"content-media-figure\"><img decoding=\"async\" class=\"i-amphtml-fill-content i-amphtml-replaced-content\" src=\"https:\/\/s2.glbimg.com\/qLYlZyp5H8kCBccl1tCU12UfvgU=\/0x0:1032x774\/984x0\/smart\/filters:strip_icc()\/i.s3.glbimg.com\/v1\/AUTH_59edd422c0c84a879bd37670ae4f538a\/internal_photos\/bs\/2021\/R\/X\/JYlzSnR4emjpZf5SHPRQ\/whatsapp-image-2021-03-31-at-09.11.04-2-.jpeg\" sizes=\"(max-width: 1366px) 648px, 100vw\" srcset=\"https:\/\/s2.glbimg.com\/ZF0tZE-t51LkahQ47agDSCk98jI=\/0x0:1032x774\/1000x0\/smart\/filters:strip_icc()\/i.s3.glbimg.com\/v1\/AUTH_59edd422c0c84a879bd37670ae4f538a\/internal_photos\/bs\/2021\/R\/X\/JYlzSnR4emjpZf5SHPRQ\/whatsapp-image-2021-03-31-at-09.11.04-2-.jpeg 1000w, https:\/\/s2.glbimg.com\/qLYlZyp5H8kCBccl1tCU12UfvgU=\/0x0:1032x774\/984x0\/smart\/filters:strip_icc()\/i.s3.glbimg.com\/v1\/AUTH_59edd422c0c84a879bd37670ae4f538a\/internal_photos\/bs\/2021\/R\/X\/JYlzSnR4emjpZf5SHPRQ\/whatsapp-image-2021-03-31-at-09.11.04-2-.jpeg 984w, https:\/\/s2.glbimg.com\/CbDuvAugnRqLwWJqI89hWPDHWHI=\/0x0:1032x774\/640x0\/smart\/filters:strip_icc()\/i.s3.glbimg.com\/v1\/AUTH_59edd422c0c84a879bd37670ae4f538a\/internal_photos\/bs\/2021\/R\/X\/JYlzSnR4emjpZf5SHPRQ\/whatsapp-image-2021-03-31-at-09.11.04-2-.jpeg 640w, https:\/\/s2.glbimg.com\/0mGpP_QmZC4ts2QA80cHqqQkh-w=\/0x0:1032x774\/600x0\/smart\/filters:strip_icc()\/i.s3.glbimg.com\/v1\/AUTH_59edd422c0c84a879bd37670ae4f538a\/internal_photos\/bs\/2021\/R\/X\/JYlzSnR4emjpZf5SHPRQ\/whatsapp-image-2021-03-31-at-09.11.04-2-.jpeg 600w\" alt=\"Viaturas da Pol\u00edcia Civil s\u00e3o danificadas por inc\u00eandio em Dracena \u2014 Foto: Mariane Santos\/TV Fronteira\" \/><\/figure>\n<\/div>\n<p class=\"content-media__description \">Viaturas da Pol\u00edcia Civil s\u00e3o danificadas por inc\u00eandio em Dracena \u2014 Foto: Mariane Santos\/TV Fronteira<\/p>\n<\/div>\n<\/div>\n<div class=\"mc-column content-text active-extra-styles \" style=\"text-align: justify;\" data-block-type=\"unstyled\" data-block-weight=\"20\" data-block-id=\"7\">\n<p class=\"content-text__container \" data-track-category=\"Link no Texto\" data-track-links=\"\">Uma quarta viatura estava estacionada pr\u00f3ximo, mas foi retirada antes de ser atingida. Segundo o registro, n\u00e3o houve danos aparentes.<\/p>\n<\/div>\n<div class=\"mc-column content-text active-extra-styles \" style=\"text-align: justify;\" data-block-type=\"unstyled\" data-block-weight=\"15\" data-block-id=\"8\">\n<p class=\"content-text__container \" data-track-category=\"Link no Texto\" data-track-links=\"\">Consta que o p\u00e1tio estava com o port\u00e3o fechado quando o Corpo de Bombeiros chegou.<\/p>\n<\/div>\n<div class=\"mc-column content-text active-extra-styles \" style=\"text-align: justify;\" data-block-type=\"unstyled\" data-block-weight=\"30\" data-block-id=\"9\">\n<p class=\"content-text__container \" data-track-category=\"Link no Texto\" data-track-links=\"\">Os policiais civis plantonistas souberam do inc\u00eandio quando os bombeiros chegarem, pois foram acionados \u201cinformalmente\u201d, por um \u201cguardinha\u201d que teria passado em frente ao p\u00e1tio e avistado o fogo.<\/p>\n<\/div>\n<div class=\"mc-column content-text active-extra-styles \" style=\"text-align: justify;\" data-block-type=\"unstyled\" data-block-weight=\"11\" data-block-id=\"10\">\n<p class=\"content-text__container \" data-track-category=\"Link no Texto\" data-track-links=\"\">Outras viaturas estavam no local, mas n\u00e3o foram atingidas pelo fogo.<\/p>\n<\/div>\n<div class=\"mc-column content-text active-extra-styles \" style=\"text-align: justify;\" data-block-type=\"unstyled\" data-block-weight=\"17\" data-block-id=\"11\">\n<p class=\"content-text__container \" data-track-category=\"Link no Texto\" data-track-links=\"\">Foi apurado pela pol\u00edcia que a viatura foi estacionada ali por volta das 21h30 de segunda-feira (29).<\/p>\n<\/div>\n<div class=\"mc-column content-text active-extra-styles \" style=\"text-align: justify;\" data-block-type=\"unstyled\" data-block-weight=\"19\" data-block-id=\"12\">\n<p class=\"content-text__container \" data-track-category=\"Link no Texto\" data-track-links=\"\">At\u00e9 o momento, n\u00e3o foram encontrados ind\u00edcios de que o inc\u00eandio tenha sido criminoso, mas o caso ser\u00e1 apurado.<\/p>\n<\/div>\n<div class=\"row medium-uncollapsed content-media content-photo\" style=\"text-align: justify;\" data-block-type=\"backstage-photo\" data-block-id=\"13\">\n<div class=\"mc-column content-media__container\">\n<div class=\"content-media-container glb-skeleton-box\">\n<figure class=\"content-media-figure\"><img decoding=\"async\" class=\"i-amphtml-fill-content i-amphtml-replaced-content\" src=\"https:\/\/s2.glbimg.com\/NfjrhJIY7vHW9gyLh1R3KFYepSI=\/0x0:1280x960\/984x0\/smart\/filters:strip_icc()\/i.s3.glbimg.com\/v1\/AUTH_59edd422c0c84a879bd37670ae4f538a\/internal_photos\/bs\/2021\/7\/p\/9v0gSxQbWZAmb45wZkXA\/whatsapp-image-2021-03-31-at-09.11.02-1-.jpeg\" sizes=\"(max-width: 1366px) 648px, 100vw\" srcset=\"https:\/\/s2.glbimg.com\/fbdmrMBnJWGQO9myTUKMfvYZXaU=\/0x0:1280x960\/1000x0\/smart\/filters:strip_icc()\/i.s3.glbimg.com\/v1\/AUTH_59edd422c0c84a879bd37670ae4f538a\/internal_photos\/bs\/2021\/7\/p\/9v0gSxQbWZAmb45wZkXA\/whatsapp-image-2021-03-31-at-09.11.02-1-.jpeg 1000w, https:\/\/s2.glbimg.com\/NfjrhJIY7vHW9gyLh1R3KFYepSI=\/0x0:1280x960\/984x0\/smart\/filters:strip_icc()\/i.s3.glbimg.com\/v1\/AUTH_59edd422c0c84a879bd37670ae4f538a\/internal_photos\/bs\/2021\/7\/p\/9v0gSxQbWZAmb45wZkXA\/whatsapp-image-2021-03-31-at-09.11.02-1-.jpeg 984w, https:\/\/s2.glbimg.com\/pFDe-yJWrOTFRN3FMznTISCEN3M=\/0x0:1280x960\/640x0\/smart\/filters:strip_icc()\/i.s3.glbimg.com\/v1\/AUTH_59edd422c0c84a879bd37670ae4f538a\/internal_photos\/bs\/2021\/7\/p\/9v0gSxQbWZAmb45wZkXA\/whatsapp-image-2021-03-31-at-09.11.02-1-.jpeg 640w, https:\/\/s2.glbimg.com\/o1wXmmsenPjCHfTjVq--nkUOI_k=\/0x0:1280x960\/600x0\/smart\/filters:strip_icc()\/i.s3.glbimg.com\/v1\/AUTH_59edd422c0c84a879bd37670ae4f538a\/internal_photos\/bs\/2021\/7\/p\/9v0gSxQbWZAmb45wZkXA\/whatsapp-image-2021-03-31-at-09.11.02-1-.jpeg 600w\" alt=\"Viaturas da Pol\u00edcia Civil s\u00e3o danificadas por inc\u00eandio em Dracena \u2014 Foto: Mariane Santos\/TV Fronteira\" \/><\/figure>\n<\/div>\n<p class=\"content-media__description \">Viaturas da Pol\u00edcia Civil s\u00e3o danificadas por inc\u00eandio em Dracena \u2014 Foto: Mariane Santos\/TV Fronteira<\/p>\n<\/div>\n<\/div>\n<div class=\"row medium-uncollapsed content-media content-photo\" style=\"text-align: justify;\" data-block-type=\"backstage-photo\" data-block-id=\"14\">\n<div class=\"mc-column content-media__container\">\n<div class=\"content-media-container glb-skeleton-box\">\n<figure class=\"content-media-figure\"><img decoding=\"async\" class=\"i-amphtml-fill-content i-amphtml-replaced-content\" src=\"https:\/\/s2.glbimg.com\/Ifi_HqonYsAshrQZf9TVoG0Dg_g=\/0x0:1280x960\/984x0\/smart\/filters:strip_icc()\/i.s3.glbimg.com\/v1\/AUTH_59edd422c0c84a879bd37670ae4f538a\/internal_photos\/bs\/2021\/A\/N\/2ibqjjQoyCkA2fmkVWRw\/whatsapp-image-2021-03-31-at-09.11.02.jpeg\" sizes=\"(max-width: 1366px) 648px, 100vw\" srcset=\"https:\/\/s2.glbimg.com\/e6hfISzUFb2zKbxxDjTpX0JXc18=\/0x0:1280x960\/1000x0\/smart\/filters:strip_icc()\/i.s3.glbimg.com\/v1\/AUTH_59edd422c0c84a879bd37670ae4f538a\/internal_photos\/bs\/2021\/A\/N\/2ibqjjQoyCkA2fmkVWRw\/whatsapp-image-2021-03-31-at-09.11.02.jpeg 1000w, https:\/\/s2.glbimg.com\/Ifi_HqonYsAshrQZf9TVoG0Dg_g=\/0x0:1280x960\/984x0\/smart\/filters:strip_icc()\/i.s3.glbimg.com\/v1\/AUTH_59edd422c0c84a879bd37670ae4f538a\/internal_photos\/bs\/2021\/A\/N\/2ibqjjQoyCkA2fmkVWRw\/whatsapp-image-2021-03-31-at-09.11.02.jpeg 984w, https:\/\/s2.glbimg.com\/qlTVFznTMPrTVKvVfWmX5_j_6aY=\/0x0:1280x960\/640x0\/smart\/filters:strip_icc()\/i.s3.glbimg.com\/v1\/AUTH_59edd422c0c84a879bd37670ae4f538a\/internal_photos\/bs\/2021\/A\/N\/2ibqjjQoyCkA2fmkVWRw\/whatsapp-image-2021-03-31-at-09.11.02.jpeg 640w, https:\/\/s2.glbimg.com\/Xzmy3H58hn0HT_stNgKGCLV-KfI=\/0x0:1280x960\/600x0\/smart\/filters:strip_icc()\/i.s3.glbimg.com\/v1\/AUTH_59edd422c0c84a879bd37670ae4f538a\/internal_photos\/bs\/2021\/A\/N\/2ibqjjQoyCkA2fmkVWRw\/whatsapp-image-2021-03-31-at-09.11.02.jpeg 600w\" alt=\"Viaturas da Pol\u00edcia Civil s\u00e3o danificadas por inc\u00eandio em Dracena \u2014 Foto: Mariane Santos\/ TV Fronteira\" \/><\/figure>\n<\/div>\n<p class=\"content-media__description \">Viaturas da Pol\u00edcia Civil s\u00e3o danificadas por inc\u00eandio em Dracena \u2014 Foto: Mariane Santos\/ TV Fronteira<\/p>\n<\/div>\n<\/div>\n<div class=\"row medium-uncollapsed content-media content-photo\" style=\"text-align: justify;\" data-block-type=\"backstage-photo\" data-block-id=\"16\">\n<div class=\"mc-column content-media__container\">\n<div class=\"content-media-container glb-skeleton-box\">\n<figure class=\"content-media-figure\"><img decoding=\"async\" class=\"i-amphtml-fill-content i-amphtml-replaced-content\" src=\"https:\/\/s2.glbimg.com\/xWH4wH5DTsU6TcKPG3xhQnkY0TQ=\/0x0:1280x960\/984x0\/smart\/filters:strip_icc()\/i.s3.glbimg.com\/v1\/AUTH_59edd422c0c84a879bd37670ae4f538a\/internal_photos\/bs\/2021\/W\/O\/ai4xfuQcebdfqwLsancA\/whatsapp-image-2021-03-31-at-09.11.03-1-.jpeg\" sizes=\"(max-width: 1366px) 648px, 100vw\" srcset=\"https:\/\/s2.glbimg.com\/S4-AO1tRYkfU9UjwcHEN2aQjUps=\/0x0:1280x960\/1000x0\/smart\/filters:strip_icc()\/i.s3.glbimg.com\/v1\/AUTH_59edd422c0c84a879bd37670ae4f538a\/internal_photos\/bs\/2021\/W\/O\/ai4xfuQcebdfqwLsancA\/whatsapp-image-2021-03-31-at-09.11.03-1-.jpeg 1000w, https:\/\/s2.glbimg.com\/xWH4wH5DTsU6TcKPG3xhQnkY0TQ=\/0x0:1280x960\/984x0\/smart\/filters:strip_icc()\/i.s3.glbimg.com\/v1\/AUTH_59edd422c0c84a879bd37670ae4f538a\/internal_photos\/bs\/2021\/W\/O\/ai4xfuQcebdfqwLsancA\/whatsapp-image-2021-03-31-at-09.11.03-1-.jpeg 984w, https:\/\/s2.glbimg.com\/313peONCMNfWsL0pzokONq5-vOo=\/0x0:1280x960\/640x0\/smart\/filters:strip_icc()\/i.s3.glbimg.com\/v1\/AUTH_59edd422c0c84a879bd37670ae4f538a\/internal_photos\/bs\/2021\/W\/O\/ai4xfuQcebdfqwLsancA\/whatsapp-image-2021-03-31-at-09.11.03-1-.jpeg 640w, https:\/\/s2.glbimg.com\/CzcbZ75Aj7BSij7D7dVH-IzEiQI=\/0x0:1280x960\/600x0\/smart\/filters:strip_icc()\/i.s3.glbimg.com\/v1\/AUTH_59edd422c0c84a879bd37670ae4f538a\/internal_photos\/bs\/2021\/W\/O\/ai4xfuQcebdfqwLsancA\/whatsapp-image-2021-03-31-at-09.11.03-1-.jpeg 600w\" alt=\"Viaturas da Pol\u00edcia Civil s\u00e3o danificadas por inc\u00eandio em Dracena \u2014 Foto: Mariane Santos\/TV Fronteira\" \/><\/figure>\n<\/div>\n<p class=\"content-media__description \">Viaturas da Pol\u00edcia Civil s\u00e3o danificadas por inc\u00eandio em Dracena \u2014 Foto: Mariane Santos\/TV Fronteira<\/p>\n<\/div>\n<\/div>\n<div class=\"row medium-uncollapsed content-media content-photo\" style=\"text-align: justify;\" data-block-type=\"backstage-photo\" data-block-id=\"17\">\n<div class=\"mc-column content-media__container\">\n<div class=\"content-media-container glb-skeleton-box\">\n<figure class=\"content-media-figure\"><img decoding=\"async\" class=\"i-amphtml-fill-content i-amphtml-replaced-content\" src=\"https:\/\/s2.glbimg.com\/Ptwb6MLGJDYYikHm1I057vpfYq8=\/0x0:1032x774\/984x0\/smart\/filters:strip_icc()\/i.s3.glbimg.com\/v1\/AUTH_59edd422c0c84a879bd37670ae4f538a\/internal_photos\/bs\/2021\/Y\/r\/pR8wBVQkm3fPbjRNBp9A\/whatsapp-image-2021-03-31-at-09.11.04-1-.jpeg\" sizes=\"(max-width: 1366px) 648px, 100vw\" srcset=\"https:\/\/s2.glbimg.com\/fq8F7IBn-db5ql5lNHrvOAFEI5g=\/0x0:1032x774\/1000x0\/smart\/filters:strip_icc()\/i.s3.glbimg.com\/v1\/AUTH_59edd422c0c84a879bd37670ae4f538a\/internal_photos\/bs\/2021\/Y\/r\/pR8wBVQkm3fPbjRNBp9A\/whatsapp-image-2021-03-31-at-09.11.04-1-.jpeg 1000w, https:\/\/s2.glbimg.com\/Ptwb6MLGJDYYikHm1I057vpfYq8=\/0x0:1032x774\/984x0\/smart\/filters:strip_icc()\/i.s3.glbimg.com\/v1\/AUTH_59edd422c0c84a879bd37670ae4f538a\/internal_photos\/bs\/2021\/Y\/r\/pR8wBVQkm3fPbjRNBp9A\/whatsapp-image-2021-03-31-at-09.11.04-1-.jpeg 984w, https:\/\/s2.glbimg.com\/jsa3OcqUiaIXHeLFAMzJzn1XHr4=\/0x0:1032x774\/640x0\/smart\/filters:strip_icc()\/i.s3.glbimg.com\/v1\/AUTH_59edd422c0c84a879bd37670ae4f538a\/internal_photos\/bs\/2021\/Y\/r\/pR8wBVQkm3fPbjRNBp9A\/whatsapp-image-2021-03-31-at-09.11.04-1-.jpeg 640w, https:\/\/s2.glbimg.com\/VQlIozImBEZar-mzAlbXGB8Z0UM=\/0x0:1032x774\/600x0\/smart\/filters:strip_icc()\/i.s3.glbimg.com\/v1\/AUTH_59edd422c0c84a879bd37670ae4f538a\/internal_photos\/bs\/2021\/Y\/r\/pR8wBVQkm3fPbjRNBp9A\/whatsapp-image-2021-03-31-at-09.11.04-1-.jpeg 600w\" alt=\"Viaturas da Pol\u00edcia Civil s\u00e3o danificadas por inc\u00eandio em Dracena \u2014 Foto: Mariane Santos\/TV Fronteira\" \/><\/figure>\n<\/div>\n<p class=\"content-media__description \">Viaturas da Pol\u00edcia Civil s\u00e3o danificadas por inc\u00eandio em Dracena \u2014 Foto: Mariane Santos\/TV Fronteira<\/p>\n<\/div>\n<\/div>\n<div class=\"row medium-uncollapsed content-media content-photo\" data-block-type=\"backstage-photo\" data-block-id=\"18\">\n<div class=\"mc-column content-media__container\">\n<div class=\"content-media-container glb-skeleton-box\" style=\"text-align: justify;\">\n<figure class=\"content-media-figure\"><img decoding=\"async\" class=\"i-amphtml-fill-content i-amphtml-replaced-content\" src=\"https:\/\/s2.glbimg.com\/ifXqm7VLwWImx2EEWDjV0w8VIIQ=\/0x0:1280x960\/984x0\/smart\/filters:strip_icc()\/i.s3.glbimg.com\/v1\/AUTH_59edd422c0c84a879bd37670ae4f538a\/internal_photos\/bs\/2021\/O\/5\/SlK1sOQk6FReaHuguHOw\/whatsapp-image-2021-03-31-at-09.11.04.jpeg\" sizes=\"(max-width: 1366px) 648px, 100vw\" srcset=\"https:\/\/s2.glbimg.com\/H4pPhb_NWff1CtVsQK-jUjilJoY=\/0x0:1280x960\/1000x0\/smart\/filters:strip_icc()\/i.s3.glbimg.com\/v1\/AUTH_59edd422c0c84a879bd37670ae4f538a\/internal_photos\/bs\/2021\/O\/5\/SlK1sOQk6FReaHuguHOw\/whatsapp-image-2021-03-31-at-09.11.04.jpeg 1000w, https:\/\/s2.glbimg.com\/ifXqm7VLwWImx2EEWDjV0w8VIIQ=\/0x0:1280x960\/984x0\/smart\/filters:strip_icc()\/i.s3.glbimg.com\/v1\/AUTH_59edd422c0c84a879bd37670ae4f538a\/internal_photos\/bs\/2021\/O\/5\/SlK1sOQk6FReaHuguHOw\/whatsapp-image-2021-03-31-at-09.11.04.jpeg 984w, https:\/\/s2.glbimg.com\/h4XAS_Y0keUTsEJGY6JH7nvkZbg=\/0x0:1280x960\/640x0\/smart\/filters:strip_icc()\/i.s3.glbimg.com\/v1\/AUTH_59edd422c0c84a879bd37670ae4f538a\/internal_photos\/bs\/2021\/O\/5\/SlK1sOQk6FReaHuguHOw\/whatsapp-image-2021-03-31-at-09.11.04.jpeg 640w, https:\/\/s2.glbimg.com\/mWYSjAUA1YmtCwtlyYiUaSV6hAw=\/0x0:1280x960\/600x0\/smart\/filters:strip_icc()\/i.s3.glbimg.com\/v1\/AUTH_59edd422c0c84a879bd37670ae4f538a\/internal_photos\/bs\/2021\/O\/5\/SlK1sOQk6FReaHuguHOw\/whatsapp-image-2021-03-31-at-09.11.04.jpeg 600w\" alt=\"Viaturas da Pol\u00edcia Civil s\u00e3o danificadas por inc\u00eandio em Dracena \u2014 Foto: Mariane Santos\/TV Fronteira\" \/><\/figure>\n<\/div>\n<p class=\"content-media__description \" style=\"text-align: justify;\">Viaturas da Pol\u00edcia Civil s\u00e3o danificadas por inc\u00eandio em Dracena \u2014 Foto: Mariane Santos\/TV Fronteira<\/p>\n<div class=\"row medium-uncollapsed content-media content-photo\" style=\"text-align: justify;\" data-block-type=\"backstage-photo\" data-block-id=\"20\">\n<div class=\"mc-column content-media__container\">\n<div class=\"content-media-container glb-skeleton-box\">\n<figure class=\"content-media-figure\"><img decoding=\"async\" class=\"i-amphtml-fill-content i-amphtml-replaced-content\" src=\"https:\/\/s2.glbimg.com\/k1k0qrcaWnYqhDsfQnkzFhykDIg=\/0x0:1032x774\/984x0\/smart\/filters:strip_icc()\/i.s3.glbimg.com\/v1\/AUTH_59edd422c0c84a879bd37670ae4f538a\/internal_photos\/bs\/2021\/P\/L\/19QMRnRPqAPdRv4ayJDg\/whatsapp-image-2021-03-31-at-09.11.05-1-.jpeg\" sizes=\"(max-width: 1366px) 648px, 100vw\" srcset=\"https:\/\/s2.glbimg.com\/abfwai8EyCM77GiMkrsml_lLZQk=\/0x0:1032x774\/1000x0\/smart\/filters:strip_icc()\/i.s3.glbimg.com\/v1\/AUTH_59edd422c0c84a879bd37670ae4f538a\/internal_photos\/bs\/2021\/P\/L\/19QMRnRPqAPdRv4ayJDg\/whatsapp-image-2021-03-31-at-09.11.05-1-.jpeg 1000w, https:\/\/s2.glbimg.com\/k1k0qrcaWnYqhDsfQnkzFhykDIg=\/0x0:1032x774\/984x0\/smart\/filters:strip_icc()\/i.s3.glbimg.com\/v1\/AUTH_59edd422c0c84a879bd37670ae4f538a\/internal_photos\/bs\/2021\/P\/L\/19QMRnRPqAPdRv4ayJDg\/whatsapp-image-2021-03-31-at-09.11.05-1-.jpeg 984w, https:\/\/s2.glbimg.com\/7oR09MVnrLSC1BEtzks8pjJ_FSU=\/0x0:1032x774\/640x0\/smart\/filters:strip_icc()\/i.s3.glbimg.com\/v1\/AUTH_59edd422c0c84a879bd37670ae4f538a\/internal_photos\/bs\/2021\/P\/L\/19QMRnRPqAPdRv4ayJDg\/whatsapp-image-2021-03-31-at-09.11.05-1-.jpeg 640w, https:\/\/s2.glbimg.com\/25MglxMY8ztXBMlXitKLry9bPHs=\/0x0:1032x774\/600x0\/smart\/filters:strip_icc()\/i.s3.glbimg.com\/v1\/AUTH_59edd422c0c84a879bd37670ae4f538a\/internal_photos\/bs\/2021\/P\/L\/19QMRnRPqAPdRv4ayJDg\/whatsapp-image-2021-03-31-at-09.11.05-1-.jpeg 600w\" alt=\"Viaturas da Pol\u00edcia Civil s\u00e3o danificadas por inc\u00eandio em Dracena \u2014 Foto: Mariane Santos\/TV Fronteira\" \/><\/figure>\n<\/div>\n<p class=\"content-media__description \">Viaturas da Pol\u00edcia Civil s\u00e3o danificadas por inc\u00eandio em Dracena \u2014 Foto: Mariane Santos\/TV Fronteira<\/p>\n<\/div>\n<\/div>\n<div class=\"row medium-uncollapsed content-media content-photo\" style=\"text-align: justify;\" data-block-type=\"backstage-photo\" data-block-id=\"21\">\n<div class=\"mc-column content-media__container\">\n<div class=\"content-media-container glb-skeleton-box\">\n<figure class=\"content-media-figure\"><img decoding=\"async\" class=\"i-amphtml-fill-content i-amphtml-replaced-content\" src=\"https:\/\/s2.glbimg.com\/W0Pcg1CgllTs17iEXYz20dNlSKM=\/0x0:1032x774\/984x0\/smart\/filters:strip_icc()\/i.s3.glbimg.com\/v1\/AUTH_59edd422c0c84a879bd37670ae4f538a\/internal_photos\/bs\/2021\/E\/B\/D5EjN0TF6rsgpdD6jXXQ\/whatsapp-image-2021-03-31-at-09.11.05-2-.jpeg\" sizes=\"(max-width: 1366px) 648px, 100vw\" srcset=\"https:\/\/s2.glbimg.com\/KSzCTPBxAV3GKaT5rhxawYAxHhs=\/0x0:1032x774\/1000x0\/smart\/filters:strip_icc()\/i.s3.glbimg.com\/v1\/AUTH_59edd422c0c84a879bd37670ae4f538a\/internal_photos\/bs\/2021\/E\/B\/D5EjN0TF6rsgpdD6jXXQ\/whatsapp-image-2021-03-31-at-09.11.05-2-.jpeg 1000w, https:\/\/s2.glbimg.com\/W0Pcg1CgllTs17iEXYz20dNlSKM=\/0x0:1032x774\/984x0\/smart\/filters:strip_icc()\/i.s3.glbimg.com\/v1\/AUTH_59edd422c0c84a879bd37670ae4f538a\/internal_photos\/bs\/2021\/E\/B\/D5EjN0TF6rsgpdD6jXXQ\/whatsapp-image-2021-03-31-at-09.11.05-2-.jpeg 984w, https:\/\/s2.glbimg.com\/ZDoZwDYzcowV73psobsXAW1pvQ0=\/0x0:1032x774\/640x0\/smart\/filters:strip_icc()\/i.s3.glbimg.com\/v1\/AUTH_59edd422c0c84a879bd37670ae4f538a\/internal_photos\/bs\/2021\/E\/B\/D5EjN0TF6rsgpdD6jXXQ\/whatsapp-image-2021-03-31-at-09.11.05-2-.jpeg 640w, https:\/\/s2.glbimg.com\/ZyiVnmsRTwuoA91k1J7262meEPw=\/0x0:1032x774\/600x0\/smart\/filters:strip_icc()\/i.s3.glbimg.com\/v1\/AUTH_59edd422c0c84a879bd37670ae4f538a\/internal_photos\/bs\/2021\/E\/B\/D5EjN0TF6rsgpdD6jXXQ\/whatsapp-image-2021-03-31-at-09.11.05-2-.jpeg 600w\" alt=\"Viaturas da Pol\u00edcia Civil s\u00e3o danificadas por inc\u00eandio em Dracena \u2014 Foto: Mariane Santos\/TV Fronteira\" \/><\/figure>\n<\/div>\n<p class=\"content-media__description \">Viaturas da Pol\u00edcia Civil s\u00e3o danificadas por inc\u00eandio em Dracena \u2014 Foto: Mariane Santos\/TV Fronteira<\/p>\n<\/div>\n<\/div>\n<div class=\"row medium-uncollapsed content-media content-photo\" style=\"text-align: justify;\" data-block-type=\"backstage-photo\" data-block-id=\"22\">\n<div class=\"mc-column content-media__container\">\n<div class=\"content-media-container glb-skeleton-box\">\n<figure class=\"content-media-figure\"><img decoding=\"async\" class=\"i-amphtml-fill-content i-amphtml-replaced-content\" src=\"https:\/\/s2.glbimg.com\/NCv2oGMLbJcI4daEXWKeBNVBBbs=\/0x0:1032x774\/984x0\/smart\/filters:strip_icc()\/i.s3.glbimg.com\/v1\/AUTH_59edd422c0c84a879bd37670ae4f538a\/internal_photos\/bs\/2021\/u\/0\/wfPmooSXmQAvJ3xz16vQ\/whatsapp-image-2021-03-31-at-09.11.05-3-.jpeg\" sizes=\"(max-width: 1366px) 648px, 100vw\" srcset=\"https:\/\/s2.glbimg.com\/IP0dWUQwT2emS40PI3R3W04i29c=\/0x0:1032x774\/1000x0\/smart\/filters:strip_icc()\/i.s3.glbimg.com\/v1\/AUTH_59edd422c0c84a879bd37670ae4f538a\/internal_photos\/bs\/2021\/u\/0\/wfPmooSXmQAvJ3xz16vQ\/whatsapp-image-2021-03-31-at-09.11.05-3-.jpeg 1000w, https:\/\/s2.glbimg.com\/NCv2oGMLbJcI4daEXWKeBNVBBbs=\/0x0:1032x774\/984x0\/smart\/filters:strip_icc()\/i.s3.glbimg.com\/v1\/AUTH_59edd422c0c84a879bd37670ae4f538a\/internal_photos\/bs\/2021\/u\/0\/wfPmooSXmQAvJ3xz16vQ\/whatsapp-image-2021-03-31-at-09.11.05-3-.jpeg 984w, https:\/\/s2.glbimg.com\/XQHB-9JnoNNagS3-ExBuxIJf3G4=\/0x0:1032x774\/640x0\/smart\/filters:strip_icc()\/i.s3.glbimg.com\/v1\/AUTH_59edd422c0c84a879bd37670ae4f538a\/internal_photos\/bs\/2021\/u\/0\/wfPmooSXmQAvJ3xz16vQ\/whatsapp-image-2021-03-31-at-09.11.05-3-.jpeg 640w, https:\/\/s2.glbimg.com\/bxhAMQVSLH2LmDHpvgLG1ljxDbQ=\/0x0:1032x774\/600x0\/smart\/filters:strip_icc()\/i.s3.glbimg.com\/v1\/AUTH_59edd422c0c84a879bd37670ae4f538a\/internal_photos\/bs\/2021\/u\/0\/wfPmooSXmQAvJ3xz16vQ\/whatsapp-image-2021-03-31-at-09.11.05-3-.jpeg 600w\" alt=\"Viaturas da Pol\u00edcia Civil s\u00e3o danificadas por inc\u00eandio em Dracena \u2014 Foto: Mariane Santos\/TV Fronteira\" \/><\/figure>\n<\/div>\n<p class=\"content-media__description \">Viaturas da Pol\u00edcia Civil s\u00e3o danificadas por inc\u00eandio em Dracena \u2014 Foto: Mariane Santos\/TV Fronteira<\/p>\n<\/div>\n<\/div>\n<div class=\"row medium-uncollapsed content-media content-photo\" style=\"text-align: justify;\" data-block-type=\"backstage-photo\" data-block-id=\"24\">\n<div class=\"mc-column content-media__container\">\n<div class=\"content-media-container glb-skeleton-box\">\n<figure class=\"content-media-figure\"><img decoding=\"async\" class=\"i-amphtml-fill-content i-amphtml-replaced-content\" src=\"https:\/\/s2.glbimg.com\/iR0PEeIH_7T2B0z9spO0jOqvzr8=\/0x0:1032x774\/984x0\/smart\/filters:strip_icc()\/i.s3.glbimg.com\/v1\/AUTH_59edd422c0c84a879bd37670ae4f538a\/internal_photos\/bs\/2021\/7\/2\/zLgTiFQceUxTGPAOUuMg\/whatsapp-image-2021-03-31-at-09.11.05.jpeg\" sizes=\"(max-width: 1366px) 648px, 100vw\" srcset=\"https:\/\/s2.glbimg.com\/Jm3D1UH8YjK_oyZFeGLDj_NMX8o=\/0x0:1032x774\/1000x0\/smart\/filters:strip_icc()\/i.s3.glbimg.com\/v1\/AUTH_59edd422c0c84a879bd37670ae4f538a\/internal_photos\/bs\/2021\/7\/2\/zLgTiFQceUxTGPAOUuMg\/whatsapp-image-2021-03-31-at-09.11.05.jpeg 1000w, https:\/\/s2.glbimg.com\/iR0PEeIH_7T2B0z9spO0jOqvzr8=\/0x0:1032x774\/984x0\/smart\/filters:strip_icc()\/i.s3.glbimg.com\/v1\/AUTH_59edd422c0c84a879bd37670ae4f538a\/internal_photos\/bs\/2021\/7\/2\/zLgTiFQceUxTGPAOUuMg\/whatsapp-image-2021-03-31-at-09.11.05.jpeg 984w, https:\/\/s2.glbimg.com\/K2CHmZFXl18iTC2VJpSBo53MN7Q=\/0x0:1032x774\/640x0\/smart\/filters:strip_icc()\/i.s3.glbimg.com\/v1\/AUTH_59edd422c0c84a879bd37670ae4f538a\/internal_photos\/bs\/2021\/7\/2\/zLgTiFQceUxTGPAOUuMg\/whatsapp-image-2021-03-31-at-09.11.05.jpeg 640w, https:\/\/s2.glbimg.com\/8BrqqLMr4KTFzZ8GD2xKoAt59Y8=\/0x0:1032x774\/600x0\/smart\/filters:strip_icc()\/i.s3.glbimg.com\/v1\/AUTH_59edd422c0c84a879bd37670ae4f538a\/internal_photos\/bs\/2021\/7\/2\/zLgTiFQceUxTGPAOUuMg\/whatsapp-image-2021-03-31-at-09.11.05.jpeg 600w\" alt=\"Viaturas da Pol\u00edcia Civil s\u00e3o danificadas por inc\u00eandio em Dracena \u2014 Foto: Mariane Santos\/TV Fronteira\" \/><\/figure>\n<\/div>\n<p class=\"content-media__description \">Viaturas da Pol\u00edcia Civil s\u00e3o danificadas por inc\u00eandio em Dracena \u2014 Foto: Mariane Santos\/TV Fronteira<\/p>\n<\/div>\n<\/div>\n<div class=\"row medium-uncollapsed content-media content-photo\" data-block-type=\"backstage-photo\" data-block-id=\"25\">\n<div class=\"mc-column content-media__container\">\n<div class=\"content-media-container glb-skeleton-box\" style=\"text-align: justify;\">\n<figure class=\"content-media-figure\"><img decoding=\"async\" class=\"i-amphtml-fill-content i-amphtml-replaced-content\" src=\"https:\/\/s2.glbimg.com\/oS4TgeqD8AKF5ip_XTVPvpqdMZ0=\/0x0:1032x774\/984x0\/smart\/filters:strip_icc()\/i.s3.glbimg.com\/v1\/AUTH_59edd422c0c84a879bd37670ae4f538a\/internal_photos\/bs\/2021\/N\/v\/pAR1YjT4CJ7TXEqt6d0w\/whatsapp-image-2021-03-31-at-09.11.06.jpeg\" sizes=\"(max-width: 1366px) 648px, 100vw\" srcset=\"https:\/\/s2.glbimg.com\/2xXXD4jUXICUr-MMTAbwkPlkqTk=\/0x0:1032x774\/1000x0\/smart\/filters:strip_icc()\/i.s3.glbimg.com\/v1\/AUTH_59edd422c0c84a879bd37670ae4f538a\/internal_photos\/bs\/2021\/N\/v\/pAR1YjT4CJ7TXEqt6d0w\/whatsapp-image-2021-03-31-at-09.11.06.jpeg 1000w, https:\/\/s2.glbimg.com\/oS4TgeqD8AKF5ip_XTVPvpqdMZ0=\/0x0:1032x774\/984x0\/smart\/filters:strip_icc()\/i.s3.glbimg.com\/v1\/AUTH_59edd422c0c84a879bd37670ae4f538a\/internal_photos\/bs\/2021\/N\/v\/pAR1YjT4CJ7TXEqt6d0w\/whatsapp-image-2021-03-31-at-09.11.06.jpeg 984w, https:\/\/s2.glbimg.com\/Zl4jVogfcZAbxKIdlpq6HpmB5C0=\/0x0:1032x774\/640x0\/smart\/filters:strip_icc()\/i.s3.glbimg.com\/v1\/AUTH_59edd422c0c84a879bd37670ae4f538a\/internal_photos\/bs\/2021\/N\/v\/pAR1YjT4CJ7TXEqt6d0w\/whatsapp-image-2021-03-31-at-09.11.06.jpeg 640w, https:\/\/s2.glbimg.com\/ZOaoFWI6NNmvuvexdrTLbm9Sm50=\/0x0:1032x774\/600x0\/smart\/filters:strip_icc()\/i.s3.glbimg.com\/v1\/AUTH_59edd422c0c84a879bd37670ae4f538a\/internal_photos\/bs\/2021\/N\/v\/pAR1YjT4CJ7TXEqt6d0w\/whatsapp-image-2021-03-31-at-09.11.06.jpeg 600w\" alt=\"Viaturas da Pol\u00edcia Civil s\u00e3o danificadas por inc\u00eandio em Dracena \u2014 Foto: Mariane Santos\/TV Fronteira\" \/><\/figure>\n<\/div>\n<p class=\"content-media__description \" style=\"text-align: justify;\">Viaturas da Pol\u00edcia Civil s\u00e3o danificadas por inc\u00eandio em Dracena \u2014 Foto: Mariane Santos\/TV Fronteira<\/p>\n<p style=\"text-align: justify;\">Fonte: G1<\/p>\n<\/div>\n<\/div>\n<\/div>\n<\/div>\n<\/div>\n","protected":false},"excerpt":{"rendered":"<p>Ve\u00edculos estavam estacionados e foram atingidos pelo fogo na madrugada desta quarta-feira (31). Caso ser\u00e1 apurado pela corpora\u00e7\u00e3o. Tr\u00eas viaturas da Pol\u00edcia Civil, sendo uma caracterizada e duas descaracterizadas, foram danificadas por um inc\u00eandio, na madrugada desta quarta-feira (31). Os ve\u00edculos estavam estacionados no P\u00e1tio da Delegacia de\u00a0Dracena (SP). Por volta das 2h ocorreu um [&hellip;]<\/p>\n","protected":false},"author":1,"featured_media":45525,"comment_status":"closed","ping_status":"open","sticky":false,"template":"","format":"standard","meta":{"footnotes":""},"categories":[110,2],"tags":[],"class_list":["post-45524","post","type-post","status-publish","format-standard","has-post-thumbnail","hentry","category-noticiasdestaque","category-policial"],"_links":{"self":[{"href":"https:\/\/jorgezanoni.com.br\/2019\/wp-json\/wp\/v2\/posts\/45524","targetHints":{"allow":["GET"]}}],"collection":[{"href":"https:\/\/jorgezanoni.com.br\/2019\/wp-json\/wp\/v2\/posts"}],"about":[{"href":"https:\/\/jorgezanoni.com.br\/2019\/wp-json\/wp\/v2\/types\/post"}],"author":[{"embeddable":true,"href":"https:\/\/jorgezanoni.com.br\/2019\/wp-json\/wp\/v2\/users\/1"}],"replies":[{"embeddable":true,"href":"https:\/\/jorgezanoni.com.br\/2019\/wp-json\/wp\/v2\/comments?post=45524"}],"version-history":[{"count":0,"href":"https:\/\/jorgezanoni.com.br\/2019\/wp-json\/wp\/v2\/posts\/45524\/revisions"}],"wp:featuredmedia":[{"embeddable":true,"href":"https:\/\/jorgezanoni.com.br\/2019\/wp-json\/wp\/v2\/media\/45525"}],"wp:attachment":[{"href":"https:\/\/jorgezanoni.com.br\/2019\/wp-json\/wp\/v2\/media?parent=45524"}],"wp:term":[{"taxonomy":"category","embeddable":true,"href":"https:\/\/jorgezanoni.com.br\/2019\/wp-json\/wp\/v2\/categories?post=45524"},{"taxonomy":"post_tag","embeddable":true,"href":"https:\/\/jorgezanoni.com.br\/2019\/wp-json\/wp\/v2\/tags?post=45524"}],"curies":[{"name":"wp","href":"https:\/\/api.w.org\/{rel}","templated":true}]}}